{"id":1201461,"date":"2026-07-29T16:39:20","date_gmt":"2026-07-29T16:39:20","guid":{"rendered":"https:\/\/www.europesays.com\/de\/1201461\/"},"modified":"2026-07-29T16:39:20","modified_gmt":"2026-07-29T16:39:20","slug":"appell-gegen-rechtsruck-plakataktion-bei-alsdorfer-unternehmen-soll-wachruetteln-kreis-altenkirchen","status":"publish","type":"post","link":"https:\/\/www.europesays.com\/de\/1201461\/","title":{"rendered":"Appell gegen Rechtsruck: Plakataktion bei Alsdorfer Unternehmen soll wachr\u00fctteln &#8211; Kreis Altenkirchen"},"content":{"rendered":"<p>Durch Angabe meiner E-Mail-Adresse und Anklicken\/Antippen des Buttons \u201eNewsletter abonnieren\u201c erkl\u00e4re ich mich damit einverstanden, dass die Mittelrhein-Verlag GmbH mir regelm\u00e4\u00dfig den oben genannten redaktionellen Newsletter per E-Mail zuschickt. Meine Einwilligung kann ich jederzeit gegen\u00fcber <a href=\"https:\/\/www.rhein-zeitung.de\/lokales\/kreis-altenkirchen\/mailto:datenschutz@rhein-zeitung.net\" rel=\"nofollow noopener\" target=\"_blank\">datenschutz@rhein-zeitung.net<\/a> widerrufen.<\/p>\n<p>Ich m\u00f6chte auf mich zugeschnittene Informationen per E-Mail erhalten und willige ein, dass mein \u00d6ffnungs- und Klickverhalten analysiert und ein personenbezogenes Nutzungsprofil erstellt wird. Weitere Informationen zu der Protokollierung Ihrer Anmeldung, der statistischen Auswertung, dem Versandverfahren sowie Ihren Abbestellm\u00f6glichkeiten (Widerruf), erhalten Sie in unserer <a href=\"https:\/\/www.rhein-zeitung.de\/datenschutzerklaerung\" target=\"_self\" rel=\"nofollow noopener\">Datenschutzerkl\u00e4rung<\/a>.<\/p>\n","protected":false},"excerpt":{"rendered":"Durch Angabe meiner E-Mail-Adresse und Anklicken\/Antippen des Buttons \u201eNewsletter abonnieren\u201c erkl\u00e4re ich mich damit einverstanden, dass die Mittelrhein-Verlag&hellip;\n","protected":false},"author":2,"featured_media":1201462,"comment_status":"","ping_status":"","sticky":false,"template":"","format":"standard","meta":{"footnotes":"","_share_on_mastodon":"0"},"categories":[1853],"tags":[1424,18026,3364,29,548,663,3934,30,13,14,15,1209,12,4845],"class_list":["post-1201461","post","type-post","status-publish","format-standard","has-post-thumbnail","category-aachen","tag-aachen","tag-alsdorf","tag-de","tag-deutschland","tag-eu","tag-europa","tag-europe","tag-germany","tag-headlines","tag-nachrichten","tag-news","tag-nordrhein-westfalen","tag-schlagzeilen","tag-zeitgeschichte"],"share_on_mastodon":{"url":"https:\/\/pubeurope.com\/@de\/117004256207545001","error":""},"_links":{"self":[{"href":"https:\/\/www.europesays.com\/de\/wp-json\/wp\/v2\/posts\/1201461","targetHints":{"allow":["GET"]}}],"collection":[{"href":"https:\/\/www.europesays.com\/de\/wp-json\/wp\/v2\/posts"}],"about":[{"href":"https:\/\/www.europesays.com\/de\/wp-json\/wp\/v2\/types\/post"}],"author":[{"embeddable":true,"href":"https:\/\/www.europesays.com\/de\/wp-json\/wp\/v2\/users\/2"}],"replies":[{"embeddable":true,"href":"https:\/\/www.europesays.com\/de\/wp-json\/wp\/v2\/comments?post=1201461"}],"version-history":[{"count":0,"href":"https:\/\/www.europesays.com\/de\/wp-json\/wp\/v2\/posts\/1201461\/revisions"}],"wp:featuredmedia":[{"embeddable":true,"href":"https:\/\/www.europesays.com\/de\/wp-json\/wp\/v2\/media\/1201462"}],"wp:attachment":[{"href":"https:\/\/www.europesays.com\/de\/wp-json\/wp\/v2\/media?parent=1201461"}],"wp:term":[{"taxonomy":"category","embeddable":true,"href":"https:\/\/www.europesays.com\/de\/wp-json\/wp\/v2\/categories?post=1201461"},{"taxonomy":"post_tag","embeddable":true,"href":"https:\/\/www.europesays.com\/de\/wp-json\/wp\/v2\/tags?post=1201461"}],"curies":[{"name":"wp","href":"https:\/\/api.w.org\/{rel}","templated":true}]}}