{"id":1201491,"date":"2026-07-29T16:57:19","date_gmt":"2026-07-29T16:57:19","guid":{"rendered":"https:\/\/www.europesays.com\/de\/1201491\/"},"modified":"2026-07-29T16:57:19","modified_gmt":"2026-07-29T16:57:19","slug":"wuelfrath-das-ist-die-hundertwasser-kita-duesseler-tor","status":"publish","type":"post","link":"https:\/\/www.europesays.com\/de\/1201491\/","title":{"rendered":"W\u00fclfrath: Das ist die Hundertwasser-Kita D\u00fcsseler Tor"},"content":{"rendered":"<p class=\"text_ohne_einzug richtext text-em-55 !leading-serif mx-6 desktop:mx-0\">Die Kuppel strahlt in der Sonne, als wache sie \u00fcber alles, was so unter ihr passiert. Und dort herrscht gerade bei gutem Wetter ein reges Treiben: Dann spielen und toben die Kinder der <a href=\"https:\/\/rp-online.de\/thema\/kita\/\" rel=\"nofollow noopener\" target=\"_blank\">Kita<\/a> D\u00fcsseler Tor n\u00e4mlich gerne im Freien auf dem Au\u00dfengel\u00e4nde, erklimmen das Kletterger\u00fcst oder liefern sich ein kleines Rennen mit den Bobbycars. Es wird gelacht und quasi mit der Sonne und der Kuppel um die Wette gestrahlt \u2013 und das nun schon seit 25 Jahren. Das Geb\u00e4ude \u2013 die Kuppel wurde von Friedensreich Hundertwasser selbst entworfen \u2013 ist dabei nicht das Einzige, was Kindergarten und Familienzentrum D\u00fcsseler Tor in Tr\u00e4gerschaft der Evangelisch-reformierten Kirche W\u00fclfrath besonders macht.<\/p>\n","protected":false},"excerpt":{"rendered":"Die Kuppel strahlt in der Sonne, als wache sie \u00fcber alles, was so unter ihr passiert. Und dort&hellip;\n","protected":false},"author":2,"featured_media":1201492,"comment_status":"","ping_status":"","sticky":false,"template":"","format":"standard","meta":{"footnotes":"","_share_on_mastodon":"0"},"categories":[1840],"tags":[6962,3364,29,30,27166,1209,27167,4418],"class_list":["post-1201491","post","type-post","status-publish","format-standard","has-post-thumbnail","category-wuppertal","tag-anna","tag-de","tag-deutschland","tag-germany","tag-mazzalupi","tag-nordrhein-westfalen","tag-wuelfrath","tag-wuppertal"],"share_on_mastodon":{"url":"https:\/\/pubeurope.com\/@de\/117004327170454074","error":""},"_links":{"self":[{"href":"https:\/\/www.europesays.com\/de\/wp-json\/wp\/v2\/posts\/1201491","targetHints":{"allow":["GET"]}}],"collection":[{"href":"https:\/\/www.europesays.com\/de\/wp-json\/wp\/v2\/posts"}],"about":[{"href":"https:\/\/www.europesays.com\/de\/wp-json\/wp\/v2\/types\/post"}],"author":[{"embeddable":true,"href":"https:\/\/www.europesays.com\/de\/wp-json\/wp\/v2\/users\/2"}],"replies":[{"embeddable":true,"href":"https:\/\/www.europesays.com\/de\/wp-json\/wp\/v2\/comments?post=1201491"}],"version-history":[{"count":0,"href":"https:\/\/www.europesays.com\/de\/wp-json\/wp\/v2\/posts\/1201491\/revisions"}],"wp:featuredmedia":[{"embeddable":true,"href":"https:\/\/www.europesays.com\/de\/wp-json\/wp\/v2\/media\/1201492"}],"wp:attachment":[{"href":"https:\/\/www.europesays.com\/de\/wp-json\/wp\/v2\/media?parent=1201491"}],"wp:term":[{"taxonomy":"category","embeddable":true,"href":"https:\/\/www.europesays.com\/de\/wp-json\/wp\/v2\/categories?post=1201491"},{"taxonomy":"post_tag","embeddable":true,"href":"https:\/\/www.europesays.com\/de\/wp-json\/wp\/v2\/tags?post=1201491"}],"curies":[{"name":"wp","href":"https:\/\/api.w.org\/{rel}","templated":true}]}}