{"id":1201644,"date":"2026-07-29T18:31:18","date_gmt":"2026-07-29T18:31:18","guid":{"rendered":"https:\/\/www.europesays.com\/de\/1201644\/"},"modified":"2026-07-29T18:31:18","modified_gmt":"2026-07-29T18:31:18","slug":"ukrainischer-angriff-im-kaspischen-meer-ist-das-schon-ein-krieg-der-grossmaechte","status":"publish","type":"post","link":"https:\/\/www.europesays.com\/de\/1201644\/","title":{"rendered":"Ukrainischer Angriff im Kaspischen Meer: Ist das schon ein Krieg der Gro\u00dfm\u00e4chte?"},"content":{"rendered":"<p>\n                        Die Ukrainer greifen einen iranischen Frachter an, um Russland wehzutun. Wie zwei Kriege sich immer mehr ineinander verschr\u00e4nken.\u2002\n                    <\/p>\n<p>                5 Min.<\/p>\n<p>        <a class=\"z-text-button\" href=\"#comments\" title=\"Kommentare anzeigen\" data-ct-row=\"comments\" data-ct-column=\"false\"><\/p>\n<p>            2 Kommentare<br \/>\n        <\/a><\/p>\n<p>Zusammenfassen<\/p>\n<p>                Schlie\u00dfen<br \/>\n                Artikelzusammenfassung<\/p>\n<p>Ein Beschuss im Kaspischen Meer macht aus einem vermeintlichen Side-Story-Moment pl\u00f6tzlich geopolitischen Prime Time Content. Die Ukraine reklamierte den Angriff auf einen iranischen Frachter mit R\u00fcstungsg\u00fctern f\u00fcr sich, Teheran drohte mit Vergeltung, und Selenskyj schob als Begr\u00fcndung nach, Russland liefere dem Iran inzwischen Satellitenbilder \u2013 ein Upgrade der Milit\u00e4rkooperation, das laut westlichen Geheimdiensthinweisen pr\u00e4zisere Attacken auf US-Basen erm\u00f6glicht habe. Im Iran kursieren seither drei Deutungen wie in einem etwas d\u00fcsteren Talkshow-Panel: Kiew wolle sich bei Trump einschmeicheln, handle als Tool von USA, Israel oder Nato, oder der Schlag sei ein Stellvertreter-Konter im Schatten der Huthi-Angriffe auf saudische Schiffe. Gerade darin liegt der eigentliche Scoop des St\u00fccks: Die bislang halbwegs getrennt behandelten Kriege in der Ukraine und gegen den Iran beginnen sich zu verschr\u00e4nken, nicht nur \u00fcber Drohnen und Tech-Transfers, sondern \u00fcber Signale, Abschreckung und die Logik des Proxy War. Zwar sprechen beide Seiten nun \u00fcber Deeskalation, doch weil Teheran weder eine zweite Front gebrauchen kann noch Gesichtsverlust riskieren will, bleibt der tote Seemann auf dem Frachter ein Menetekel f\u00fcr das Eskalationspotenzial dieser neuen Konfliktachse.<\/p>\n<p>                Diese Zusammenfassung wurde mithilfe von K\u00fcnstlicher Intelligenz erstellt. Vereinzelt kann es dabei zu Fehlern kommen.<\/p>\n<p class=\"summy__feedback-paragraph\">Fanden Sie die Zusammenfassung hilfreich? <\/p>\n<p>                        Gef\u00e4llt mir<\/p>\n<p>                        Gef\u00e4llt mir<\/p>\n<p>                        Gef\u00e4llt mir nicht<\/p>\n<p>                        Gef\u00e4llt mir nicht<\/p>\n<p>                        Send<\/p>\n<p>            <img decoding=\"async\" class=\"article__media-item\" src=\"https:\/\/www.europesays.com\/de\/wp-content\/uploads\/2026\/07\/1785349878_697_wide__1000x562.jpeg\" alt=\"Ukrainischer Angriff im Kaspischen Meer: Der russische Au\u00dfenminister Sergej Lawrow (rechts) und sein iranischer Amtskollege Abbas Araghtschi\"\/><\/p>\n<p>                    Der russische Au\u00dfenminister Sergej Lawrow (rechts) und sein iranischer Amtskollege Abbas Araghtschi<br \/>\n            \u00a9\u00a0Russian Foreign Ministry\/\u200bHandout\/\u200bAnadolu\/\u200bGetty Images<\/p>\n<p class=\"paragraph\">Der Vorfall schien zun\u00e4chst nicht schwerwiegend zu sein. Doch er offenbarte ein Geheimnis der iranischen Kriegsf\u00fchrung und lie\u00df erkennen, dass der Krieg im <a class=\"rtr-entity\" href=\"https:\/\/www.zeit.de\/thema\/iran\" rel=\"nofollow noopener\" target=\"_blank\">Iran<\/a> und der Krieg in der Ukraine zunehmend miteinander verkn\u00fcpft sind. Und welches Eskalationspotenzial darin steckt.\n<\/p>\n<p class=\"paragraph\">Am vergangenen Wochenende erkl\u00e4rte die <a class=\"rtr-entity\" href=\"https:\/\/www.zeit.de\/politik\/ausland\/ukraine-krieg-news-liveblog\" rel=\"nofollow noopener\" target=\"_blank\">Ukraine<\/a>, einen iranischen Frachter im Kaspischen Meer beschossen zu haben. Das Schiff sei mit R\u00fcstungsg\u00fctern an Bord zwischen dem Iran und Russland unterwegs gewesen. Der Iran verurteilte den Angriff auf einen \u00bbzivilen Frachter\u00ab und k\u00fcndigte an, diesen \u00bbnicht unbeantwortet\u00ab zu lassen.<\/p>\n","protected":false},"excerpt":{"rendered":"Die Ukrainer greifen einen iranischen Frachter an, um Russland wehzutun. Wie zwei Kriege sich immer mehr ineinander verschr\u00e4nken.\u2002&hellip;\n","protected":false},"author":2,"featured_media":1201645,"comment_status":"","ping_status":"","sticky":false,"template":"","format":"standard","meta":{"footnotes":"","_share_on_mastodon":"0"},"categories":[4012],"tags":[331,332,1478,13,21935,345,1435,14,15,16,307,12,317,250623,64,107],"class_list":["post-1201644","post","type-post","status-publish","format-standard","has-post-thumbnail","category-ukraine","tag-aktuelle-nachrichten","tag-aktuelle-news","tag-drohne","tag-headlines","tag-huthi","tag-iran","tag-krieg-in-der-ukraine","tag-nachrichten","tag-news","tag-politik","tag-russland","tag-schlagzeilen","tag-ukraine","tag-ukrainischer-angriff-im-kaspischen-meer","tag-usa","tag-wolodymyr-selenskyj"],"share_on_mastodon":{"url":"","error":""},"_links":{"self":[{"href":"https:\/\/www.europesays.com\/de\/wp-json\/wp\/v2\/posts\/1201644","targetHints":{"allow":["GET"]}}],"collection":[{"href":"https:\/\/www.europesays.com\/de\/wp-json\/wp\/v2\/posts"}],"about":[{"href":"https:\/\/www.europesays.com\/de\/wp-json\/wp\/v2\/types\/post"}],"author":[{"embeddable":true,"href":"https:\/\/www.europesays.com\/de\/wp-json\/wp\/v2\/users\/2"}],"replies":[{"embeddable":true,"href":"https:\/\/www.europesays.com\/de\/wp-json\/wp\/v2\/comments?post=1201644"}],"version-history":[{"count":0,"href":"https:\/\/www.europesays.com\/de\/wp-json\/wp\/v2\/posts\/1201644\/revisions"}],"wp:featuredmedia":[{"embeddable":true,"href":"https:\/\/www.europesays.com\/de\/wp-json\/wp\/v2\/media\/1201645"}],"wp:attachment":[{"href":"https:\/\/www.europesays.com\/de\/wp-json\/wp\/v2\/media?parent=1201644"}],"wp:term":[{"taxonomy":"category","embeddable":true,"href":"https:\/\/www.europesays.com\/de\/wp-json\/wp\/v2\/categories?post=1201644"},{"taxonomy":"post_tag","embeddable":true,"href":"https:\/\/www.europesays.com\/de\/wp-json\/wp\/v2\/tags?post=1201644"}],"curies":[{"name":"wp","href":"https:\/\/api.w.org\/{rel}","templated":true}]}}