{"id":1201688,"date":"2026-07-29T18:59:17","date_gmt":"2026-07-29T18:59:17","guid":{"rendered":"https:\/\/www.europesays.com\/de\/1201688\/"},"modified":"2026-07-29T18:59:17","modified_gmt":"2026-07-29T18:59:17","slug":"top-transfer-bereits-in-dortmund-hier-kommt-karetsas-beim-bvb-an-sport","status":"publish","type":"post","link":"https:\/\/www.europesays.com\/de\/1201688\/","title":{"rendered":"Top-Transfer bereits in Dortmund! Hier kommt Karetsas beim BVB an | Sport"},"content":{"rendered":"<p><a class=\"skip-content skip-content--link\" href=\"#in-content-skip-link-target-v-0-0\">TTS-Player \u00fcberspringen\u21b5<\/a><a id=\"in-content-skip-link-target-v-0-0\" class=\"skip-content--target-link-hidden skip-content skip-content--target-link\" href=\"#in-content-skip-link-target-v-0-0\">Artikel weiterlesen<\/a><\/p>\n<p data-21134c99=\"0-2540\">Dortmund \u2013 Jetzt ist der 5-Jahres-Vertrag von Konstantinos Karetsas (18) beim BVB nur noch Formsache. Um 8.30 Uhr wurde der Neuzugang am Mittwochmorgen zum Medizincheck am Knappschafts-Krankenhaus in Dortmund-Brackel vorgefahren. Mit dabei: Vater Vaios, sein Berater und Borussias Integrationsbeauftragter Joel Kunz.<\/p>\n<p>Top-Transfer schon in Dortmund!<\/p>\n<p data-21134c99=\"0-2540\">Dreieinhalb Stunden sp\u00e4ter, exakt um 12.09 Uhr, verlie\u00df der Grieche nach bestandenem Medical gut gelaunt das Krankenhaus. Ein weiteres deutliches Zeichen daf\u00fcr, dass der Millionen-Transfer kurz vorm Abschluss steht und der Wechsel nach den intensiven Verhandlungen mit KRC Genk auf der Zielgeraden ist.<\/p>\n<p data-21134c99=\"0-2540\">BVB-Boss Lars Ricken (50) best\u00e4tigte nach der 0:1-Testspielpleite in Osaka in der Mixed Zone den wohl zweitteuersten Einkauf der Vereinsgeschichte: \u201eBei Karetsas ist es eben so, dass es eine grunds\u00e4tzliche Einigung zwischen Genk, dem Spieler und uns gibt!\u201c<\/p>\n<p data-21134c99=\"0-2540\">Ricken weiter \u201eWir hoffen nat\u00fcrlich und gehen auch fest davon aus, dass er \u2013 wenn wir aus Japan zur\u00fcckkehren \u2013 hoffentlich zur Mannschaft sto\u00dfen kann.\u201c<\/p>\n<p>BVB-Neuzugang verr\u00e4t!: Das stand in der Bellingham-SMS<a class=\"anchor video-teaser__anchor\" href=\"https:\/\/www.bild.de\/sport\/fussball\/bvb-neuzugang-verraet-das-stand-in-der-bellingham-sms-6a68d061a17ee9f1dfd81fb6\" rel=\"nofollow noopener\" target=\"_blank\"><img decoding=\"async\" width=\"992\" height=\"558\" alt=\"\" loading=\"lazy\" src=\"https:\/\/www.europesays.com\/de\/wp-content\/uploads\/2026\/07\/f8c5f9eeff8c638fbe423300074e6719,56bf6b2a.jpeg\"   class=\"landscape teaser__image\"\/><\/a><\/p>\n<p>Quelle: Borussia Dortmund 28.07.2026<\/p>\n<p data-21134c99=\"0-2540\">Und was d\u00fcrfen die Fans vom Ausnahmetalent erwarten? Ricken: \u201eKonstantinos ist ein Spieler, der mit seiner Qualit\u00e4t sofort einen sportlichen Input bringen kann. Er hat sich ja in seinen jungen Jahren in der belgischen Liga und in der Nationalmannschaft schon durchgesetzt und bewiesen. Ein feiner, technisch guter Spieler!\u201c<\/p>\n<p data-21134c99=\"0-2540\">Karetsas gilt europaweit als eines der gr\u00f6\u00dften Fu\u00dfball-Talente seiner Generation. Obwohl er erst 18 Jahre alt ist, hat er sich bereits in der belgischen Liga und im Trikot der griechischen Nationalmannschaft einen Namen gemacht. Seine Spielweise begeistert Scouts in ganz Europa. Inspirieren l\u00e4sst er sich ausgerechnet von Basketball-Ikone Michael Jordan, dessen Ehrgeiz und Siegermentalit\u00e4t er bewundert.<\/p>\n<p data-21134c99=\"0-2540\">Dabei h\u00e4tte der offensive Mittelfeldspieler Genk schon deutlich fr\u00fcher verlassen k\u00f6nnen. Zahlreiche europ\u00e4ische Topklubs wollten ihn bereits 2025 aus Belgien loseisen. Doch die Familie blieb konsequent und stellte die schulische Ausbildung \u00fcber einen fr\u00fchen Millionen-Wechsel.<\/p>\n<p data-21134c99=\"0-2540\">Erst sollte Karetsas sein Abitur abschlie\u00dfen, erst dann der Schritt ins Ausland. Diesen Sommer hat er den Schulabschluss erfolgreich in der Tasche \u2013 und jetzt ist der Weg frei f\u00fcr das gr\u00f6\u00dfte Abenteuer seiner noch jungen Karriere. Beim BVB soll der Spielmacher den n\u00e4chsten Entwicklungsschritt gehen und k\u00fcnftig auch die Bundesliga mit seiner Technik, Kreativit\u00e4t und Spielintelligenz aufmischen. Seine Unterschrift scheint nur noch eine Frage der Zeit zu sein.<\/p>\n","protected":false},"excerpt":{"rendered":"TTS-Player \u00fcberspringen\u21b5Artikel weiterlesen Dortmund \u2013 Jetzt ist der 5-Jahres-Vertrag von Konstantinos Karetsas (18) beim BVB nur noch Formsache.&hellip;\n","protected":false},"author":2,"featured_media":1201689,"comment_status":"","ping_status":"","sticky":false,"template":"","format":"standard","meta":{"footnotes":"","_share_on_mastodon":"0"},"categories":[1833],"tags":[104891,888,3364,29,217,538,30,9208,1209,803,819],"class_list":["post-1201688","post","type-post","status-publish","format-standard","has-post-thumbnail","category-dortmund","tag-adeyemi-karim","tag-borussia-dortmund","tag-de","tag-deutschland","tag-dortmund","tag-erste-bundesliga","tag-germany","tag-kehl-sebastian","tag-nordrhein-westfalen","tag-spielertransfer","tag-sport-leuchtturm-essen"],"share_on_mastodon":{"url":"https:\/\/pubeurope.com\/@de\/117004806775574417","error":""},"_links":{"self":[{"href":"https:\/\/www.europesays.com\/de\/wp-json\/wp\/v2\/posts\/1201688","targetHints":{"allow":["GET"]}}],"collection":[{"href":"https:\/\/www.europesays.com\/de\/wp-json\/wp\/v2\/posts"}],"about":[{"href":"https:\/\/www.europesays.com\/de\/wp-json\/wp\/v2\/types\/post"}],"author":[{"embeddable":true,"href":"https:\/\/www.europesays.com\/de\/wp-json\/wp\/v2\/users\/2"}],"replies":[{"embeddable":true,"href":"https:\/\/www.europesays.com\/de\/wp-json\/wp\/v2\/comments?post=1201688"}],"version-history":[{"count":0,"href":"https:\/\/www.europesays.com\/de\/wp-json\/wp\/v2\/posts\/1201688\/revisions"}],"wp:featuredmedia":[{"embeddable":true,"href":"https:\/\/www.europesays.com\/de\/wp-json\/wp\/v2\/media\/1201689"}],"wp:attachment":[{"href":"https:\/\/www.europesays.com\/de\/wp-json\/wp\/v2\/media?parent=1201688"}],"wp:term":[{"taxonomy":"category","embeddable":true,"href":"https:\/\/www.europesays.com\/de\/wp-json\/wp\/v2\/categories?post=1201688"},{"taxonomy":"post_tag","embeddable":true,"href":"https:\/\/www.europesays.com\/de\/wp-json\/wp\/v2\/tags?post=1201688"}],"curies":[{"name":"wp","href":"https:\/\/api.w.org\/{rel}","templated":true}]}}