{"id":1201720,"date":"2026-07-29T19:15:18","date_gmt":"2026-07-29T19:15:18","guid":{"rendered":"https:\/\/www.europesays.com\/de\/1201720\/"},"modified":"2026-07-29T19:15:18","modified_gmt":"2026-07-29T19:15:18","slug":"anschlag-auf-den-csd-in-berlin-berlins-justiz-kritisiert-medien-hart-news","status":"publish","type":"post","link":"https:\/\/www.europesays.com\/de\/1201720\/","title":{"rendered":"Anschlag auf den CSD in Berlin: Berlins Justiz kritisiert Medien hart | News"},"content":{"rendered":"<p><a class=\"skip-content skip-content--link\" href=\"#in-content-skip-link-target-v-0-0\">TTS-Player \u00fcberspringen\u21b5<\/a><a id=\"in-content-skip-link-target-v-0-0\" class=\"skip-content--target-link-hidden skip-content skip-content--target-link\" href=\"#in-content-skip-link-target-v-0-0\">Artikel weiterlesen<\/a><\/p>\n<p>Berlin \u2013 <b>Seit dem Terroranschlag auf den Christopher Street Day wird dar\u00fcber diskutiert, ob die Tat h\u00e4tte verhindert werden k\u00f6nnen. Im Zentrum der Debatte steht die fr\u00fchere Freilassung des mutma\u00dflichen Attent\u00e4ters Abdul Ballout (21). Jetzt melden sich Berlins h\u00f6chste Justizvertreterinnen mit einer ungew\u00f6hnlichen Erkl\u00e4rung zu Wort und erheben schwere Vorw\u00fcrfe gegen die Medien.  <\/b><\/p>\n<p>In einer gemeinsamen Mitteilung weisen die Pr\u00e4sidentin des Kammergerichts, Andrea Diekmann, und Generalstaatsanw\u00e4ltin Margarete Koppers aus ihrer Sicht pauschale Vorw\u00fcrfe gegen Gerichte und <a href=\"https:\/\/www.bild.de\/themen\/organisationen\/staatsanwaltschaft-alle-infos-und-news-KDJzQvfvRkaBLQ0vXYpd\" class=\"text-link\" rel=\"nofollow noopener\" target=\"_blank\">Staatsanwaltschaft<\/a> zur\u00fcck. Fakt ist: <a href=\"https:\/\/www.bild.de\/regional\/berlin\/abdul-ballout-islamist-trat-im-gefaengnis-als-religioeser-fuehrer-auf-6a671f60cbfb33efe26fa84f\" class=\"text-link\" rel=\"nofollow noopener\" target=\"_blank\">H\u00e4tte Abdul B. zum Zeitpunkt des Anschlags noch im Gef\u00e4ngnis gesessen<\/a>, w\u00e4re eine Frau vermutlich noch am Leben und zahlreiche Menschen w\u00e4ren nicht verletzt worden.  <\/p>\n<p><img decoding=\"async\" width=\"992\" height=\"661\" alt=\"Blumen und Kerzen am Tatort\" loading=\"lazy\" src=\"https:\/\/www.europesays.com\/de\/wp-content\/uploads\/2026\/07\/a55dd19c890739db8b5fd6f2a5145f68,6d7f9fb4.jpeg\"   class=\"dynamic\"\/><\/p>\n<p class=\"fig__caption__text\">Blumen und Kerzen am Tatort<\/p>\n<p>Foto: FADI YOUSEF\/EPA<\/p>\n<p>Auch die Staatsanwaltschaft wollte eine h\u00f6here Strafe<\/p>\n<p>Hintergrund der aktuellen Debatte ist ein Urteil aus dem Mai dieses Jahres. Damals verurteilte das Amtsgericht Tiergarten in Berlin Abdul Ballout wegen der Vorbereitung einer schweren staatsgef\u00e4hrdenden Gewalttat zu einem Jahr und zehn Monaten Jugendstrafe \u2013 auf Bew\u00e4hrung. Die Generalstaatsanwaltschaft hielt das f\u00fcr zu wenig. Sie forderte eine deutlich h\u00f6here Strafe und legte Berufung ein. Der als Islamist bekannte 21-J\u00e4hrige blieb unter Auflagen frei und wurde zum Killer. Umstritten ist auch, ob man in seinem Falle noch Jugendstrafrecht anwenden musste, das eher auf mildere Strafen ausgelegt ist.<\/p>\n<p>Diekmann und Koppers betonen, dass das Urteil \u201eauf der Grundlage und im Rahmen der geltenden Rechtslage\u201c ergangen sei. Die aktuelle Debatte sei dagegen vielfach \u201evon wenig Faktenkenntnis gepr\u00e4gt\u201c und ersch\u00f6pfe sich h\u00e4ufig darin, \u201enahezu reflexhaft nach vermeintlich Verantwortlichen zu suchen\u201c. Das ist wiederum eine harte und pauschale Kritik an Medien, deren Aufgabe es nicht zuletzt ist, Missst\u00e4nde aufzudecken und auch Gerichtsentscheidungen kritisch zu hinterfragen.<\/p>\n<p><img decoding=\"async\" width=\"992\" height=\"661\" alt=\"In gemieteten Transporter des Terroristen fanden Ermittler eine Macheten-Scheide. Die Waffe selbst ist noch immer verschwunden\" loading=\"lazy\" src=\"https:\/\/www.europesays.com\/de\/wp-content\/uploads\/2026\/07\/f8c16321574236ac2dd7188a385e5a57,2d0b277b.jpeg\"   class=\"dynamic\"\/><\/p>\n<p class=\"fig__caption__text\">Im gemieteten Transporter des Terroristen fanden Ermittler eine Macheten-Scheide. Die Waffe selbst ist noch immer verschwunden <\/p>\n<p>Foto: IMAGO\/Wolfgang Maria Weber<\/p>\n<p>Die beiden Juristinnen warnen hingegen davor, mit vorschnellen Schuldzuweisungen die Unabh\u00e4ngigkeit der Justiz infrage zu stellen \u2013 eine der zentralen S\u00e4ulen des Rechtsstaats. \u201eGegen diese Form von Kritik verwahren wir uns. Denn eine solch undifferenzierte und nicht die Aufkl\u00e4rung in den Mittelpunkt r\u00fcckende Bewertung stellt die Unabh\u00e4ngigkeit der Justiz und damit eine S\u00e4ule des Rechtsstaats infrage\u201c, hei\u00dft es in der Mitteilung.  <\/p>\n<p><img decoding=\"async\" width=\"992\" height=\"558\" alt=\"Nach dem Anschlag auf den Berliner CSD k\u00fcmmern sich Helfer um traumatisierte Augenzeugen\" loading=\"lazy\" src=\"https:\/\/www.europesays.com\/de\/wp-content\/uploads\/2026\/07\/02215750abd96e46a3acd31dc64f715c,c6158c85.jpeg\"   class=\"landscape\"\/><\/p>\n<p class=\"fig__caption__text\">Nach dem Anschlag auf den Berliner CSD k\u00fcmmern sich Helfer um traumatisierte Augenzeugen<\/p>\n<p>Foto: ddp\/dts Nachrichtenagentur<\/p>\n<p>Aus Sicht von Diekmann und Koppers greift die aktuelle Debatte oft zu kurz. Viele Hintergr\u00fcnde der Tat seien bis heute ungekl\u00e4rt. Noch immer werde ermittelt, wie der Anschlag vorbereitet wurde, welche Rolle m\u00f6gliche Unterst\u00fctzer spielten und welche Informationen den Beh\u00f6rden tats\u00e4chlich vorlagen. Ob \u201eim Fall Abdul B. Fehler gemacht wurden\u201c, so die Justizvertreterinnen, werde die weitere Aufarbeitung zeigen m\u00fcssen. <\/p>\n","protected":false},"excerpt":{"rendered":"TTS-Player \u00fcberspringen\u21b5Artikel weiterlesen Berlin \u2013 Seit dem Terroranschlag auf den Christopher Street Day wird dar\u00fcber diskutiert, ob die&hellip;\n","protected":false},"author":2,"featured_media":1201721,"comment_status":"","ping_status":"","sticky":false,"template":"","format":"standard","meta":{"footnotes":"","_share_on_mastodon":"0"},"categories":[1825],"tags":[1941,1939,13774,296,1937,30485,29,1993,20937,30,21709,1940,1938,1269,138370,2546,1243],"class_list":["post-1201720","post","type-post","status-publish","format-standard","has-post-thumbnail","category-berlin","tag-aktuelle-nachrichten-aus-berlin","tag-aktuelle-news-aus-berlin","tag-anschlag","tag-berlin","tag-berlin-news","tag-christopher-street-day","tag-deutschland","tag-gerichte","tag-gerichtliche-entscheidung","tag-germany","tag-is","tag-nachrichten-aus-berlin","tag-news-aus-berlin","tag-prozess","tag-team-first","tag-terror","tag-urteil"],"share_on_mastodon":{"url":"https:\/\/pubeurope.com\/@de\/117004870121697203","error":""},"_links":{"self":[{"href":"https:\/\/www.europesays.com\/de\/wp-json\/wp\/v2\/posts\/1201720","targetHints":{"allow":["GET"]}}],"collection":[{"href":"https:\/\/www.europesays.com\/de\/wp-json\/wp\/v2\/posts"}],"about":[{"href":"https:\/\/www.europesays.com\/de\/wp-json\/wp\/v2\/types\/post"}],"author":[{"embeddable":true,"href":"https:\/\/www.europesays.com\/de\/wp-json\/wp\/v2\/users\/2"}],"replies":[{"embeddable":true,"href":"https:\/\/www.europesays.com\/de\/wp-json\/wp\/v2\/comments?post=1201720"}],"version-history":[{"count":0,"href":"https:\/\/www.europesays.com\/de\/wp-json\/wp\/v2\/posts\/1201720\/revisions"}],"wp:featuredmedia":[{"embeddable":true,"href":"https:\/\/www.europesays.com\/de\/wp-json\/wp\/v2\/media\/1201721"}],"wp:attachment":[{"href":"https:\/\/www.europesays.com\/de\/wp-json\/wp\/v2\/media?parent=1201720"}],"wp:term":[{"taxonomy":"category","embeddable":true,"href":"https:\/\/www.europesays.com\/de\/wp-json\/wp\/v2\/categories?post=1201720"},{"taxonomy":"post_tag","embeddable":true,"href":"https:\/\/www.europesays.com\/de\/wp-json\/wp\/v2\/tags?post=1201720"}],"curies":[{"name":"wp","href":"https:\/\/api.w.org\/{rel}","templated":true}]}}