{"id":120173,"date":"2025-05-18T11:43:08","date_gmt":"2025-05-18T11:43:08","guid":{"rendered":"https:\/\/www.europesays.com\/de\/120173\/"},"modified":"2025-05-18T11:43:08","modified_gmt":"2025-05-18T11:43:08","slug":"kuenstliche-intelligenz-in-der-onkologie-jacqueline-lammert-bekommt-den-bayerischen-hightech-preis-bayern","status":"publish","type":"post","link":"https:\/\/www.europesays.com\/de\/120173\/","title":{"rendered":"K\u00fcnstliche Intelligenz in der Onkologie: Jacqueline Lammert bekommt den bayerischen Hightech-Preis &#8211; Bayern"},"content":{"rendered":"<p data-manual=\"paragraph\" data-schema-org-speakable=\"true\" class=\"css-4bdi0k\">Sieben Frauen halten sich an den H\u00e4nden, die Haare wehen im Wind. Dar\u00fcber steht in Schwarz und Pink: \u201eAI IN WOMENS HEALTH\u201c. Wer die Arbeit der Frauen\u00e4rztin Jacqueline Lammert verstehen will, kann es in diesem Bild erahnen: Die Schrift erinnert an die pinke Schleife, das internationale Symbol f\u00fcr Solidarit\u00e4t mit Frauen, die an Brustkrebs erkrankt sind. Solidarit\u00e4t f\u00fcr und mit den Frauen, die Lammert im Klinikum der Technischen <a href=\"https:\/\/www.sueddeutsche.de\/thema\/Universit%C3%A4t\" rel=\"nofollow noopener\" target=\"_blank\">Universit\u00e4t<\/a> in M\u00fcnchen behandelt. Ihr gro\u00dfes Faible ist die Onkologie, sind die schweren F\u00e4lle in der Frauenheilkunde. Diesen Frauen will sie mit K\u00fcnstlicher Intelligenz schneller und effizienter helfen als bisher \u00fcblich.<\/p>\n","protected":false},"excerpt":{"rendered":"Sieben Frauen halten sich an den H\u00e4nden, die Haare wehen im Wind. Dar\u00fcber steht in Schwarz und Pink:&hellip;\n","protected":false},"author":2,"featured_media":120174,"comment_status":"","ping_status":"","sticky":false,"template":"","format":"standard","meta":{"footnotes":""},"categories":[1827],"tags":[772,29,597,5556,30,141,45666,25390,1080,1069,837,1268,149,42300,5162,591,193,45667,17422],"class_list":{"0":"post-120173","1":"post","2":"type-post","3":"status-publish","4":"format-standard","5":"has-post-thumbnail","7":"category-muenchen","8":"tag-bayern","9":"tag-deutschland","10":"tag-forschung","11":"tag-forschungspolitik","12":"tag-germany","13":"tag-gesundheit","14":"tag-gesundheit-in-bayern","15":"tag-hochschule-in-muenchen","16":"tag-krebs","17":"tag-krebsvorsorge","18":"tag-medizin","19":"tag-muenchen","20":"tag-sueddeutsche-zeitung","21":"tag-tu-muenchen","22":"tag-universitaet","23":"tag-wissen","24":"tag-wissenschaft","25":"tag-wissenschaft-und-forschung","26":"tag-wissenschafts-und-forschungspolitik"},"share_on_mastodon":{"url":"https:\/\/pubeurope.com\/@de\/114528662591664146","error":""},"_links":{"self":[{"href":"https:\/\/www.europesays.com\/de\/wp-json\/wp\/v2\/posts\/120173","targetHints":{"allow":["GET"]}}],"collection":[{"href":"https:\/\/www.europesays.com\/de\/wp-json\/wp\/v2\/posts"}],"about":[{"href":"https:\/\/www.europesays.com\/de\/wp-json\/wp\/v2\/types\/post"}],"author":[{"embeddable":true,"href":"https:\/\/www.europesays.com\/de\/wp-json\/wp\/v2\/users\/2"}],"replies":[{"embeddable":true,"href":"https:\/\/www.europesays.com\/de\/wp-json\/wp\/v2\/comments?post=120173"}],"version-history":[{"count":0,"href":"https:\/\/www.europesays.com\/de\/wp-json\/wp\/v2\/posts\/120173\/revisions"}],"wp:featuredmedia":[{"embeddable":true,"href":"https:\/\/www.europesays.com\/de\/wp-json\/wp\/v2\/media\/120174"}],"wp:attachment":[{"href":"https:\/\/www.europesays.com\/de\/wp-json\/wp\/v2\/media?parent=120173"}],"wp:term":[{"taxonomy":"category","embeddable":true,"href":"https:\/\/www.europesays.com\/de\/wp-json\/wp\/v2\/categories?post=120173"},{"taxonomy":"post_tag","embeddable":true,"href":"https:\/\/www.europesays.com\/de\/wp-json\/wp\/v2\/tags?post=120173"}],"curies":[{"name":"wp","href":"https:\/\/api.w.org\/{rel}","templated":true}]}}