{"id":1201807,"date":"2026-07-29T20:18:14","date_gmt":"2026-07-29T20:18:14","guid":{"rendered":"https:\/\/www.europesays.com\/de\/1201807\/"},"modified":"2026-07-29T20:18:14","modified_gmt":"2026-07-29T20:18:14","slug":"rueckkehr-nach-deutschland-marvin-ducksch-teilt-birmingham-wechselwunsch-mit-sport","status":"publish","type":"post","link":"https:\/\/www.europesays.com\/de\/1201807\/","title":{"rendered":"R\u00fcckkehr nach Deutschland? Marvin Ducksch teilt Birmingham Wechselwunsch mit | Sport"},"content":{"rendered":"<p><a class=\"skip-content skip-content--link\" href=\"#in-content-skip-link-target-v-0-0\">TTS-Player \u00fcberspringen\u21b5<\/a><a id=\"in-content-skip-link-target-v-0-0\" class=\"skip-content--target-link-hidden skip-content skip-content--target-link\" href=\"#in-content-skip-link-target-v-0-0\">Artikel weiterlesen<\/a><\/p>\n<p data-21134c99=\"0-2180\">Birmingham \u2013 <a href=\"https:\/\/www.transfermarkt.de\/marvin-ducksch\/profil\/spieler\/125103\" target=\"_blank\" rel=\"nofollow noopener\" class=\"text-link\">Marvin Ducksch (32) <\/a>will Birmingham City in diesem Sommer verlassen. Nach BILD-Informationen hat der St\u00fcrmer den Klub \u00fcber seinen Wechselwunsch informiert. Der Grund: Ducksch reizt die Aussicht, bei einem neuen Verein eine gr\u00f6\u00dfere sportliche Rolle einzunehmen, mehr Verantwortung zu \u00fcbernehmen und als F\u00fchrungsspieler voranzugehen.<\/p>\n<p>Kehrt Ducksch nach Deutschland zur\u00fcck?<\/p>\n<p data-21134c99=\"0-2180\">Nach BILD-Informationen haben Ducksch und Birmingham bereits eine Vereinbarung getroffen. Findet der Angreifer den passenden Verein, wird ihm der englische Zweitligist keine Steine in den Weg legen. Im Gegenteil: Birmingham w\u00fcrde Ducksch sogar abl\u00f6sefrei ziehen lassen.<\/p>\n<p data-21134c99=\"0-2180\">Dabei gibt es f\u00fcr Ducksch keinen Grund, sich zu verstecken. Er kn\u00fcpfte an die vergangene vier Jahre als Top-Torj\u00e4ger in Bremen an. In seiner ersten Saison auf der Insel kam der fr\u00fchere Nationalspieler in der Championship auf zehn Tore und zeigte, dass er auch im englischen Fu\u00dfball zuverl\u00e4ssig liefert. Bemerkenswert: Gemeinsam mit Jay Stansfield (auch 10 Tore) war er Top-Torsch\u00fctze, obwohl der Ex-Bremer elf Spiele weniger als sein Kollege machte. <\/p>\n<p data-21134c99=\"0-2180\">Sein Team-Kollege Phil Neumann (29\/spielte in Deutschland unter anderem f\u00fcr Hannover 96) sagte zuletzt: \u201eMarvin hat sich hier in England super hier eingelebt, vor allem f\u00fcr die Kabine ist er eine Bereicherung.\u201c<\/p>\n<p data-21134c99=\"0-2180\">Trotzdem denkt der 32-J\u00e4hrige jetzt \u00fcber den n\u00e4chsten Schritt nach, weil er noch einmal bei einem Klub im Mittelpunkt stehen und sportlich eine Schl\u00fcsselrolle \u00fcbernehmen m\u00f6chte. <\/p>\n<p data-21134c99=\"0-2180\">Interessenten gibt es bereits. Nach BILD-Informationen besch\u00e4ftigen sich Vereine aus Deutschland mit seiner Situation. Konkretes Interesse kommt au\u00dferdem aus den USA. MLS-Klub Orlando City besch\u00e4ftigt sich intensiv mit dem Angreifer und pr\u00fcft eine Verpflichtung.<\/p>\n<p data-21134c99=\"0-2180\">Noch ist keine Entscheidung gefallen. Ducksch und sein Management pr\u00fcfen die Optionen. Klar ist aber: Der St\u00fcrmer ist bereit f\u00fcr eine neue Aufgabe. Dank der Einigung mit Birmingham h\u00e4ngt ein Wechsel jetzt vor allem davon ab, welcher Verein den Zuschlag bekommt. Die Voraussetzungen f\u00fcr einen Transfer sind jedenfalls geschaffen \u2013 und deshalb k\u00f6nnte bei Ducksch in den kommenden Wochen richtig Bewegung reinkommen.<\/p>\n","protected":false},"excerpt":{"rendered":"TTS-Player \u00fcberspringen\u21b5Artikel weiterlesen Birmingham \u2013 Marvin Ducksch (32) will Birmingham City in diesem Sommer verlassen. Nach BILD-Informationen hat&hellip;\n","protected":false},"author":2,"featured_media":1201808,"comment_status":"","ping_status":"","sticky":false,"template":"","format":"standard","meta":{"footnotes":"","_share_on_mastodon":"0"},"categories":[2],"tags":[331,3924,332,3922,3364,29,540,538,30,13,14,3923,15,3921,12,539],"class_list":["post-1201807","post","type-post","status-publish","format-standard","has-post-thumbnail","category-deutschland","tag-aktuelle-nachrichten","tag-aktuelle-nachrichten-aus-deutschland","tag-aktuelle-news","tag-aktuelle-news-aus-deutschland","tag-de","tag-deutschland","tag-ducksch-marvin","tag-erste-bundesliga","tag-germany","tag-headlines","tag-nachrichten","tag-nachrichten-aus-deutschland","tag-news","tag-news-aus-deutschland","tag-schlagzeilen","tag-werner-ole"],"share_on_mastodon":{"url":"https:\/\/pubeurope.com\/@de\/117005117592933690","error":""},"_links":{"self":[{"href":"https:\/\/www.europesays.com\/de\/wp-json\/wp\/v2\/posts\/1201807","targetHints":{"allow":["GET"]}}],"collection":[{"href":"https:\/\/www.europesays.com\/de\/wp-json\/wp\/v2\/posts"}],"about":[{"href":"https:\/\/www.europesays.com\/de\/wp-json\/wp\/v2\/types\/post"}],"author":[{"embeddable":true,"href":"https:\/\/www.europesays.com\/de\/wp-json\/wp\/v2\/users\/2"}],"replies":[{"embeddable":true,"href":"https:\/\/www.europesays.com\/de\/wp-json\/wp\/v2\/comments?post=1201807"}],"version-history":[{"count":0,"href":"https:\/\/www.europesays.com\/de\/wp-json\/wp\/v2\/posts\/1201807\/revisions"}],"wp:featuredmedia":[{"embeddable":true,"href":"https:\/\/www.europesays.com\/de\/wp-json\/wp\/v2\/media\/1201808"}],"wp:attachment":[{"href":"https:\/\/www.europesays.com\/de\/wp-json\/wp\/v2\/media?parent=1201807"}],"wp:term":[{"taxonomy":"category","embeddable":true,"href":"https:\/\/www.europesays.com\/de\/wp-json\/wp\/v2\/categories?post=1201807"},{"taxonomy":"post_tag","embeddable":true,"href":"https:\/\/www.europesays.com\/de\/wp-json\/wp\/v2\/tags?post=1201807"}],"curies":[{"name":"wp","href":"https:\/\/api.w.org\/{rel}","templated":true}]}}