{"id":1201890,"date":"2026-07-29T21:09:20","date_gmt":"2026-07-29T21:09:20","guid":{"rendered":"https:\/\/www.europesays.com\/de\/1201890\/"},"modified":"2026-07-29T21:09:20","modified_gmt":"2026-07-29T21:09:20","slug":"fc-bayern-geheimer-team-nachmittag-hier-planschen-die-kompany-stars-im-tegernsee-sport","status":"publish","type":"post","link":"https:\/\/www.europesays.com\/de\/1201890\/","title":{"rendered":"FC Bayern: Geheimer Team-Nachmittag \u2013 Hier planschen die Kompany-Stars im Tegernsee! | Sport"},"content":{"rendered":"<p><a class=\"skip-content skip-content--link\" href=\"#in-content-skip-link-target-v-0-0\">TTS-Player \u00fcberspringen\u21b5<\/a><a id=\"in-content-skip-link-target-v-0-0\" class=\"skip-content--target-link-hidden skip-content skip-content--target-link\" href=\"#in-content-skip-link-target-v-0-0\">Artikel weiterlesen<\/a><\/p>\n<p data-21134c99=\"0-2117\">Rottach-Egern \u2013 <b>Gro\u00dfer Badespa\u00df bei den <\/b><a href=\"https:\/\/www.bild.de\/sport\/fussball\/bayern-muenchen\/startseite-fc-bayern-muenchen-31074450.bild.html\" class=\"text-link\" rel=\"nofollow noopener\" target=\"_blank\"><b>Bayern<\/b><\/a><b>-Stars! Double-Trainer Vincent Kompany (40) gab seinen Spielern im Trainingslager am Mittwochnachmittag trainingsfrei. Statt des Geheimtrainings im Stadion am Birkenmoos fand ein geheimer Team-Nachmittag in Rottach-Egern in einem Bootshaus direkt am Wasser statt. BILD erwischte die Stars beim Planschen im Tegernsee!<\/b><\/p>\n<p>Plansch-Trio ist Bade-Meister<img decoding=\"async\" width=\"992\" height=\"558\" alt=\"W\u00e4hrend Palhinha (l.) und Bischof (r.) paddeln, g\u00f6nnt sich Pavlovic in der Mitte des Boards noch ein P\u00e4uschen\" loading=\"lazy\" src=\"https:\/\/www.europesays.com\/de\/wp-content\/uploads\/2026\/07\/4721ec7e89d6572afc495c9234181a06,1696bdf9.jpeg\"   class=\"landscape\"\/><\/p>\n<p class=\"fig__caption__text\">W\u00e4hrend Palhinha (l.) und Bischof (r.) paddeln, g\u00f6nnt sich Pavlovic in der Mitte des Boards noch ein P\u00e4uschen<\/p>\n<p>Foto: Dennis Brosda<\/p>\n<p data-21134c99=\"0-2117\">Besonders akrobatisch waren Shootingstar Tom Bischof (21) und Jo\u00e3o Palhinha (31): Die beiden spielten sich auf einem Standup-Paddle-Board den Ball hin und her. Sogar die Badeg\u00e4ste am Ufer bemerkten die Ballk\u00fcnstler auf dem Wasser und staunten. Beobachtet wurden Bischof und Palhinha von Aleksandar Pavlovic (22), der zwischen den beiden lag und die Sonne bei 28 Grad Celsius genoss. Das Trio war absoluter Bade-Meister des Team-Nachmittags.<\/p>\n<p><img decoding=\"async\" width=\"992\" height=\"558\" alt=\"Palhinha rettete den Ball artistisch auf dem Standup-Paddle-Board \u2013 am linken Bein tr\u00e4gt er den Klebeverband\" loading=\"lazy\" src=\"https:\/\/www.europesays.com\/de\/wp-content\/uploads\/2026\/07\/0dfa07ad846eca999920a7d48c815aa8,4bc5f8e9.jpeg\"   class=\"landscape\"\/><\/p>\n<p class=\"fig__caption__text\">Palhinha rettete den Ball artistisch auf dem Standup-Paddle-Board \u2013 am linken Bein tr\u00e4gt er den Klebeverband<\/p>\n<p>Foto: Dennis Brosda<\/p>\n<p data-21134c99=\"0-2117\">Danach machte Palhinha, der am linken Schienbein nach einem Trainings-Crash am Vormittag mit S\u00fcdkorea-Kante Minjae Kim (29) noch einen Klebeverband trug, einen Hechtsprung in den Tegernsee. Wenige Meter daneben schwamm Sportvorstand Max Eberl (52\/wohnt mit Ehefrau Natascha um die Ecke in Rottach-Egern) mit Daten-Analyst Soner Mansuroglu (32).<\/p>\n<p><img decoding=\"async\" width=\"992\" height=\"558\" alt=\"W\u00e4hrend Bischof und Pavlovic auf dem Board sind, springt Palhinha in den Tegernsee \u2013 rechts schwimmen Sportvorstand Max Eberl (52) und Daten-Analyst Soner Mansuroglu (32\/r.)\" loading=\"lazy\" src=\"https:\/\/www.europesays.com\/de\/wp-content\/uploads\/2026\/07\/2620d52ae2a86a7110ca1865a61e7735,638ee14a.jpeg\"   class=\"landscape\"\/><\/p>\n<p class=\"fig__caption__text\">W\u00e4hrend Bischof das Board ausbalanciert und Pavlovic entspannt draufliegt, springt Palhinha in den Tegernsee \u2013 rechts schwimmen Sportvorstand Max Eberl (52) und Daten-Analyst Soner Mansuroglu (32\/r.)<\/p>\n<p>Foto: Dennis Brosda<\/p>\n<p><img decoding=\"async\" width=\"992\" height=\"558\" alt=\"Bayerns Vize-Kapit\u00e4n Joshua Kimmich (31) und Talent Wisdom Mike (17\/am Boot) im Wasser\" loading=\"lazy\" src=\"https:\/\/www.europesays.com\/de\/wp-content\/uploads\/2026\/07\/8d5f74da809050e11a95905839f21a36,498b7147.jpeg\"   class=\"landscape\"\/><\/p>\n<p class=\"fig__caption__text\">Bayerns Vize-Kapit\u00e4n Joshua Kimmich (31\/mit bunter Badehose) und Talent Wisdom Mike (17\/am Boot) im Wasser <\/p>\n<p>Foto: Dennis Brosda<\/p>\n<p>Hier planschen die Bayern-Stars im Tegernsee<\/p>\n<p data-21134c99=\"0-2117\">Am Ufer ging auch DFB-Kapit\u00e4n Joshua Kimmich (31) ins Wasser. Ebenfalls trauten sich nach und nach die Talente Wisdom Mike (17), Cassiano Kiala (17), David Santos Daiber (19) und Co-Trainer Floribert N\u2019Galula (39) ins erfrischende Nass. Ersatz-Keeper Sven Ulreich (37) kam mit dem Mountainbike zum Team-Nachmittag, gab am Ufer noch freundlich Autogramme f\u00fcr ein paar Fans. <\/p>\n<p><img decoding=\"async\" width=\"992\" height=\"558\" alt=\"Erfrischung f\u00fcr die Talente Cassiano Kiala (17\/l.) und David Santos Daiber (19) sowie Co-Trainer Floribert N\u2019Galula (39\/r.)\" loading=\"lazy\" src=\"https:\/\/www.europesays.com\/de\/wp-content\/uploads\/2026\/07\/d493bbc6f8db688acae1fdbb2f645680,854689c7.jpeg\"   class=\"landscape\"\/><\/p>\n<p class=\"fig__caption__text\">Erfrischung f\u00fcr die Talente Cassiano Kiala (17\/l.) und David Santos Daiber (19) sowie Co-Trainer Floribert N\u2019Galula (39\/r.)<\/p>\n<p>Foto: Dennis Brosda<\/p>\n<p data-21134c99=\"0-2117\">Nach drei \u00f6ffentlichen Trainings und einer geheimen Einheit in den ersten drei Tagen am Tegernsee steht f\u00fcr die 16 Profis (noch ohne Kane, Olise, Upamecano, Saibari, Musiala, Karl, Gnabry, Laimer, Stanisic und D\u00edaz) und 13 Talente des deutschen Rekordmeisters am Donnerstagvormittag noch eine nicht-\u00f6ffentliche Einheit auf dem Programm. Zum Abschluss des Trainingslagers folgt am Donnerstag um 18 Uhr das Freundschaftsspiel im Stadion am Birkenmoos gegen den Kreisklasse-Klub FC Rottach-Egern.<\/p>\n","protected":false},"excerpt":{"rendered":"TTS-Player \u00fcberspringen\u21b5Artikel weiterlesen Rottach-Egern \u2013 Gro\u00dfer Badespa\u00df bei den Bayern-Stars! Double-Trainer Vincent Kompany (40) gab seinen Spielern im&hellip;\n","protected":false},"author":2,"featured_media":1201891,"comment_status":"","ping_status":"","sticky":false,"template":"","format":"standard","meta":{"footnotes":"","_share_on_mastodon":"0"},"categories":[136],"tags":[1263,468,29,1264,14490,538,458,30,16111,11515,265,1470,1576,12457,1261],"class_list":["post-1201890","post","type-post","status-publish","format-standard","has-post-thumbnail","category-sport","tag-aufmacher-bereich","tag-champions-league","tag-deutschland","tag-dfb-pokal","tag-eberl-max","tag-erste-bundesliga","tag-fc-bayern-muenchen","tag-germany","tag-kimmich-joshua","tag-kompany-vincent","tag-sport","tag-sport-leuchtturm-muenchen","tag-super-a-teaser","tag-tegernsee","tag-toralarm-top-news"],"share_on_mastodon":{"url":"https:\/\/pubeurope.com\/@de\/117005320041084554","error":""},"_links":{"self":[{"href":"https:\/\/www.europesays.com\/de\/wp-json\/wp\/v2\/posts\/1201890","targetHints":{"allow":["GET"]}}],"collection":[{"href":"https:\/\/www.europesays.com\/de\/wp-json\/wp\/v2\/posts"}],"about":[{"href":"https:\/\/www.europesays.com\/de\/wp-json\/wp\/v2\/types\/post"}],"author":[{"embeddable":true,"href":"https:\/\/www.europesays.com\/de\/wp-json\/wp\/v2\/users\/2"}],"replies":[{"embeddable":true,"href":"https:\/\/www.europesays.com\/de\/wp-json\/wp\/v2\/comments?post=1201890"}],"version-history":[{"count":0,"href":"https:\/\/www.europesays.com\/de\/wp-json\/wp\/v2\/posts\/1201890\/revisions"}],"wp:featuredmedia":[{"embeddable":true,"href":"https:\/\/www.europesays.com\/de\/wp-json\/wp\/v2\/media\/1201891"}],"wp:attachment":[{"href":"https:\/\/www.europesays.com\/de\/wp-json\/wp\/v2\/media?parent=1201890"}],"wp:term":[{"taxonomy":"category","embeddable":true,"href":"https:\/\/www.europesays.com\/de\/wp-json\/wp\/v2\/categories?post=1201890"},{"taxonomy":"post_tag","embeddable":true,"href":"https:\/\/www.europesays.com\/de\/wp-json\/wp\/v2\/tags?post=1201890"}],"curies":[{"name":"wp","href":"https:\/\/api.w.org\/{rel}","templated":true}]}}