{"id":1201896,"date":"2026-07-29T21:12:18","date_gmt":"2026-07-29T21:12:18","guid":{"rendered":"https:\/\/www.europesays.com\/de\/1201896\/"},"modified":"2026-07-29T21:12:18","modified_gmt":"2026-07-29T21:12:18","slug":"lidl-konzern-darum-kehrt-die-schwarz-gruppe-zurueck-zu-verbrenner-dienstwagen","status":"publish","type":"post","link":"https:\/\/www.europesays.com\/de\/1201896\/","title":{"rendered":"Lidl-Konzern: Darum kehrt die Schwarz-Gruppe zur\u00fcck zu Verbrenner-Dienstwagen"},"content":{"rendered":"<p>Elektroautos werden gegen\u00fcber Verbrennern vom deutschen Staat steuerlich deutlich bevorzugt: Auch deswegen landet ein Gro\u00dfteil der neuen E-Autos hierzulande bei Firmen. Ausgerechnet die umweltbewusste Schwarz-Gruppe geht jetzt einen anderen Weg.<\/p>\n<p class=\"is-first-paragraph\" data-external=\"Article.FirstParagraph\">Elektroautos sind besonders als Dienstwagen beliebt. Nicht unbedingt, weil ihre Nutzer besonders \u00fcberzeugt von der neuen Technologie w\u00e4ren. Es geht um einen klaren finanziellen Vorteil. Als geldwerten Vorteil m\u00fcssen Arbeitnehmer nur 0,25 Prozent des Listenpreises versteuern. Bei einem Verbrenner ist es ein Prozent. <\/p>\n<p>Kostet ein Dienstwagen also regul\u00e4r 60.000 Euro, m\u00fcssen bei einem Verbrenner monatlich f\u00fcr 600 Euro zus\u00e4tzlich zum Gehalt Einkommenssteuer gezahlt werden. Bei einem Batterieauto nur f\u00fcr 150 Euro.<\/p>\n<p>Das Ergebnis ist: Die Autoindustrie wird einen Gro\u00dfteil ihrer neuen E-Autos in Deutschland bei Firmen los \u2013 meist als Leasingfahrzeug. Die EU erw\u00e4gt wegen dieses Erfolgs bei der Umstellung auf die E-Mobilit\u00e4t sogar, gr\u00f6\u00dferen Firmen in L\u00e4ndern wie Deutschland den Komplettumstieg auf Elektrowagen vorzuschreiben.<\/p>\n<p>Doch nun schert ein Unternehmen in Deutschland aus, das sich eigentlich der Zukunft verschrieben hat: die Schwarz-Gruppe. Diese ist mit \u00fcber 600.000 Mitarbeitern nicht nur der Konzern hinter Kaufland und <a class=\"is-link c-block-items__link c-link--rich-text-renderer\" href=\"https:\/\/www.welt.de\/themen\/lidl\/\" data-internal-tracking-enabled=\"true\" data-internal-tracking=\"{&quot;action&quot;:&quot;click&quot;,&quot;label&quot;:&quot;link&quot;,&quot;name&quot;:&quot;Inline Element&quot;,&quot;data&quot;:{&quot;source&quot;:&quot;&quot;,&quot;target&quot;:&quot;https:\/\/www.welt.de\/themen\/lidl\/&quot;,&quot;trackingName&quot;:&quot;&quot;,&quot;trackingLabel&quot;:&quot;&quot;}}\" rel=\"nofollow noopener\" target=\"_blank\">Lidl<\/a>, sondern steht neuerdings auch hinter einer der gr\u00f6\u00dften IT-Offensiven in Deutschland \u2013 von Rechenzentren bis K\u00fcnstlicher Intelligenz.<\/p>\n<p>Ausgerechnet die <a class=\"is-link c-block-items__link c-link--rich-text-renderer\" href=\"https:\/\/www.welt.de\/themen\/schwarz-gruppe\/\" data-internal-tracking-enabled=\"true\" data-internal-tracking=\"{&quot;action&quot;:&quot;click&quot;,&quot;label&quot;:&quot;link&quot;,&quot;name&quot;:&quot;Inline Element&quot;,&quot;data&quot;:{&quot;source&quot;:&quot;&quot;,&quot;target&quot;:&quot;https:\/\/www.welt.de\/themen\/schwarz-gruppe\/&quot;,&quot;trackingName&quot;:&quot;&quot;,&quot;trackingLabel&quot;:&quot;&quot;}}\" rel=\"nofollow noopener\" target=\"_blank\">Schwarz-Gruppe<\/a> bleibt nun beim Verbrenner\u00a0\u2013 und versagt so den Mitarbeitern den Steuervorteil. \u201eAufgrund der hiesigen Volatilit\u00e4t auf dem Automobilmarkt und ver\u00e4nderter regulatorischer Rahmenbedingungen haben wir uns entschieden, vollelektrische Fahrzeuge bei Neubestellungen vorerst nicht mehr aufzunehmen\u201c, sagte ein Sprecher WELT.<\/p>\n<p>Er best\u00e4tigte damit einen Bericht der \u201e<a class=\"is-link c-block-items__link is-external c-link--rich-text-renderer\" href=\"https:\/\/www.lebensmittelzeitung.net\/handel\/nachrichten\/dienstwagen-schwarz-listet-e-autos-fuer-manager-aus-192244\" target=\"_blank\" title=\"Link wird in einem neuen Tab ge\u00f6ffnet\" rel=\"nofollow noopener\" data-internal-tracking-enabled=\"true\" data-internal-tracking=\"{&quot;action&quot;:&quot;click&quot;,&quot;label&quot;:&quot;link&quot;,&quot;name&quot;:&quot;Inline Element&quot;,&quot;data&quot;:{&quot;source&quot;:&quot;&quot;,&quot;target&quot;:&quot;https:\/\/www.lebensmittelzeitung.net\/handel\/nachrichten\/dienstwagen-schwarz-listet-e-autos-fuer-manager-aus-192244&quot;,&quot;trackingName&quot;:&quot;&quot;,&quot;trackingLabel&quot;:&quot;&quot;}}\">Lebensmittel Zeitung<\/a>\u201c: Schwarz l\u00e4sst seine Mitarbeiter in Deutschland derzeit keine Elektroautos mehr bestellen. Dahinter steht, dass die Gruppe \u2013 anders als die meisten anderen Konzerne \u2013 <a class=\"is-link c-block-items__link c-link--rich-text-renderer\" href=\"https:\/\/www.welt.de\/themen\/dienstwagen\/\" data-internal-tracking-enabled=\"true\" data-internal-tracking=\"{&quot;action&quot;:&quot;click&quot;,&quot;label&quot;:&quot;link&quot;,&quot;name&quot;:&quot;Inline Element&quot;,&quot;data&quot;:{&quot;source&quot;:&quot;&quot;,&quot;target&quot;:&quot;https:\/\/www.welt.de\/themen\/dienstwagen\/&quot;,&quot;trackingName&quot;:&quot;&quot;,&quot;trackingLabel&quot;:&quot;&quot;}}\" rel=\"nofollow noopener\" target=\"_blank\">Dienstwagen<\/a> nicht least, sondern selbst kauft und als Gebrauchte weiterverkauft. Das Problem dabei sind die geringen Restwerte der <a class=\"is-link c-block-items__link c-link--rich-text-renderer\" href=\"https:\/\/www.welt.de\/themen\/elektroautos\/\" data-internal-tracking-enabled=\"true\" data-internal-tracking=\"{&quot;action&quot;:&quot;click&quot;,&quot;label&quot;:&quot;link&quot;,&quot;name&quot;:&quot;Inline Element&quot;,&quot;data&quot;:{&quot;source&quot;:&quot;&quot;,&quot;target&quot;:&quot;https:\/\/www.welt.de\/themen\/elektroautos\/&quot;,&quot;trackingName&quot;:&quot;&quot;,&quot;trackingLabel&quot;:&quot;&quot;}}\" rel=\"nofollow noopener\" target=\"_blank\">Elektroautos<\/a> auf dem deutschen Gebrauchtwagenmarkt. Der traditionell kostenbewussten Schwarz-Gruppe ist der hohe Wertverlust der E-Autos zu gro\u00df.<\/p>\n<p>Geringe Nachfrage nach gebrauchten E-Autos<\/p>\n<p>Denn die Nachfrage nach gebrauchten Elektroautos ist schwach. Der technische Fortschritt ist so schnell, dass diese Modelle oft schon nach nur drei Jahren bei Reichweite, Ladedauer und Software veraltet wirken. Zudem treibt die Dienstwagenregelung die Nachfrage bei Neuwagen eben k\u00fcnstlich an, w\u00e4hrend das bei Gebrauchten nicht der Fall ist. Und: Gebrauchtwagenk\u00e4ufer m\u00fcssen st\u00e4rker auf den Preis achten. All das spricht f\u00fcr Verbrenner.<\/p>\n<p>Die Schwarz-Gruppe ist peinlich bem\u00fcht, dass ihr Schritt nicht als Abkehr vom Klimaschutz gewertet wird. \u201eAuch bei den Mobilit\u00e4tsl\u00f6sungen f\u00fcr ihre Mitarbeiter ist es der Anspruch der Unternehmen der Schwarz-Gruppe, \u00f6kologische und soziale Verantwortung mit langfristiger wirtschaftlicher Stabilit\u00e4t in Einklang zu bringen\u201c, teilt der Sprecher mit. <\/p>\n<p>In anderen europ\u00e4ischen L\u00e4ndern setzt die Gruppe weiter auch neue Stromer ein. Und in Deutschland gebe es Alternativen, von Jobrad bis Firmenticket. \u201eUnser globales Net-Zero-Ziel bis 2050 steht fest und der Ausbau der E-Mobilit\u00e4t bleibt daf\u00fcr ein wichtiger Baustein.\u201c<\/p>\n<p>Zudem ist die Gruppe selbst Betreiber eines Netzwerks von Ladestationen\u00a0\u2013 etwa bei den Gesch\u00e4ften. \u201eInsgesamt standen zum Ende des Gesch\u00e4ftsjahres 2025 bereits 24.024 E-Ladepunkte an 6973 Standorten zur Verf\u00fcgung \u2013 eine Steigerung von rund 245 Prozent innerhalb der letzten f\u00fcnf Jahre\u201c, rechnet der Sprecher vor. Und \u00fcberhaupt beobachte der Konzern die Lage und werde die Entscheidung bei einer ge\u00e4nderten Marktlage revidieren.<\/p>\n<p>Nur wenige andere Unternehmen betreiben ihre Fuhrparks als direkte K\u00e4ufer der Autokonzerne \u2013 etwa die Deutsche Bahn. Das Staatsunternehmen h\u00e4lt seine Mitarbeiter laut einer Sprecherin bislang nicht dazu an, die Beschaffung von Elektroautos zu \u00fcberdenken. Offenbar nimmt die Bahn den Wertverlust\u00a0\u2013 noch\u00a0\u2013 in Kauf. \u201eDie aktuell niedrigeren Restwerte von Elektrofahrzeugen im Verh\u00e4ltnis zu vergleichbaren Verbrennern stellen auch f\u00fcr die Deutsche Bahn eine Herausforderung dar, da sie die Gesamtwirtschaftlichkeit der Fahrzeuge beeinflussen\u201c, r\u00e4umt die Sprecherin ein.<\/p>\n<p>Die Entscheidung f\u00fcr Fahrzeuge basiere bei der Bahn aber \u201eauf einer ganzheitlichen Betrachtung von Fahrzeuganforderungen und Wirtschaftlichkeit unter Ber\u00fccksichtigung von Nachhaltigkeitsaspekten\u201c.<\/p>\n<p><b>Dieser Artikel wurde f\u00fcr das Wirtschaftskompetenzcenter von WELT und \u201e<\/b><a class=\"is-link c-block-items__link is-external c-link--rich-text-renderer\" href=\"https:\/\/www.businessinsider.de\" target=\"_blank\" title=\"Link wird in einem neuen Tab ge\u00f6ffnet\" rel=\"nofollow noopener\" data-internal-tracking-enabled=\"true\" data-internal-tracking=\"{&quot;action&quot;:&quot;click&quot;,&quot;label&quot;:&quot;link&quot;,&quot;name&quot;:&quot;Inline Element&quot;,&quot;data&quot;:{&quot;source&quot;:&quot;&quot;,&quot;target&quot;:&quot;https:\/\/www.businessinsider.de&quot;,&quot;trackingName&quot;:&quot;&quot;,&quot;trackingLabel&quot;:&quot;&quot;}}\"><b>Business Insider Deutschland<\/b><\/a><b>\u201c erstellt.<\/b><\/p>\n<p><a class=\"is-link c-block-items__link c-link--rich-text-renderer\" href=\"https:\/\/www.welt.de\/autor\/klemens-handke\/\" target=\"_blank\" title=\"Link wird in einem neuen Tab ge\u00f6ffnet\" rel=\"nofollow noopener\" data-internal-tracking-enabled=\"true\" data-internal-tracking=\"{&quot;action&quot;:&quot;click&quot;,&quot;label&quot;:&quot;link&quot;,&quot;name&quot;:&quot;Inline Element&quot;,&quot;data&quot;:{&quot;source&quot;:&quot;&quot;,&quot;target&quot;:&quot;https:\/\/www.welt.de\/autor\/klemens-handke\/&quot;,&quot;trackingName&quot;:&quot;&quot;,&quot;trackingLabel&quot;:&quot;&quot;}}\"><b>Klemens Handke<\/b><\/a><b> berichtet unter anderem \u00fcber die Deutsche Bahn.<\/b><\/p>\n<p><a class=\"is-link c-block-items__link c-link--rich-text-renderer\" href=\"https:\/\/www.welt.de\/autor\/christoph-kapalschinski\/\" data-internal-tracking-enabled=\"true\" data-internal-tracking=\"{&quot;action&quot;:&quot;click&quot;,&quot;label&quot;:&quot;link&quot;,&quot;name&quot;:&quot;Inline Element&quot;,&quot;data&quot;:{&quot;source&quot;:&quot;&quot;,&quot;target&quot;:&quot;https:\/\/www.welt.de\/autor\/christoph-kapalschinski\/&quot;,&quot;trackingName&quot;:&quot;&quot;,&quot;trackingLabel&quot;:&quot;&quot;}}\" rel=\"nofollow noopener\" target=\"_blank\"><b>Christoph Kapalschinski <\/b><\/a><b>berichtet als Redakteur \u00fcber die <\/b><a class=\"is-link c-block-items__link c-link--rich-text-renderer\" href=\"https:\/\/www.welt.de\/themen\/autoindustrie\/\" data-internal-tracking-enabled=\"true\" data-internal-tracking=\"{&quot;action&quot;:&quot;click&quot;,&quot;label&quot;:&quot;link&quot;,&quot;name&quot;:&quot;Inline Element&quot;,&quot;data&quot;:{&quot;source&quot;:&quot;&quot;,&quot;target&quot;:&quot;https:\/\/www.welt.de\/themen\/autoindustrie\/&quot;,&quot;trackingName&quot;:&quot;&quot;,&quot;trackingLabel&quot;:&quot;&quot;}}\" rel=\"nofollow noopener\" target=\"_blank\"><b>Autoindustrie<\/b><\/a><b>.<\/b><\/p>\n","protected":false},"excerpt":{"rendered":"Elektroautos werden gegen\u00fcber Verbrennern vom deutschen Staat steuerlich deutlich bevorzugt: Auch deswegen landet ein Gro\u00dfteil der neuen E-Autos&hellip;\n","protected":false},"author":2,"featured_media":1201897,"comment_status":"","ping_status":"","sticky":false,"template":"","format":"standard","meta":{"footnotes":"","_share_on_mastodon":"0"},"categories":[134],"tags":[371,175,170,169,2030,29,1728,51955,30,98930,78962,2940,59183,2939,171,174,250656,45,173,172],"class_list":["post-1201896","post","type-post","status-publish","format-standard","has-post-thumbnail","category-unternehmen-maerkte","tag-autoindustrie","tag-business","tag-companies","tag-companies-markets","tag-deutsche-bahn","tag-deutschland","tag-elektroautos","tag-elektromobile-ks","tag-germany","tag-handke-klemens","tag-kapalschinski-christoph","tag-kaufland","tag-kc_makro","tag-lidl","tag-markets","tag-maerkte","tag-schwarz-gruppe-handelskonzern","tag-texttospeech","tag-unternehmen","tag-unternehmen-maerkte"],"share_on_mastodon":{"url":"https:\/\/pubeurope.com\/@de\/117005329879294677","error":""},"_links":{"self":[{"href":"https:\/\/www.europesays.com\/de\/wp-json\/wp\/v2\/posts\/1201896","targetHints":{"allow":["GET"]}}],"collection":[{"href":"https:\/\/www.europesays.com\/de\/wp-json\/wp\/v2\/posts"}],"about":[{"href":"https:\/\/www.europesays.com\/de\/wp-json\/wp\/v2\/types\/post"}],"author":[{"embeddable":true,"href":"https:\/\/www.europesays.com\/de\/wp-json\/wp\/v2\/users\/2"}],"replies":[{"embeddable":true,"href":"https:\/\/www.europesays.com\/de\/wp-json\/wp\/v2\/comments?post=1201896"}],"version-history":[{"count":0,"href":"https:\/\/www.europesays.com\/de\/wp-json\/wp\/v2\/posts\/1201896\/revisions"}],"wp:featuredmedia":[{"embeddable":true,"href":"https:\/\/www.europesays.com\/de\/wp-json\/wp\/v2\/media\/1201897"}],"wp:attachment":[{"href":"https:\/\/www.europesays.com\/de\/wp-json\/wp\/v2\/media?parent=1201896"}],"wp:term":[{"taxonomy":"category","embeddable":true,"href":"https:\/\/www.europesays.com\/de\/wp-json\/wp\/v2\/categories?post=1201896"},{"taxonomy":"post_tag","embeddable":true,"href":"https:\/\/www.europesays.com\/de\/wp-json\/wp\/v2\/tags?post=1201896"}],"curies":[{"name":"wp","href":"https:\/\/api.w.org\/{rel}","templated":true}]}}