{"id":1201935,"date":"2026-07-29T21:35:15","date_gmt":"2026-07-29T21:35:15","guid":{"rendered":"https:\/\/www.europesays.com\/de\/1201935\/"},"modified":"2026-07-29T21:35:15","modified_gmt":"2026-07-29T21:35:15","slug":"sommersound-2026-fuenf-sonntage-voller-musik-und-sommerfeeling-in-gelsenkirchen","status":"publish","type":"post","link":"https:\/\/www.europesays.com\/de\/1201935\/","title":{"rendered":"SommerSound 2026 &#8211; F\u00fcnf Sonntage voller Musik und Sommerfeeling in Gelsenkirchen"},"content":{"rendered":"<p class=\"wp-block-paragraph\"><strong>Von Mitte Juli bis Mitte August ist es wieder soweit. Das SommerSound Festival im Stadtgarten Gelsenkirchen steht wieder an. Das Festival steht seit 1990 f\u00fcr abwechslungsreiche und lebendige Musikkultur im Ruhrgebiet. Besucherinnen und Besucher d\u00fcrfen sich an f\u00fcnf Sonntagen auf ein abwechslungsreiches Musikprogramm freuen.<\/strong><\/p>\n<p><img loading=\"lazy\" decoding=\"async\" width=\"1024\" height=\"576\" src=\"data:image\/svg+xml,%3Csvg%20xmlns=\" http:=\"\" alt=\"Abwechslungsreiche und lebendige Musik beim SommerSound Festival in Gelsenkirchen. Foto: Guntmar Feuerstein\" class=\"wp-image-68927\" data-lazy- data-lazy- data-lazy-src=\"https:\/\/www.europesays.com\/de\/wp-content\/uploads\/2026\/07\/SommerSound-2026-Bild-1-1024x576.jpg\"\/>Das SommerSound Festival zieht viele Besucherinnen und Besucher an. Foto: Guntmar Feuerstein<\/p>\n<p class=\"wp-block-paragraph\"><strong>[ruhr-guide]<\/strong> Wenn die Sommerferien beginnen, geh\u00f6rt das SommerSound Festival f\u00fcr viele Musikbegeisterte in Gelsenkirchen l\u00e4ngst zum festen Programm. Schon lange begeistert das Festival mit K\u00fcnstlerinnen und K\u00fcnstlern aus Deutschland und dem Ausland und verbindet musikalische Vielfalt mit einer besonderen Atmosph\u00e4re im Stadtgarten. 2026 markiert die 35. Auflage des Festivals.<\/p>\n<p>Eine Gelsenkirchener Tradition seit \u00fcber 30 Jahren<\/p>\n<p class=\"wp-block-paragraph\">Der SommerSound blickt mittlerweile auf \u00fcber 30 Jahre Geschichte zur\u00fcck. Bereits 1990 fanden die ersten Konzerte am Musikpavillon im Stadtgarten statt. Seitdem geh\u00f6rt das Festival fest zum Kultursommer in Gelsenkirchen. Nach einem Brand im Fr\u00fchjahr sorgt eine mobile B\u00fchne nun daf\u00fcr, dass dem musikalischen Sommer nichts im Wege steht. Der Einlass beginnt um 17:30 Uhr, dann \u00f6ffnet dort auch der Biergarten, der zum Verweilen und Austausch einl\u00e4dt. Jeweils zwei Auftritte gibt es pro Abend, einmal um 18 Uhr und einmal um 19:30 Uhr. Der Eintritt ist dabei kostenlos.<\/p>\n<p class=\"wp-block-paragraph\">Im Laufe der Jahre hat das Festival verschiedene musikalische Schwerpunkte gesetzt. Seit 2006 liegt der Fokus jedoch auf dem sogenannten \u201eNeuen Folk\u201c, auch als zeitgen\u00f6ssischer Folk bekannt. Gestaltet wird das Programm von Guntmar Feuerstein und ist eine Veranstaltung des Referats Kultur der Stadt Gelsenkirchen. Einen R\u00fcckblick der vergangenen SommerSound Konzerte finden Sie auf: <a href=\"https:\/\/www.gelsenkirchen.de\/de\/Kultur\/Festivals_und_Programmreihen\/SommerSound\/Geschichte_der_Musikreihe.aspx\" rel=\"nofollow noopener\" target=\"_blank\">https:\/\/www.gelsenkirchen.de\/de\/Kultur\/Festivals_und_Programmreihen\/SommerSound\/Geschichte_der_Musikreihe.aspx<\/a>.<\/p>\n<p>F\u00fcnf Sonntage abwechslungsreicher Musik<\/p>\n<p class=\"wp-block-paragraph\">Besucherinnen und Besucher k\u00f6nnen sich auf ein vielf\u00e4ltiges Musikprogramm freuen. Das musikalische Angebot reicht von emotionalem Songwriting \u00fcber Folk bis hin zu mitrei\u00dfender Weltmusik. Den Auftakt macht das Stra\u00dfenmusikduo <strong><a href=\"https:\/\/linabo.de\/\" rel=\"nofollow noopener\" target=\"_blank\">Lina B\u00f3<\/a><\/strong>. Das deutschsprachige Folk-Pop Duo steht f\u00fcr Rheinisch-kubanisches Temperament, dass auf d\u00e4nische Flensburger Gelassenheit trifft. Die Songs sind mal melancholisch, mal tanzbar und aber stets voller Lebensfreude und Optimismus. Vor allem m\u00f6chte das Duo, bestehend aus Celina von Wrochem und Luca Bo Hansen, mit ihrer Musik Botschaften von Frieden, Respekt und Lebensfreude vermitteln. Gleichzeitig wollen sie Menschen dazu inspirieren, gemeinsam zu feiern und sich f\u00fcr eine gemeinsame Zukunft einzusetzen. <\/p>\n<p><img loading=\"lazy\" decoding=\"async\" width=\"1024\" height=\"683\" src=\"data:image\/svg+xml,%3Csvg%20xmlns=\" http:=\"\" alt=\"Das Duo Lina B\u00f3 tritt am 26.Juli um 18 Uhr auf. Foto: Marcel Brell\" class=\"wp-image-68930\" style=\"aspect-ratio:1.4992786644988436;width:1023px;height:auto\" data-lazy- data-lazy- data-lazy-src=\"https:\/\/www.europesays.com\/de\/wp-content\/uploads\/2026\/07\/SommerSound-2026-Lina-Bo-1024x683.jpg\"\/>Das Duo Lina B\u00f3 steht f\u00fcr Lebensfreude und Optimismus. Foto: Marcel Brell<\/p>\n<p class=\"wp-block-paragraph\">Auch einige internationale Acts sind dabei, wie z.B. <strong><a href=\"https:\/\/www.paulmckennaband.com\/\" rel=\"nofollow noopener\" target=\"_blank\">The Paul McKenna Band<\/a><\/strong>, eine schottische Band, die seit fast 20 Jahren traditionellen Folk mit modernem, authentischem Songwriting verbindet. Gemeinsam mit Fiddle, Fl\u00f6ten und treibenden Rhythmen sorgt die Band f\u00fcr einen mitrei\u00dfenden Live-Sound und gilt als eine der erfolgreichsten Formationen der schottischen Folk-Szene. Die New York Times bezeichnete die Band als \u201eThe best folk band to have come out of Scotland in the last twenty years\u201c, also als \u201edie beste Folk-Band, die in den vergangenen 20 Jahren aus Schottland hervorgegangen ist\u201c. Am 2. August um 19:30 Uhr k\u00f6nnen Interessierte die Band selbst erleben.<\/p>\n<p class=\"wp-block-paragraph\">Den Abschluss des SommerSounds \u00fcbernimmt am <strong>23. August um 19:30 Uhr<\/strong> das <strong><a href=\"https:\/\/www.malikimusic.com\/\" rel=\"nofollow noopener\" target=\"_blank\">Malik\u00ec World Orchestra<\/a><\/strong>. Mit bunten Hemden und gro\u00dfer Spielfreude sorgt die achtk\u00f6pfige Band f\u00fcr energiegeladene Aufritte. Musikalisch verbindet das Ensemble Afro- und Latin-Rhythmen mit Balkan Beats und Gypsy Jazz. Die Band singt u.a. auf italienisch, spanisch und griechisch und feiert damit kulturelle Vielfalt und l\u00e4dt damit zum gemeinsamen Feiern ein.<\/p>\n<p class=\"wp-block-paragraph\">Neben diesen Acts treten zahlreiche weitere K\u00fcnstlerinnen und K\u00fcnstler auf. Das Programm im \u00dcberblick:<\/p>\n<p class=\"wp-block-paragraph\"><strong>26. Juli<br \/><\/strong>18:00 Uhr \u2013 Lina B\u00f3 (D)<br \/>19:30 Uhr \u2013 AN ERMINIG (D)<\/p>\n<p class=\"wp-block-paragraph\"><strong>2. August<br \/><\/strong>18:00 Uhr \u2013 Laura Cortese &amp; Bert Ruymbeek (B, USA)<br \/>19:30 Uhr \u2013 The Paul McKenna Band (UK)<\/p>\n<p class=\"wp-block-paragraph\"><strong>9. August<br \/><\/strong>18:00 Uhr \u2013 Palm Bay Frost (D)<br \/>19:30 Uhr \u2013 Tribubu (D)<\/p>\n<p class=\"wp-block-paragraph\"><strong>16. August<br \/><\/strong>18:00 Uhr \u2013 Sarah McQuaid (UK)<br \/>19:30 Uhr \u2013 Schnaftl Ufftschik (D)<\/p>\n<p class=\"wp-block-paragraph\"><strong>23. August<br \/><\/strong>18:00 Uhr \u2013 Skupa (D)<br \/>19:30 Uhr \u2013 Malik\u00ec World Orchestra (D)<\/p>\n<p class=\"wp-block-paragraph\">Wer sich vorab \u00fcber die K\u00fcnstlerinnen und K\u00fcnstler informieren oder bereits in die Musik hineinh\u00f6ren m\u00f6chte, findet das vollst\u00e4ndige Programmheft sowie weitere Informationen unter:<br \/><a href=\"https:\/\/www.gelsenkirchen.de\/de\/Kultur\/Festivals_und_Programmreihen\/SommerSound\/_doc\/GE_sommersound_Folder_2026_0624_FINAL.pdf\" rel=\"nofollow noopener\" target=\"_blank\">https:\/\/www.gelsenkirchen.de\/de\/Kultur\/Festivals_und_Programmreihen\/SommerSound\/_doc\/GE_sommersound_Folder_2026_0624_FINAL.pdf<\/a><\/p>\n<p>SommerSound 2026<\/p>\n<p class=\"wp-block-paragraph\">Jeden Sonntag vom 26. Juli bis 23. August 2026<\/p>\n<p class=\"wp-block-paragraph\"><strong>Musikpavillon Stadtgarten<\/strong><br \/>Zeppelinallee 51<br \/>45883 Gelsenkirchen<\/p>\n<p class=\"wp-block-paragraph\">Kostenloser Eintritt<\/p>\n<p class=\"wp-block-paragraph\">Weitere Informationen finden Sie auf:<br \/><a href=\"https:\/\/www.gelsenkirchen.de\/de\/kultur\/festivals_und_programmreihen\/sommersound\" rel=\"nofollow noopener\" target=\"_blank\">https:\/\/www.gelsenkirchen.de\/de\/kultur\/festivals_und_programmreihen\/sommersound<\/a><\/p>\n<p class=\"wp-block-paragraph\">Foto 1: Guntmar Feuerstein<br \/>Foto 2: Marcel Brell<\/p>\n","protected":false},"excerpt":{"rendered":"Von Mitte Juli bis Mitte August ist es wieder soweit. Das SommerSound Festival im Stadtgarten Gelsenkirchen steht wieder&hellip;\n","protected":false},"author":2,"featured_media":1201936,"comment_status":"","ping_status":"","sticky":false,"template":"","format":"standard","meta":{"footnotes":"","_share_on_mastodon":"0"},"categories":[1839],"tags":[7507,3364,29,3658,30,8642,1209,89598,78064],"class_list":["post-1201935","post","type-post","status-publish","format-standard","has-post-thumbnail","category-bochum","tag-bochum","tag-de","tag-deutschland","tag-gelsenkirchen","tag-germany","tag-musikfestival","tag-nordrhein-westfalen","tag-sommersound","tag-startseite"],"share_on_mastodon":{"url":"https:\/\/pubeurope.com\/@de\/117005420138860247","error":""},"_links":{"self":[{"href":"https:\/\/www.europesays.com\/de\/wp-json\/wp\/v2\/posts\/1201935","targetHints":{"allow":["GET"]}}],"collection":[{"href":"https:\/\/www.europesays.com\/de\/wp-json\/wp\/v2\/posts"}],"about":[{"href":"https:\/\/www.europesays.com\/de\/wp-json\/wp\/v2\/types\/post"}],"author":[{"embeddable":true,"href":"https:\/\/www.europesays.com\/de\/wp-json\/wp\/v2\/users\/2"}],"replies":[{"embeddable":true,"href":"https:\/\/www.europesays.com\/de\/wp-json\/wp\/v2\/comments?post=1201935"}],"version-history":[{"count":0,"href":"https:\/\/www.europesays.com\/de\/wp-json\/wp\/v2\/posts\/1201935\/revisions"}],"wp:featuredmedia":[{"embeddable":true,"href":"https:\/\/www.europesays.com\/de\/wp-json\/wp\/v2\/media\/1201936"}],"wp:attachment":[{"href":"https:\/\/www.europesays.com\/de\/wp-json\/wp\/v2\/media?parent=1201935"}],"wp:term":[{"taxonomy":"category","embeddable":true,"href":"https:\/\/www.europesays.com\/de\/wp-json\/wp\/v2\/categories?post=1201935"},{"taxonomy":"post_tag","embeddable":true,"href":"https:\/\/www.europesays.com\/de\/wp-json\/wp\/v2\/tags?post=1201935"}],"curies":[{"name":"wp","href":"https:\/\/api.w.org\/{rel}","templated":true}]}}