{"id":1202039,"date":"2026-07-29T22:45:15","date_gmt":"2026-07-29T22:45:15","guid":{"rendered":"https:\/\/www.europesays.com\/de\/1202039\/"},"modified":"2026-07-29T22:45:15","modified_gmt":"2026-07-29T22:45:15","slug":"sorgen-der-anleger-sind-gross-rekordumsatz-von-meta-verpufft-aktie-stuerzt-wegen-ki-kosten-ab","status":"publish","type":"post","link":"https:\/\/www.europesays.com\/de\/1202039\/","title":{"rendered":"Sorgen der Anleger sind gro\u00df: Rekordumsatz von Meta verpufft &#8211; Aktie st\u00fcrzt wegen KI-Kosten ab"},"content":{"rendered":"<p>Sorgen der Anleger sind gro\u00df Rekordumsatz von Meta verpufft &#8211; Aktie st\u00fcrzt wegen KI-Kosten ab<\/p>\n<p>29.07.2026, 23:40 Uhr <\/p>\n<p>Artikel anh\u00f6ren(03:15 min)<\/p>\n<p><img decoding=\"async\" class=\"Image_img__fQCi0 Image_Img_16_9__4BLfH widget-picture-inline_maximizable__t_E7h\" loading=\"eager\" fetchpriority=\"high\" src=\"https:\/\/www.europesays.com\/de\/wp-content\/uploads\/2026\/07\/Meta-CEO-Mark-Zuckerberg-wears-artificial-intelligence-powered-smart-glasses-and-a-wristband-as-he-s.webp\" alt=\"Meta-CEO-Mark-Zuckerberg-wears-artificial-intelligence-powered-smart-glasses-and-a-wristband-as-he-speaks-during-the-company-s-Connect-developer-conference-Wednesday-Sept-17-2025-in-Menlo-Park-Calif\"\/>Meta-Chef Mark Zuckerberg ist \u00fcberzeugt: Seine teure KI-Wette wird aufgehen. (Foto: picture alliance \/ ASSOCIATED PRESS)TeilenFolgen auf:<a href=\"https:\/\/www.whatsapp.com\/channel\/0029Va5cdVJD8SDp5YZgYF01\" title=\"Auf WhatsApp folgen\" target=\"_blank\" rel=\"nofollow noopener\"><img decoding=\"async\" src=\"https:\/\/www.n-tv.de\/socialIcons\/whatsapp.svg\" alt=\"whatsapp\" class=\"ArticleShare_icon__FsrC2\"\/><\/a><a href=\"https:\/\/www.google.com\/preferences\/source?q=n-tv.de\" title=\"ntv als bevorzugte Quelle auf Google hinzuf\u00fcgen\" target=\"_blank\" rel=\"nofollow noopener\"><img decoding=\"async\" src=\"https:\/\/www.n-tv.de\/socialIcons\/google.svg\" alt=\"whatsapp\" class=\"ArticleShare_icon__FsrC2\"\/><\/a><\/p>\n<p class=\"Typography_text-m__XI0da Typography_weight-bold__uT6mq storyline_lead_text_leadtext__q_wg8\">Im vergangenen Jahr investiert der Facebook-Konzern Meta gut 72 Milliarden Dollar in KI-Infrastruktur. In diesem Jahr werden sich die Ausgaben verdoppeln. F\u00fcr die Anleger zu viel des Guten: Sie werfen Meta-Aktien trotz eines Rekordumsatzes aus den Depots. <\/p>\n<p class=\"Typography_text-default__P3otY Typography_weight-normal__pqUbH storyline_paragraph_p__qSR5N\">Die geplanten KI-Ausgaben und ein schrumpfender Cashflow \u00fcberschatten das \u00fcberraschend starke Umsatzwachstum von Meta.  Der Umsatz des Facebook-Konzerns belief sich im zweiten Quartal auf 60,8 Milliarden Dollar, was einem Umsatzwachstum von 28 Prozent im Vergleich zum Vorjahr entspricht. <\/p>\n<p class=\"Typography_text-default__P3otY Typography_weight-normal__pqUbH storyline_paragraph_p__qSR5N\">Zugleich hob Meta das untere Ende der Spanne f\u00fcr die geplanten Investitionen an. Das Unternehmen rechnet f\u00fcr 2026 mit Ausgaben zwischen 130 und 145 statt bisher 125 und 145 Milliarden Dollar. 2025 gab der Konzern gut 72 Milliarden Dollar aus. <\/p>\n<p class=\"Typography_text-default__P3otY Typography_weight-normal__pqUbH storyline_paragraph_p__qSR5N\">Die Aktie des Facebook-Konzerns verlor im nachb\u00f6rslichen US-Handel zeitweise mehr als neun Prozent.\u00a0Anleger reagieren derzeit besonders sensibel auf die Budgetplanung f\u00fcr neue Rechenzentren. <\/p>\n<p class=\"Typography_text-default__P3otY Typography_weight-normal__pqUbH storyline_paragraph_p__qSR5N\">Der Nettogewinn betrug im Zeitraum von April bis Juni 15,8 Milliarden Dollar und lag damit unter den Erwartungen der Analysten. Besorgniserregender war jedoch die Entwicklung des Cashflows: Dieser brach im zweiten Quartal um 91 Prozent auf 784 Millionen Dollar ein. Der Geldfluss zeigt an, wie viele Einnahmen tats\u00e4chlich in den Firmenkassen landen.<\/p>\n<p class=\"Typography_text-default__P3otY Typography_weight-normal__pqUbH storyline_paragraph_p__qSR5N\">F\u00fcr das laufende Vierteljahr stellt Meta einen Umsatz zwischen 61 und 64 Milliarden Dollar in Aussicht &#8211; auch das entt\u00e4uschte: Analysten hatten im Schnitt mit einem Umsatz von 63 Milliarden Dollar gerechnet.<\/p>\n<p class=\"Typography_text-default__P3otY Typography_weight-normal__pqUbH storyline_paragraph_p__qSR5N\">Das Unternehmen finanziert seine KI-Projekte \u00fcber zus\u00e4tzliche Schulden oder holt Investoren mit ins Boot. So \u00fcbernimmt der weltgr\u00f6\u00dfte Verm\u00f6gensverwalter Blackrock 80 Prozent der Anteile an einer 14 Milliarden Dollar teuren Anlage, die derzeit im US-Bundesstaat Texas gebaut wird. An einem anderen Rechenzentrum beteiligt sich der Finanzinvestor Blue Owl.<\/p>\n<p class=\"Typography_text-default__P3otY Typography_weight-normal__pqUbH storyline_paragraph_p__qSR5N\">Der bereinigte Gewinn je Aktie schrumpfte dagegen \u00fcberraschend um 13 Prozent auf 6,18 Dollar. Hier machten sich R\u00fcckstellungen f\u00fcr Rechtsstreitigkeiten in H\u00f6he von 2,4 Milliarden bemerkbar. Der Betreiber von Facebook und Instagram muss sich unter anderem wegen des Designs seiner Apps in mehreren Verfahren vor Gericht verantworten. Die Kl\u00e4ger werfen dem Unternehmen vor, Nutzer gezielt s\u00fcchtig zu machen. Im Fr\u00fchjahr hatte ein US-Gericht\u00a0Meta\u00a0und Google zu Schadenersatzzahlungen verurteilt.\u00a0<\/p>\n<p class=\"Typography_text-s__wu_cm Typography_weight-normal__pqUbH Typography_color-darkgrey__sZEnP article-detail-footer_source__KslPc\">Quelle: ntv.de, chr\/rts\/DJ<\/p>\n","protected":false},"excerpt":{"rendered":"Sorgen der Anleger sind gro\u00df Rekordumsatz von Meta verpufft &#8211; Aktie st\u00fcrzt wegen KI-Kosten ab 29.07.2026, 23:40 Uhr&hellip;\n","protected":false},"author":2,"featured_media":1202040,"comment_status":"","ping_status":"","sticky":false,"template":"","format":"standard","meta":{"footnotes":"","_share_on_mastodon":"0"},"categories":[134],"tags":[175,170,169,29,291,30,1256,171,174,13924,10269,173,172,55],"class_list":["post-1202039","post","type-post","status-publish","format-standard","has-post-thumbnail","category-unternehmen-maerkte","tag-business","tag-companies","tag-companies-markets","tag-deutschland","tag-facebook","tag-germany","tag-kuenstliche-intelligenz","tag-markets","tag-maerkte","tag-meta-platforms","tag-quartalszahlen","tag-unternehmen","tag-unternehmen-maerkte","tag-wirtschaft"],"share_on_mastodon":{"url":"https:\/\/pubeurope.com\/@de\/117005695779592183","error":""},"_links":{"self":[{"href":"https:\/\/www.europesays.com\/de\/wp-json\/wp\/v2\/posts\/1202039","targetHints":{"allow":["GET"]}}],"collection":[{"href":"https:\/\/www.europesays.com\/de\/wp-json\/wp\/v2\/posts"}],"about":[{"href":"https:\/\/www.europesays.com\/de\/wp-json\/wp\/v2\/types\/post"}],"author":[{"embeddable":true,"href":"https:\/\/www.europesays.com\/de\/wp-json\/wp\/v2\/users\/2"}],"replies":[{"embeddable":true,"href":"https:\/\/www.europesays.com\/de\/wp-json\/wp\/v2\/comments?post=1202039"}],"version-history":[{"count":0,"href":"https:\/\/www.europesays.com\/de\/wp-json\/wp\/v2\/posts\/1202039\/revisions"}],"wp:featuredmedia":[{"embeddable":true,"href":"https:\/\/www.europesays.com\/de\/wp-json\/wp\/v2\/media\/1202040"}],"wp:attachment":[{"href":"https:\/\/www.europesays.com\/de\/wp-json\/wp\/v2\/media?parent=1202039"}],"wp:term":[{"taxonomy":"category","embeddable":true,"href":"https:\/\/www.europesays.com\/de\/wp-json\/wp\/v2\/categories?post=1202039"},{"taxonomy":"post_tag","embeddable":true,"href":"https:\/\/www.europesays.com\/de\/wp-json\/wp\/v2\/tags?post=1202039"}],"curies":[{"name":"wp","href":"https:\/\/api.w.org\/{rel}","templated":true}]}}