{"id":1202043,"date":"2026-07-29T22:47:18","date_gmt":"2026-07-29T22:47:18","guid":{"rendered":"https:\/\/www.europesays.com\/de\/1202043\/"},"modified":"2026-07-29T22:47:18","modified_gmt":"2026-07-29T22:47:18","slug":"laut-verfassungsschutz-pforzheim-ist-ein-salafisten-hotspot-in-baden-wuerttemberg-pforzheim","status":"publish","type":"post","link":"https:\/\/www.europesays.com\/de\/1202043\/","title":{"rendered":"Laut Verfassungsschutz: Pforzheim ist ein Salafisten-Hotspot in Baden-W\u00fcrttemberg &#8211; Pforzheim"},"content":{"rendered":"<p>Pforzheim. Der Verfassungsschutz berichtet j\u00e4hrlich \u00fcber extremistische Entwicklungen des Vorjahres. F\u00fcr 2025 z\u00e4hlt das Landesamt landesweit rund 20.500 Personen aus unterschiedlichen extremistischen Bereichen. In Pforzheim f\u00e4llt vor allem eine neue Einordnung auf: Erstmals geh\u00f6rt die Stadt neben Heilbronn, Mannheim und dem Gro\u00dfraum Stuttgart zu den Hauptzentren salafistischer Aktivit\u00e4ten. Im Vorjahresbericht fehlte sie noch in dieser Aufz\u00e4hlung. Salafismus ist eine ultrakonservative Str\u00f6mung des Islams, die das Gesellschaftsmodell der Fr\u00fchzeit des Islams anstrebt und die moderne Demokratie oft ablehnt.<\/p>\n","protected":false},"excerpt":{"rendered":"Pforzheim. Der Verfassungsschutz berichtet j\u00e4hrlich \u00fcber extremistische Entwicklungen des Vorjahres. F\u00fcr 2025 z\u00e4hlt das Landesamt landesweit rund 20.500&hellip;\n","protected":false},"author":2,"featured_media":1202044,"comment_status":"","ping_status":"","sticky":false,"template":"","format":"standard","meta":{"footnotes":"","_share_on_mastodon":"0"},"categories":[2],"tags":[29,1549,30,13,6912,14,15,10469,72138,12,10,8,9,11,250675],"class_list":["post-1202043","post","type-post","status-publish","format-standard","has-post-thumbnail","category-deutschland","tag-deutschland","tag-extremismus","tag-germany","tag-headlines","tag-hotspot","tag-nachrichten","tag-news","tag-pforzheim","tag-salafisten","tag-schlagzeilen","tag-top-news","tag-top-meldungen","tag-topmeldungen","tag-topnews","tag-verfassungschutz"],"share_on_mastodon":{"url":"https:\/\/pubeurope.com\/@de\/117005703268341975","error":""},"_links":{"self":[{"href":"https:\/\/www.europesays.com\/de\/wp-json\/wp\/v2\/posts\/1202043","targetHints":{"allow":["GET"]}}],"collection":[{"href":"https:\/\/www.europesays.com\/de\/wp-json\/wp\/v2\/posts"}],"about":[{"href":"https:\/\/www.europesays.com\/de\/wp-json\/wp\/v2\/types\/post"}],"author":[{"embeddable":true,"href":"https:\/\/www.europesays.com\/de\/wp-json\/wp\/v2\/users\/2"}],"replies":[{"embeddable":true,"href":"https:\/\/www.europesays.com\/de\/wp-json\/wp\/v2\/comments?post=1202043"}],"version-history":[{"count":0,"href":"https:\/\/www.europesays.com\/de\/wp-json\/wp\/v2\/posts\/1202043\/revisions"}],"wp:featuredmedia":[{"embeddable":true,"href":"https:\/\/www.europesays.com\/de\/wp-json\/wp\/v2\/media\/1202044"}],"wp:attachment":[{"href":"https:\/\/www.europesays.com\/de\/wp-json\/wp\/v2\/media?parent=1202043"}],"wp:term":[{"taxonomy":"category","embeddable":true,"href":"https:\/\/www.europesays.com\/de\/wp-json\/wp\/v2\/categories?post=1202043"},{"taxonomy":"post_tag","embeddable":true,"href":"https:\/\/www.europesays.com\/de\/wp-json\/wp\/v2\/tags?post=1202043"}],"curies":[{"name":"wp","href":"https:\/\/api.w.org\/{rel}","templated":true}]}}