{"id":1202055,"date":"2026-07-29T22:53:18","date_gmt":"2026-07-29T22:53:18","guid":{"rendered":"https:\/\/www.europesays.com\/de\/1202055\/"},"modified":"2026-07-29T22:53:18","modified_gmt":"2026-07-29T22:53:18","slug":"goettingen-17-jaehriger-schwer-verletzt-am-bahnsteig-entdeckt","status":"publish","type":"post","link":"https:\/\/www.europesays.com\/de\/1202055\/","title":{"rendered":"G\u00f6ttingen: 17-J\u00e4hriger schwer verletzt am Bahnsteig entdeckt"},"content":{"rendered":"<p>        <img decoding=\"async\" src=\"https:\/\/www.europesays.com\/de\/wp-content\/uploads\/2026\/07\/polizei-1432.webp\" alt=\"Blaulicht eines Polizeiautos in Niedersachsen.\" title=\"Blaulicht eines Polizeiautos in Niedersachsen. | TeleNewsNetwork\" class=\"responsive\"\/><\/p>\n<p>\n                Stand: 29.07.2026 09:47 Uhr<\/p>\n<p class=\"preface\">Ein Jugendlicher ist mit erheblichen Verletzungen am Hauptbahnhof in G\u00f6ttingen gefunden worden. Die Hintergr\u00fcnde sind unklar: Der 17-J\u00e4hrige liegt auf der Intensivstation und gilt aktuell als nicht vernehmungsf\u00e4hig.<\/p>\n<p class=\"\">Eine Frau habe den 17-J\u00e4hrigen am Sonntagmorgen auf einer Bank am Bahnsteig von Gleis 4 gefunden, teilte eine Polizeisprecherin am Dienstag mit. Der Jugendliche hatte demnach unter anderem massive Schwellungen im Gesicht, seine Oberbekleidung war teils blutverschmiert. Ein Rettungswagen brachte ihn in ein Krankenhaus. Dort verschlechterte sich sein Zustand derart, dass er auf die Intensivstation verlegt wurde.<\/p>\n<p>    Polizei geht von Angriff mit Faust oder Gegenstand aus<\/p>\n<p class=\"\">Woher die Verletzungen stammen, ist unklar. Die Polizei schlie\u00dft nach ersten Ermittlungen einen Sturz aus. Stattdessen gehen die Beamten davon aus, dass der 17-J\u00e4hrige mit der Faust oder einem unbekannten Gegenstand geschlagen wurde. Eine erste Befragung des Opfers habe aufgrund seines Zustandes keine Erkenntnisse gebracht, so die Sprecherin.<\/p>\n<p>    Tatort war au\u00dferhalb des Bahnhofs<\/p>\n<p class=\"\">Die Ermittler gehen davon aus, dass der mutma\u00dfliche Angriff am fr\u00fchen Sonntagmorgen zwischen 3 Uhr und 7.30 Uhr erfolgte. Der eigentliche Tatort ist dagegen unbekannt: Nach Erkenntnissen der Polizei war der Jugendliche au\u00dferhalb des Bahnhofsgel\u00e4ndes angegriffen worden. Anschlie\u00dfend sei er durch den Eingang an der Ostseite zum Bahnsteig gelangt, so die Sprecherin. Die Polizei sucht nun Zeugen f\u00fcr den Vorfall. Wer in der Nacht zu Sonntag beziehungsweise in den fr\u00fchen Morgenstunden in G\u00f6ttingen eine k\u00f6rperliche Auseinandersetzung beobachtet hat, solle sich unter der <strong>Telefonnummer (0551) 49 12 115<\/strong> bei der Polizei melden.<\/p>\n","protected":false},"excerpt":{"rendered":"Stand: 29.07.2026 09:47 Uhr Ein Jugendlicher ist mit erheblichen Verletzungen am Hauptbahnhof in G\u00f6ttingen gefunden worden. Die Hintergr\u00fcnde&hellip;\n","protected":false},"author":2,"featured_media":1202056,"comment_status":"","ping_status":"","sticky":false,"template":"","format":"standard","meta":{"footnotes":"","_share_on_mastodon":"0"},"categories":[1850],"tags":[65171,6429,3364,29,548,663,3934,30,25890,3601,13,55677,3263,14,15,1411,121,12,5185],"class_list":["post-1202055","post","type-post","status-publish","format-standard","has-post-thumbnail","category-braunschweig","tag-17-jaehriger","tag-braunschweig","tag-de","tag-deutschland","tag-eu","tag-europa","tag-europe","tag-germany","tag-goettingen","tag-hauptbahnhof","tag-headlines","tag-intensivstation","tag-krankenhaus","tag-nachrichten","tag-news","tag-niedersachsen","tag-polizei","tag-schlagzeilen","tag-verletzt"],"share_on_mastodon":{"url":"https:\/\/pubeurope.com\/@de\/117005727215160988","error":""},"_links":{"self":[{"href":"https:\/\/www.europesays.com\/de\/wp-json\/wp\/v2\/posts\/1202055","targetHints":{"allow":["GET"]}}],"collection":[{"href":"https:\/\/www.europesays.com\/de\/wp-json\/wp\/v2\/posts"}],"about":[{"href":"https:\/\/www.europesays.com\/de\/wp-json\/wp\/v2\/types\/post"}],"author":[{"embeddable":true,"href":"https:\/\/www.europesays.com\/de\/wp-json\/wp\/v2\/users\/2"}],"replies":[{"embeddable":true,"href":"https:\/\/www.europesays.com\/de\/wp-json\/wp\/v2\/comments?post=1202055"}],"version-history":[{"count":0,"href":"https:\/\/www.europesays.com\/de\/wp-json\/wp\/v2\/posts\/1202055\/revisions"}],"wp:featuredmedia":[{"embeddable":true,"href":"https:\/\/www.europesays.com\/de\/wp-json\/wp\/v2\/media\/1202056"}],"wp:attachment":[{"href":"https:\/\/www.europesays.com\/de\/wp-json\/wp\/v2\/media?parent=1202055"}],"wp:term":[{"taxonomy":"category","embeddable":true,"href":"https:\/\/www.europesays.com\/de\/wp-json\/wp\/v2\/categories?post=1202055"},{"taxonomy":"post_tag","embeddable":true,"href":"https:\/\/www.europesays.com\/de\/wp-json\/wp\/v2\/tags?post=1202055"}],"curies":[{"name":"wp","href":"https:\/\/api.w.org\/{rel}","templated":true}]}}