{"id":1202077,"date":"2026-07-29T23:06:18","date_gmt":"2026-07-29T23:06:18","guid":{"rendered":"https:\/\/www.europesays.com\/de\/1202077\/"},"modified":"2026-07-29T23:06:18","modified_gmt":"2026-07-29T23:06:18","slug":"bordeaux-fontainebleau-neue-waldbraende-brechen-in-mehreren-regionen-frankreichs-aus","status":"publish","type":"post","link":"https:\/\/www.europesays.com\/de\/1202077\/","title":{"rendered":"Bordeaux\/Fontainebleau | Neue Waldbr\u00e4nde brechen in mehreren Regionen Frankreichs aus"},"content":{"rendered":"<p>Bordeaux\/Fontainebleau (dpa) &#8211; In mehreren Regionen Frankreichs sind w\u00e4hrend einer Hitzewelle erneut Waldbr\u00e4nde ausgebrochen. Im s\u00fcdfranz\u00f6sischen Departement Var, wo zuvor bereits Br\u00e4nde gew\u00fctet hatten, brach im Bereich der Kleinstadt Brignoles ein Feuer aus, wie das Departement am Abend mitteilte. 600 bis 700 Menschen mussten evakuiert werden und 100 Hektar Fl\u00e4che gerieten in Brand. Mit 250 Feuerwehrleuten, sieben L\u00f6schhubschraubern und vier L\u00f6schflugzeugen wurden die Flammen bek\u00e4mpft.<\/p>\n<p>Ein erneutes Feuer wurde auch aus dem Wald von Fontainebleau s\u00fcdlich von Paris gemeldet, wo es vor zwei Wochen bereits gebrannt hatte. Evakuierungen waren dort nicht geplant, wie die Zeitung \u00abOuest-France\u00bb unter Verweis auf die Einsatzkr\u00e4fte berichtete. Die Feuerwehr bek\u00e4mpfte die Flammen mit Unterst\u00fctzung von Landwirten, die mit ihren Fahrzeugen Wasser f\u00fcr die L\u00f6schwagen in den Wald schafften.<\/p>\n<p>Bev\u00f6lkerung soll sich vor gef\u00e4hrlichem Rauch sch\u00fctzen<\/p>\n<p>Ein gr\u00f6\u00dferer Brand brach im Burgund in der Gemeinde Couchey in der N\u00e4he der Gro\u00dfstadt Dijon aus. 125 Hektar Fl\u00e4che wurden bereits in Mitleidenschaft gezogen, teile das Departement am Abend mit. 150 Feuerwehrleute, 78 L\u00f6schfahrzeuge und zwei L\u00f6schhubschrauber waren im Einsatz. Wegen des gesundheitsgef\u00e4hrdenden Rauchs wurde die Bev\u00f6lkerung aufgerufen, sich m\u00f6glichst nicht drau\u00dfen aufzuhalten und T\u00fcren und Fenster geschlossen zu halten.<\/p>\n<p>An der Atlantikk\u00fcste bei Bordeaux, wo die bislang massivsten Br\u00e4nde der Saison in Frankreich auf einer Fl\u00e4che von 42.000 Hektar gew\u00fctet hatten, k\u00e4mpfte die Feuerwehr bei Temperaturen von bis zu 41 Grad und kr\u00e4ftigem Wind gegen neu aufflammende Brandherde. Ein erneutes Ausbreiten des Brandes konnte die Feuerwehr mit einem Gro\u00dfaufgebot verhindern.<\/p>\n<p>Aussichten am Atlantik positiv\u00a0<\/p>\n<p>\u00abWenn die Nacht gut verl\u00e4uft, kann man f\u00fcr die Einwohner und Touristen hinsichtlich des morgigen Tages und der kommenden Tage durchaus optimistischer sein, da g\u00fcnstige Wetterbedingungen vorhergesagt werden\u00bb, sagte die Pr\u00e4fektin von Bordeaux, Sophie Brocas, wie \u00abOuest-France\u00bb berichtete. Sie \u00e4u\u00dferte die Hoffnung, \u00abeine R\u00fcckkehr zur Normalit\u00e4t f\u00fcr die Einwohner und die Unternehmen, die ihrer Arbeit nachgehen m\u00fcssen, ins Auge fassen zu k\u00f6nnen\u00bb. 224.000 Menschen waren in der Region evakuiert worden.<\/p>\n","protected":false},"excerpt":{"rendered":"Bordeaux\/Fontainebleau (dpa) &#8211; In mehreren Regionen Frankreichs sind w\u00e4hrend einer Hitzewelle erneut Waldbr\u00e4nde ausgebrochen. Im s\u00fcdfranz\u00f6sischen Departement Var,&hellip;\n","protected":false},"author":2,"featured_media":1202078,"comment_status":"","ping_status":"","sticky":false,"template":"","format":"standard","meta":{"footnotes":"","_share_on_mastodon":"0"},"categories":[1841],"tags":[1605,3364,29,987,156,30,7335,6237,1209],"class_list":["post-1202077","post","type-post","status-publish","format-standard","has-post-thumbnail","category-bielefeld","tag-bielefeld","tag-de","tag-deutschland","tag-feuer","tag-frankreich","tag-germany","tag-katastrophe","tag-natur","tag-nordrhein-westfalen"],"share_on_mastodon":{"url":"https:\/\/pubeurope.com\/@de\/117005778223494527","error":""},"_links":{"self":[{"href":"https:\/\/www.europesays.com\/de\/wp-json\/wp\/v2\/posts\/1202077","targetHints":{"allow":["GET"]}}],"collection":[{"href":"https:\/\/www.europesays.com\/de\/wp-json\/wp\/v2\/posts"}],"about":[{"href":"https:\/\/www.europesays.com\/de\/wp-json\/wp\/v2\/types\/post"}],"author":[{"embeddable":true,"href":"https:\/\/www.europesays.com\/de\/wp-json\/wp\/v2\/users\/2"}],"replies":[{"embeddable":true,"href":"https:\/\/www.europesays.com\/de\/wp-json\/wp\/v2\/comments?post=1202077"}],"version-history":[{"count":0,"href":"https:\/\/www.europesays.com\/de\/wp-json\/wp\/v2\/posts\/1202077\/revisions"}],"wp:featuredmedia":[{"embeddable":true,"href":"https:\/\/www.europesays.com\/de\/wp-json\/wp\/v2\/media\/1202078"}],"wp:attachment":[{"href":"https:\/\/www.europesays.com\/de\/wp-json\/wp\/v2\/media?parent=1202077"}],"wp:term":[{"taxonomy":"category","embeddable":true,"href":"https:\/\/www.europesays.com\/de\/wp-json\/wp\/v2\/categories?post=1202077"},{"taxonomy":"post_tag","embeddable":true,"href":"https:\/\/www.europesays.com\/de\/wp-json\/wp\/v2\/tags?post=1202077"}],"curies":[{"name":"wp","href":"https:\/\/api.w.org\/{rel}","templated":true}]}}