{"id":1202100,"date":"2026-07-29T23:22:18","date_gmt":"2026-07-29T23:22:18","guid":{"rendered":"https:\/\/www.europesays.com\/de\/1202100\/"},"modified":"2026-07-29T23:22:18","modified_gmt":"2026-07-29T23:22:18","slug":"fuenfjaehrige-seit-2015-vermisst-aktenzeichen-xy-ungeloest-liefert-polizei-neue-hinweise-im-fall-inga","status":"publish","type":"post","link":"https:\/\/www.europesays.com\/de\/1202100\/","title":{"rendered":"F\u00fcnfj\u00e4hrige seit 2015 vermisst: &#8222;Aktenzeichen XY &#8230; ungel\u00f6st&#8220; liefert Polizei neue Hinweise im Fall Inga"},"content":{"rendered":"<p>F\u00fcnfj\u00e4hrige seit 2015 vermisst&#8220;Aktenzeichen XY &#8230; ungel\u00f6st&#8220; liefert Polizei neue Hinweise im Fall Inga<\/p>\n<p>29.07.2026, 22:38 Uhr <\/p>\n<p>Artikel anh\u00f6ren(04:08 min)<\/p>\n<p><img decoding=\"async\" class=\"Image_img__fQCi0 Image_Img_16_9__4BLfH widget-picture-inline_maximizable__t_E7h\" loading=\"eager\" fetchpriority=\"high\" src=\"https:\/\/www.europesays.com\/de\/wp-content\/uploads\/2026\/07\/HANDOUT-Die-Polizeidirektion-Sachsen-Anhalt-Nord-gibt-am-08-05-2015-ein-Foto-der-seit-02-05-2015-ver.webp\" alt=\"HANDOUT-Die-Polizeidirektion-Sachsen-Anhalt-Nord-gibt-am-08-05-2015-ein-Foto-der-seit-02-05-2015-vermissten-fuenfjaehrigen-Inga-heraus-In-den-vergangenen-Tagen-wurde-bei-Stendal-ein-Gebiet-im-Radius-von-fuenf-Kilometern-durchkaemmt-Die-intensive-Suche-und-Oeffentlichkeitsfahndung-blieben-bisher-allerdings-erfolglos-Foto-Polizeidirektion-Sachsen-Anhalt-Nord-dpa-zu-dpa-lah-Polizei-sucht-weiter-nach-verschwundener-Fuenfjaehriger-vom-05-05\"\/>Mit diesem Foto hat die Polizei 2015 nach der f\u00fcnfj\u00e4hrigen Inga gesucht. (Foto: picture alliance \/ dpa)TeilenFolgen auf:<a href=\"https:\/\/www.whatsapp.com\/channel\/0029Va5cdVJD8SDp5YZgYF01\" title=\"Auf WhatsApp folgen\" target=\"_blank\" rel=\"nofollow noopener\"><img decoding=\"async\" src=\"https:\/\/www.n-tv.de\/socialIcons\/whatsapp.svg\" alt=\"whatsapp\" class=\"ArticleShare_icon__FsrC2\"\/><\/a><a href=\"https:\/\/www.google.com\/preferences\/source?q=n-tv.de\" title=\"ntv als bevorzugte Quelle auf Google hinzuf\u00fcgen\" target=\"_blank\" rel=\"nofollow noopener\"><img decoding=\"async\" src=\"https:\/\/www.n-tv.de\/socialIcons\/google.svg\" alt=\"whatsapp\" class=\"ArticleShare_icon__FsrC2\"\/><\/a><\/p>\n<p class=\"Typography_text-m__XI0da Typography_weight-bold__uT6mq storyline_lead_text_leadtext__q_wg8\">2015 besucht die f\u00fcnfj\u00e4hrige Inga Gehricke mit ihrer Familie den Wilhelmshof im Norden von Sachsen-Anhalt. Bei den Vorbereitungen eines Grillfests verschwindet das M\u00e4dchen. Bis heute ist unklar, was mit Inga geschehen ist. Durch &#8222;Aktenzeichen XY &#8230; ungel\u00f6st&#8220; erhalten die Ermittler neue Informationen.<\/p>\n<p class=\"Typography_text-default__P3otY Typography_weight-normal__pqUbH storyline_paragraph_p__qSR5N\">Vor elf Jahren verschwindet die damals f\u00fcnfj\u00e4hrige Inga aus Sachsen-Anhalt spurlos &#8211; nun sch\u00f6pfen die Ermittlerinnen und Ermittler neue Hoffnung. &#8222;Wir haben tats\u00e4chlich sehr viele neue Informationen erhalten und erhoffen uns, dass der entscheidende Hinweis dabei ist&#8220;, sagte Polizeihauptkommissar Michael Ripke in der ZDF-Sendung &#8222;Aktenzeichen XY &#8230; ungel\u00f6st&#8220;. Dort wurde der Fall der seit 2015 vermissten Inga vorgestellt.<\/p>\n<p class=\"Typography_text-default__P3otY Typography_weight-normal__pqUbH storyline_paragraph_p__qSR5N\">Die neu eingegangenen Hinweise gingen in verschiedene Richtungen, sagte Ripke. Sie w\u00fcrden gepr\u00fcft. Weitere Angaben zu den neuen Informationen wollte der Hauptkommissar nicht machen &#8211; aus ermittlungstaktischen Gr\u00fcnden. &#8222;Wir sind guter Hoffnung, dass da was Gutes dabei ist.&#8220;<\/p>\n<p class=\"Typography_text-default__P3otY Typography_weight-normal__pqUbH storyline_paragraph_p__qSR5N\">Eine Ermittlergruppe der Polizeiinspektion in Halle (an der Saale) besch\u00e4ftigt sich seit Fr\u00fchjahr 2023 mit dem Verschwinden von Inga Gehricke. Zuvor war die Polizei in Stendal zust\u00e4ndig.<\/p>\n<p class=\"Typography_text-default__P3otY Typography_weight-normal__pqUbH storyline_paragraph_p__qSR5N\">Das M\u00e4dchen aus Sch\u00f6nebeck war am 2. Mai 2015 mit seiner Familie zu Besuch auf dem Wilhelmshof im Landkreis Stendal im Norden von Sachsen-Anhalt. Der Hof ist eine diakonische Einrichtung f\u00fcr Menschen mit Behinderungen und Suchterkrankungen. Dort lebten Freunde der Familie Gehricke. Bei der Vorbereitung eines Grillfestes wurde das im August 2009 geborene M\u00e4dchen gegen 18.40 Uhr das letzte Mal gesehen &#8211; nach Angaben von Ripke zuletzt auf einem Spielzeugpferd, das unweit eines Fu\u00dfballplatzes und dem Grillplatz stand.<\/p>\n<p>Inga k\u00f6nnte noch leben<\/p>\n<p class=\"Typography_text-default__P3otY Typography_weight-normal__pqUbH storyline_paragraph_p__qSR5N\">Es gebe keine Beweise, die Gegenteiliges zeigen. Daher gebe die Polizei die Hoffnung nicht auf, dass Inga heute noch lebe, sagt Hauptkommissar Ripke. Deshalb werde auch nach Hinweisen zu M\u00e4dchen gesucht, die anderen aufgefallen sind, weil sie pl\u00f6tzlich irgendwo aufgetaucht sind. <\/p>\n<p class=\"Typography_text-default__P3otY Typography_weight-normal__pqUbH storyline_paragraph_p__qSR5N\">Es ist das zweite Mal, dass der Kriminalfall bei &#8222;Aktenzeichen XY &#8230; ungel\u00f6st&#8220; vorgestellt wurde. In der ZDF-Sendung gab Ripke Details zu den laufenden Ermittlungen preis. Die Suche der Beamten sei von Arch\u00e4ologen und Geologen unterst\u00fctzt worden, sagte er. Au\u00dferdem h\u00e4tten die Ermittlerinnen und Ermittler viele Jahre nach dem Verschwinden von Inga noch einmal ausf\u00fchrliche Gespr\u00e4che mit Angeh\u00f6rigen gef\u00fchrt. Dabei erhofften sich die Beamten demnach unter anderem, auf kleine Details zu sto\u00dfen, die entscheidend sind.<\/p>\n<p class=\"Typography_text-default__P3otY Typography_weight-normal__pqUbH storyline_paragraph_p__qSR5N\">Da der Wilhelmshof eher abgelegen in einem gro\u00dfen Waldgebiet liegt, sei die Polizei bis heute auf der Suche nach Menschen, die sich zum Zeitpunkt des Verschwindens von Inga auf der Stra\u00dfe aufgehalten haben, die zu dem Hof f\u00fchrt. Die Ermittlerinnen und Ermittler hofften etwa auf in Autos verbaute Kameras, deren Aufnahmen neue Hinweise bringen k\u00f6nnten, sagte Ripke.<\/p>\n<p class=\"Typography_text-default__P3otY Typography_weight-normal__pqUbH storyline_paragraph_p__qSR5N\">Denkbar w\u00e4re auch, dass Spazierg\u00e4nger damals Fotos oder Videos gemacht haben, die der Polizei helfen k\u00f6nnten. &#8222;Auch wenn sie f\u00fcr den Besitzer keine Bedeutung mehr haben, f\u00fcr uns k\u00f6nnten sie von Bedeutung sein&#8220;, betonte der Polizist.<\/p>\n<p class=\"Typography_text-default__P3otY Typography_weight-normal__pqUbH storyline_paragraph_p__qSR5N\">Hinweise aus der Bev\u00f6lkerung werden unter 0345\/224-1291 oder cold-case-wald@polizei.sachsen-anhalt.de entgegengenommen.<\/p>\n<p class=\"Typography_text-s__wu_cm Typography_weight-normal__pqUbH Typography_color-darkgrey__sZEnP article-detail-footer_source__KslPc\">Quelle: ntv.de, chr\/dpa<\/p>\n","protected":false},"excerpt":{"rendered":"F\u00fcnfj\u00e4hrige seit 2015 vermisst&#8220;Aktenzeichen XY &#8230; ungel\u00f6st&#8220; liefert Polizei neue Hinweise im Fall Inga 29.07.2026, 22:38 Uhr Artikel&hellip;\n","protected":false},"author":2,"featured_media":1202101,"comment_status":"","ping_status":"","sticky":false,"template":"","format":"standard","meta":{"footnotes":"","_share_on_mastodon":"0"},"categories":[5],"tags":[331,332,3364,29,30,13,984,14,15,121,860,12,22407],"class_list":["post-1202100","post","type-post","status-publish","format-standard","has-post-thumbnail","category-nachrichten","tag-aktuelle-nachrichten","tag-aktuelle-news","tag-de","tag-deutschland","tag-germany","tag-headlines","tag-international","tag-nachrichten","tag-news","tag-polizei","tag-sachsen-anhalt","tag-schlagzeilen","tag-vermisste"],"share_on_mastodon":{"url":"https:\/\/pubeurope.com\/@de\/117005841544297811","error":""},"_links":{"self":[{"href":"https:\/\/www.europesays.com\/de\/wp-json\/wp\/v2\/posts\/1202100","targetHints":{"allow":["GET"]}}],"collection":[{"href":"https:\/\/www.europesays.com\/de\/wp-json\/wp\/v2\/posts"}],"about":[{"href":"https:\/\/www.europesays.com\/de\/wp-json\/wp\/v2\/types\/post"}],"author":[{"embeddable":true,"href":"https:\/\/www.europesays.com\/de\/wp-json\/wp\/v2\/users\/2"}],"replies":[{"embeddable":true,"href":"https:\/\/www.europesays.com\/de\/wp-json\/wp\/v2\/comments?post=1202100"}],"version-history":[{"count":0,"href":"https:\/\/www.europesays.com\/de\/wp-json\/wp\/v2\/posts\/1202100\/revisions"}],"wp:featuredmedia":[{"embeddable":true,"href":"https:\/\/www.europesays.com\/de\/wp-json\/wp\/v2\/media\/1202101"}],"wp:attachment":[{"href":"https:\/\/www.europesays.com\/de\/wp-json\/wp\/v2\/media?parent=1202100"}],"wp:term":[{"taxonomy":"category","embeddable":true,"href":"https:\/\/www.europesays.com\/de\/wp-json\/wp\/v2\/categories?post=1202100"},{"taxonomy":"post_tag","embeddable":true,"href":"https:\/\/www.europesays.com\/de\/wp-json\/wp\/v2\/tags?post=1202100"}],"curies":[{"name":"wp","href":"https:\/\/api.w.org\/{rel}","templated":true}]}}