{"id":1202241,"date":"2026-07-30T00:54:21","date_gmt":"2026-07-30T00:54:21","guid":{"rendered":"https:\/\/www.europesays.com\/de\/1202241\/"},"modified":"2026-07-30T00:54:21","modified_gmt":"2026-07-30T00:54:21","slug":"citizen-omnibus-vzbv-fordert-eu-weiten-kuendigungsbutton-fuer-abos-table-briefings","status":"publish","type":"post","link":"https:\/\/www.europesays.com\/de\/1202241\/","title":{"rendered":"Citizen Omnibus: VZBV fordert EU-weiten K\u00fcndigungsbutton f\u00fcr Abos \u2022 Table.Briefings"},"content":{"rendered":"<p class=\"text-base md:text-xl font-semibold text-gray-700 leading-relaxed\">\n                Ziel der Gesetzesinitiative m\u00fcsse es sein, den Alltag der Menschen zu vereinfachen. Insgesamt haben die Verbrauchersch\u00fctzer 40 Ma\u00dfnahmen identifiziert, die die EU-Kommission im Omnibus adressieren soll, darunter europaweit g\u00fcltige Krankschreibungen.\n            <\/p>\n<p>                                                            <img loading=\"lazy\" decoding=\"async\" src=\"https:\/\/www.europesays.com\/de\/wp-content\/uploads\/2026\/07\/1785372859_353_corinna-visser.png\" alt=\"\" width=\"32\" height=\"32\" class=\"w-full h-full rounded-full\"\/><\/p>\n<p>\n                            29. Juli 2026\n                        <\/p>\n<p>\n                Empf\u00e4nger ben\u00f6tigen ein Abo zum Lesen\n            <\/p>\n<p>                                                                    <img loading=\"lazy\" decoding=\"async\" src=\"https:\/\/www.europesays.com\/de\/wp-content\/uploads\/2026\/07\/1785372860_837_corinna-visser.png\" alt=\"\" width=\"40\" height=\"40\" class=\"w-full h-full rounded-full\"\/><\/p>\n<p>\n                        29. Juli 2026\n                    <\/p>\n<p>\n                Empf\u00e4nger ben\u00f6tigen ein Abo zum Lesen\n            <\/p>\n<p>    <img loading=\"lazy\" decoding=\"async\" src=\"https:\/\/www.europesays.com\/de\/wp-content\/uploads\/2026\/07\/abofalle.jpg\" alt=\"Eine Frau mit sorgenvollem Gesicht liest in einer Wohnung am Schreibtisch einen Brief (gestellte Szene).\" width=\"1024\" height=\"682\" class=\"w-full md:h-auto print:h-auto object-cover rounded-lg\"\/><\/p>\n<p>        Sorgenfalten: Verbraucherinnen in der EU werden immer wieder durch automatische Verl\u00e4ngerungen in unerw\u00fcnschten Abonnements gehalten. (picture alliance \/ dpa Themendienst | Christin Klose)    <\/p>\n<p class=\"mt-12 text-sm text-gray-600\">\n            Letzte Aktualisierung: 29. Juli 2026\n        <\/p>\n<p>            Artikel teilen:<\/p>\n<p>\n                Empf\u00e4nger ben\u00f6tigen ein Abo zum Lesen\n            <\/p>\n","protected":false},"excerpt":{"rendered":"Ziel der Gesetzesinitiative m\u00fcsse es sein, den Alltag der Menschen zu vereinfachen. Insgesamt haben die Verbrauchersch\u00fctzer 40 Ma\u00dfnahmen&hellip;\n","protected":false},"author":2,"featured_media":1202242,"comment_status":"","ping_status":"","sticky":false,"template":"","format":"standard","meta":{"footnotes":"","_share_on_mastodon":"0"},"categories":[3933],"tags":[331,332,10344,548,663,158,3934,3935,13,14,15,12,625,1085],"class_list":["post-1202241","post","type-post","status-publish","format-standard","has-post-thumbnail","category-eu","tag-aktuelle-nachrichten","tag-aktuelle-news","tag-digitalpolitik","tag-eu","tag-europa","tag-europaeische-union","tag-europe","tag-european-union","tag-headlines","tag-nachrichten","tag-news","tag-schlagzeilen","tag-verbraucher","tag-verbraucherschutz"],"share_on_mastodon":{"url":"https:\/\/pubeurope.com\/@de\/117006204157860617","error":""},"_links":{"self":[{"href":"https:\/\/www.europesays.com\/de\/wp-json\/wp\/v2\/posts\/1202241","targetHints":{"allow":["GET"]}}],"collection":[{"href":"https:\/\/www.europesays.com\/de\/wp-json\/wp\/v2\/posts"}],"about":[{"href":"https:\/\/www.europesays.com\/de\/wp-json\/wp\/v2\/types\/post"}],"author":[{"embeddable":true,"href":"https:\/\/www.europesays.com\/de\/wp-json\/wp\/v2\/users\/2"}],"replies":[{"embeddable":true,"href":"https:\/\/www.europesays.com\/de\/wp-json\/wp\/v2\/comments?post=1202241"}],"version-history":[{"count":0,"href":"https:\/\/www.europesays.com\/de\/wp-json\/wp\/v2\/posts\/1202241\/revisions"}],"wp:featuredmedia":[{"embeddable":true,"href":"https:\/\/www.europesays.com\/de\/wp-json\/wp\/v2\/media\/1202242"}],"wp:attachment":[{"href":"https:\/\/www.europesays.com\/de\/wp-json\/wp\/v2\/media?parent=1202241"}],"wp:term":[{"taxonomy":"category","embeddable":true,"href":"https:\/\/www.europesays.com\/de\/wp-json\/wp\/v2\/categories?post=1202241"},{"taxonomy":"post_tag","embeddable":true,"href":"https:\/\/www.europesays.com\/de\/wp-json\/wp\/v2\/tags?post=1202241"}],"curies":[{"name":"wp","href":"https:\/\/api.w.org\/{rel}","templated":true}]}}