{"id":1202274,"date":"2026-07-30T01:16:26","date_gmt":"2026-07-30T01:16:26","guid":{"rendered":"https:\/\/www.europesays.com\/de\/1202274\/"},"modified":"2026-07-30T01:16:26","modified_gmt":"2026-07-30T01:16:26","slug":"ricken-bestaetigt-transfercoup-so-plant-der-bvb-mit-karetsas","status":"publish","type":"post","link":"https:\/\/www.europesays.com\/de\/1202274\/","title":{"rendered":"Ricken best\u00e4tigt Transfercoup: So plant der BVB mit Karetsas"},"content":{"rendered":"<p>Borussia Dortmund steht kurz vor der Verpflichtung von <a href=\"https:\/\/www.fussballdaten.de\/person\/konstantinos-karetsas\/\" title=\"Profil von Konstantinos Karetsas\" rel=\"nofollow noopener\" target=\"_blank\">Konstantinos Karetsas<\/a>. Zwar ist der Wechsel noch nicht offiziell abgeschlossen, doch BVB-Sportgesch\u00e4ftsf\u00fchrer Lars Ricken lie\u00df kaum noch Zweifel daran, dass der 18-J\u00e4hrige bald das schwarz-gelbe Trikot tragen wird. Nach dem Medizincheck <a href=\"https:\/\/www.fussballdaten.de\/news\/bvb-transfer-karetsas-spieler-bestaetigt-wechsel\/\" target=\"_blank\" rel=\"nofollow noopener\">fehlen lediglich die letzten Formalit\u00e4ten<\/a>.<\/p>\n<p>BVB-Boss Ricken best\u00e4tigt Karetsas-Transfer<\/p>\n<p class=\"mb20 mt30\">\u201eWir gehen fest davon aus, wenn wir zur\u00fcck sind aus Japan, dass er dann hoffentlich zur Mannschaft sto\u00dfen kann\u201c, erkl\u00e4rte Ricken. Der Offensivspieler vom KRC <a href=\"https:\/\/www.fussballdaten.de\/vereine\/rc-genk\/\" title=\"Profil von RC Genk\" rel=\"nofollow noopener\" target=\"_blank\">Genk<\/a> soll nach der R\u00fcckkehr des Teams m\u00f6glichst direkt ins Mannschaftstraining einsteigen.<\/p>\n<p class=\"mb20 mt30\">Besonders bemerkenswert ist die Rolle, die Dortmund f\u00fcr den hochveranlagten Griechen vorsieht. Anders als bei vielen jungen Talenten soll Karetsas nicht ausschlie\u00dflich behutsam aufgebaut werden. Der BVB traut ihm vielmehr zu, der Mannschaft sofort weiterzuhelfen. Ricken betonte: \u201eEr ist ein hochtalentierter junger Spieler, bei dem wir auch gar nicht extrem perspektivisch denken \u2013 auch, aber nicht nur. Mit seiner Qualit\u00e4t kann er sofort einen sportlichen Input bringen.\u201c<\/p>\n<p class=\"mb20 mt30\">Der Gesch\u00e4ftsf\u00fchrer verwies zudem auf die bisherigen Leistungen des Spielmachers. Karetsas habe seine Klasse bereits sowohl in der belgischen Liga als auch auf internationaler B\u00fchne unter Beweis gestellt. Erst nach der offiziellen Pr\u00e4sentation wolle der Verein jedoch ausf\u00fchrlicher \u00fcber den Neuzugang sprechen.<\/p>\n<p>Ricken \u00e4u\u00dfert sich zu den Ger\u00fcchten um Said El Mala<\/p>\n<p class=\"mb20 mt30\">Unterdessen \u00e4u\u00dferte sich Ricken auch zu den anhaltenden Ger\u00fcchten um <a href=\"https:\/\/www.fussballdaten.de\/person\/said-el-mala\/\" title=\"Profil von Said El Mala\" rel=\"nofollow noopener\" target=\"_blank\">Said El Mala<\/a>. Eine Stellungnahme zum Spieler des <a href=\"https:\/\/www.fussballdaten.de\/vereine\/1-fc-koeln\/\" title=\"Profil von 1. FC K\u00f6ln\" rel=\"nofollow noopener\" target=\"_blank\">1. FC K\u00f6ln<\/a> lehnte er erneut ab. \u201eVon unserer Seite sieht es weiterhin so aus, dass der Spieler nicht unser Spieler ist.\u201c<\/p>\n<p class=\"mb20 mt30\">W\u00e4hrend Dortmund beim Testspiel gegen Cerezo Osaka (0:1) noch nicht \u00fcberzeugen konnte, sieht Ricken die Mannschaft dennoch auf dem richtigen Weg. Die Vorbereitung verlaufe planm\u00e4\u00dfig, auch wenn noch nicht alles reibungslos funktioniere. Mit der R\u00fcckkehr der Nationalspieler und der bevorstehenden Verpflichtung von Karetsas soll der BVB in den kommenden Tagen weiter an Qualit\u00e4t gewinnen.<\/p>\n<p><img loading=\"lazy\" decoding=\"async\" src=\"https:\/\/www.europesays.com\/de\/wp-content\/uploads\/2026\/07\/5dd19bf92f1243229c146113067cdd5a.gif\" width=\"1\" height=\"1\" alt=\"\" class=\"mb20 mt30\"\/><\/p>\n","protected":false},"excerpt":{"rendered":"Borussia Dortmund steht kurz vor der Verpflichtung von Konstantinos Karetsas. Zwar ist der Wechsel noch nicht offiziell abgeschlossen,&hellip;\n","protected":false},"author":2,"featured_media":1202275,"comment_status":"","ping_status":"","sticky":false,"template":"","format":"standard","meta":{"footnotes":"","_share_on_mastodon":"0"},"categories":[1833],"tags":[623,299,3364,29,217,30,246333,27276,1209,246332,96014],"class_list":["post-1202274","post","type-post","status-publish","format-standard","has-post-thumbnail","category-dortmund","tag-1-fc-koeln","tag-bundesliga","tag-de","tag-deutschland","tag-dortmund","tag-germany","tag-konstantinos-karetsas","tag-lars-ricken","tag-nordrhein-westfalen","tag-rc-genk","tag-said-el-mala"],"share_on_mastodon":{"url":"","error":""},"_links":{"self":[{"href":"https:\/\/www.europesays.com\/de\/wp-json\/wp\/v2\/posts\/1202274","targetHints":{"allow":["GET"]}}],"collection":[{"href":"https:\/\/www.europesays.com\/de\/wp-json\/wp\/v2\/posts"}],"about":[{"href":"https:\/\/www.europesays.com\/de\/wp-json\/wp\/v2\/types\/post"}],"author":[{"embeddable":true,"href":"https:\/\/www.europesays.com\/de\/wp-json\/wp\/v2\/users\/2"}],"replies":[{"embeddable":true,"href":"https:\/\/www.europesays.com\/de\/wp-json\/wp\/v2\/comments?post=1202274"}],"version-history":[{"count":0,"href":"https:\/\/www.europesays.com\/de\/wp-json\/wp\/v2\/posts\/1202274\/revisions"}],"wp:featuredmedia":[{"embeddable":true,"href":"https:\/\/www.europesays.com\/de\/wp-json\/wp\/v2\/media\/1202275"}],"wp:attachment":[{"href":"https:\/\/www.europesays.com\/de\/wp-json\/wp\/v2\/media?parent=1202274"}],"wp:term":[{"taxonomy":"category","embeddable":true,"href":"https:\/\/www.europesays.com\/de\/wp-json\/wp\/v2\/categories?post=1202274"},{"taxonomy":"post_tag","embeddable":true,"href":"https:\/\/www.europesays.com\/de\/wp-json\/wp\/v2\/tags?post=1202274"}],"curies":[{"name":"wp","href":"https:\/\/api.w.org\/{rel}","templated":true}]}}