{"id":1202286,"date":"2026-07-30T01:24:23","date_gmt":"2026-07-30T01:24:23","guid":{"rendered":"https:\/\/www.europesays.com\/de\/1202286\/"},"modified":"2026-07-30T01:24:23","modified_gmt":"2026-07-30T01:24:23","slug":"ersatz-fuer-seimen-das-sagt-vfb-keeper-fabian-bredlow-zur-torhuetersituation-news-ueber-den-vfb-stuttgart","status":"publish","type":"post","link":"https:\/\/www.europesays.com\/de\/1202286\/","title":{"rendered":"Ersatz f\u00fcr Seimen? Das sagt VfB-Keeper Fabian Bredlow zur Torh\u00fctersituation &#8211; News \u00fcber den VfB Stuttgart"},"content":{"rendered":"<p><strong>Stuttgart.<\/strong> Der <a href=\"https:\/\/www.zvw.de\/vfb-stuttgart\/\" rel=\"noopener nofollow\" target=\"_blank\">VfB Stuttgart<\/a> hat beim <a href=\"https:\/\/www.zvw.de\/vfb-stuttgart\/81-sieg-gegen-kickers-offenbach-so-lief-das-testspiel-des-vfb-stuttgart_arid-1092681\" target=\"_blank\" rel=\"nofollow noopener\">8:1-Sieg<\/a> im Testspiel bei Kickers Offenbach einen weiteren Schritt in der Saisonvorbereitung gemacht. In der ersten Halbzeit im Tor: Fabian Bredlow, der seit der <a href=\"https:\/\/www.zvw.de\/vfb-stuttgart\/schock-beim-vfb-stuttgart-keeper-dennis-seimen-f%C3%A4llt-monatelang-aus_arid-1091830\" target=\"_blank\" rel=\"nofollow noopener\">Verletzung von Dennis Seimen<\/a> die aktuell erste Wahl im Tor der Schwaben ist. Nach dem Spiel stellte sich der 31-J\u00e4hrige den Fragen der Medienvertreter \u2013 und sprach \u00fcber seine Perspektive als m\u00f6glicher Seimen-Vertreter. Wir fassen seine Aussagen zusammen.<\/p>\n<p><a class=\"nfy-teaser nfy-ar-teaser\" id=\"nfy-teaser-inline\" data-upscore-url=\"\" href=\"https:\/\/www.zvw.de\/vfb-stuttgart\/nach-seimen-verletzung-warum-der-vfb-keinen-neuen-torh%C3%BCter-verpflichten-sollte_arid-1091936?utm_source=empfehlungslink&amp;utm_campaign=empfehlungslink\" data-upscore-object-id=\"1091936\" rel=\"nofollow noopener\" target=\"_blank\"><img loading=\"lazy\" decoding=\"async\" src=\"\/cms_media\/module_img\/7406\/3703094_1_gridmobile_fuball-tsg-balingen-vs.jpeg\" alt=\"VfB-Torh\u00fcter Dennis Seimen f\u00e4llt rund zwei Monate aus.\" width=\"370\" height=\"229\" class=\"lazyload\" data-tmpl=\"gridmobile\"\/><\/p>\n<p>VfB StuttgartNach Seimen-Verletzung: Warum der VfB keinen neuen Torh\u00fcter verpflichten sollte<\/p>\n<p><\/a><\/p>\n<p>Sie wollen unseren VfB-WhatsApp-Channel abonnieren? <a href=\"https:\/\/whatsapp.com\/channel\/0029ValGZYIJuyACDMSSAT12\" rel=\"noopener nofollow\" target=\"_blank\">Dann klicken Sie hier auf diesen Link<\/a> .<\/p>\n<p>VfB Stuttgart: Viel Diskussion um Torwart-Position<\/p>\n<p>\u201eDie letzten Tage waren turbulent, ihr habt alle unterschiedliche Sachen geschrieben\u201c, fasste Fabian Bredlow mit einem Seitenhieb an die Journalisten die Entwicklungen der vergangenen Woche zusammen. Auch er hatte mitbekommen, welche Diskussionen sich rund um die Torh\u00fcterposition des VfB Stuttgart abspielten, seit sich Dennis Seimen an der Oberschenkelr\u00fcckseite verletzt hatte und mindestens bis Ende September fehlen wird.<\/p>\n<p>Im Vereinsumfeld forderten manche direkt einen Ersatz f\u00fcr die Stammkeeper-Position, andere mahnten, dem Ersatzmann Bredlow zu vertrauen. Obwohl die Hierarchie im Tor doch eigentlich klar und der 31-J\u00e4hrige fest als Back-up f\u00fcr solche F\u00e4lle eingeplant war, diese Rolle in der Vergangenheit mehrmals ausgef\u00fcllt hatte.<\/p>\n<p>Bredlow will \u201ezeigen, dass kein Handlungsbedarf besteht\u201c<\/p>\n<p>\u201eIch glaube, dass ich aktuell gut beraten bin, Gas zu geben \u2013 und zu zeigen, dass kein Handlungsbedarf besteht\u201c, sagte Fabian Bredlow zu seiner aktuellen Situation \u2013 Anspr\u00fcche auf die Rolle der (tempor\u00e4ren) Nummer Eins hat der Torh\u00fcter also allemal. \u201eAm Ende will jeder Spieler gerne gesagt bekommen, dass er am ersten Spieltag spielen wird \u2013 Fakt ist aber, dass der Trainer einem diese Garantie nicht geben kann, da das von vielen Faktoren abh\u00e4ngig ist\u201c, so Bredlow. Einer der Faktoren ist im Profisport nat\u00fcrlich: die Leistung. Bei der glaube er, sie im Training und den wenigen Torwart-Pr\u00fcfsteinen der bisherigen Testspiele auf den Platz zu bekommen.<\/p>\n<p><a class=\"nfy-teaser nfy-ar-teaser\" id=\"nfy-teaser-inline\" data-upscore-url=\"\" href=\"https:\/\/www.zvw.de\/vfb-stuttgart\/81-sieg-gegen-kickers-offenbach-so-lief-das-testspiel-des-vfb-stuttgart_arid-1092681?utm_source=empfehlungslink&amp;utm_campaign=empfehlungslink\" data-upscore-object-id=\"1092681\" rel=\"nofollow noopener\" target=\"_blank\"><img loading=\"lazy\" decoding=\"async\" src=\"\/cms_media\/module_img\/7410\/3705341_2_gridmobile_fussball-testspiel-kickers-offenbach-vfb-stuttgart.jpeg\" alt=\"Der Stuttgarter Tiago Tom\u00e1s im Zweikampf mit Offenbachs Adam Loune.\" width=\"370\" height=\"229\" class=\"lazyload\" data-tmpl=\"gridmobile\"\/><\/p>\n<p>VfB Stuttgart8:1-Sieg gegen Kickers Offenbach: So lief das Testspiel des VfB Stuttgart<\/p>\n<p><\/a><br \/>\nVfB Stuttgart: Das ist der Stand in der Torwart-Planung<\/p>\n<p>\u201eStand der Dinge ist, dass man sehen muss wie sich die Verletzung bei Dennis entwickelt\u201c, sagte Bredlow angesprochen auf die vereinsseitige Kommunikation ihm gegen\u00fcber \u2013 wird er Seimen nun in den ersten Pflichtspielen der Saison vertreten? \u201eDa war der Verein transparent und hat mir gesagt, dass er die Pflicht hat, den Markt zu sondieren.\u201c Das hatte auch Sportvorstand Fabian Wohlgemuth in einer Vereinsmitteilung nach der Verletzung Seimens gesagt. Bredlow f\u00fcgte an, dass dieser Stand aber ein paar Tage her sei, er also nicht um die Entwicklung der letzten Tage wisse.<\/p>\n<p>\u201eIch f\u00fchle mich gut, wir sind auf einem guten Weg\u201c, sagte der Keeper nach dem 8:1-Sieg gegen Offenbach, bei dem er in der ersten Halbzeit das Tor h\u00fctete und dann an Marius Funk als ersten Nachfolger \u00fcbergab. Ob Fabian Bredlow auch zu Saisonbeginn im Tor des VfB Stuttgart steht, werden die n\u00e4chsten Wochen zeigen: Wenn mehr Klarheit \u00fcber Dennis Seimens Verletzung besteht \u2013 und Bredlow selbst weiter gezeigt hat, bereit f\u00fcr die Aufgabe zu sein.<\/p>\n","protected":false},"excerpt":{"rendered":"Stuttgart. Der VfB Stuttgart hat beim 8:1-Sieg im Testspiel bei Kickers Offenbach einen weiteren Schritt in der Saisonvorbereitung&hellip;\n","protected":false},"author":2,"featured_media":1202287,"comment_status":"","ping_status":"","sticky":false,"template":"","format":"standard","meta":{"footnotes":"","_share_on_mastodon":"0"},"categories":[1830],"tags":[1634,3364,18673,29,147432,30,3497,1441,11003,7936,190824,6319,4112,2915],"class_list":["post-1202286","post","type-post","status-publish","format-standard","has-post-thumbnail","category-stuttgart","tag-baden-wuerttemberg","tag-de","tag-dennis-seimen","tag-deutschland","tag-fabian-bredlow","tag-germany","tag-sebastian-hoeness","tag-stuttgart","tag-torhueter","tag-torwart","tag-un_kein-userneed","tag-verletzung","tag-vfb","tag-vfb-stuttgart"],"share_on_mastodon":{"url":"https:\/\/pubeurope.com\/@de\/117006322545697127","error":""},"_links":{"self":[{"href":"https:\/\/www.europesays.com\/de\/wp-json\/wp\/v2\/posts\/1202286","targetHints":{"allow":["GET"]}}],"collection":[{"href":"https:\/\/www.europesays.com\/de\/wp-json\/wp\/v2\/posts"}],"about":[{"href":"https:\/\/www.europesays.com\/de\/wp-json\/wp\/v2\/types\/post"}],"author":[{"embeddable":true,"href":"https:\/\/www.europesays.com\/de\/wp-json\/wp\/v2\/users\/2"}],"replies":[{"embeddable":true,"href":"https:\/\/www.europesays.com\/de\/wp-json\/wp\/v2\/comments?post=1202286"}],"version-history":[{"count":0,"href":"https:\/\/www.europesays.com\/de\/wp-json\/wp\/v2\/posts\/1202286\/revisions"}],"wp:featuredmedia":[{"embeddable":true,"href":"https:\/\/www.europesays.com\/de\/wp-json\/wp\/v2\/media\/1202287"}],"wp:attachment":[{"href":"https:\/\/www.europesays.com\/de\/wp-json\/wp\/v2\/media?parent=1202286"}],"wp:term":[{"taxonomy":"category","embeddable":true,"href":"https:\/\/www.europesays.com\/de\/wp-json\/wp\/v2\/categories?post=1202286"},{"taxonomy":"post_tag","embeddable":true,"href":"https:\/\/www.europesays.com\/de\/wp-json\/wp\/v2\/tags?post=1202286"}],"curies":[{"name":"wp","href":"https:\/\/api.w.org\/{rel}","templated":true}]}}