{"id":120238,"date":"2025-05-18T12:20:08","date_gmt":"2025-05-18T12:20:08","guid":{"rendered":"https:\/\/www.europesays.com\/de\/120238\/"},"modified":"2025-05-18T12:20:08","modified_gmt":"2025-05-18T12:20:08","slug":"ratingen-04-19-unterliegt-sc-preussen-muenster-in-regionalliga","status":"publish","type":"post","link":"https:\/\/www.europesays.com\/de\/120238\/","title":{"rendered":"Ratingen 04\/19 unterliegt SC Preu\u00dfen M\u00fcnster in Regionalliga"},"content":{"rendered":"<p class=\"text_ohne_einzug richtext text-em-55 !leading-serif mx-6 desktop:mx-0\"> Nach dem Aus im Viertelfinale um den Niederrheinpokal kassierte die U15 von <a href=\"https:\/\/rp-online.de\/thema\/ratingen\/\" rel=\"nofollow noopener\" target=\"_blank\">Ratingen<\/a> 04\/19 eine 0:3 (0:2)-Niederlage gegen den Tabellennachbarn SC Preu\u00dfen M\u00fcnster im heimischen Sportpark am G\u00f6tschenbeck. Durch die sechste Saisonniederlage rutschte das Team von Andreas Voss von Platz f\u00fcnf auf sechs ab.<\/p>\n<p class=\"richtext text-em-55 !leading-serif mx-6 desktop:mx-0\">Positive Nachrichten hatte es f\u00fcr den Trainer allerdings vor der Partie gegen M\u00fcnster gegeben, denn der verletzte Stammkeeper Nils Poncin kehrte ebenso wieder in den Kader zur\u00fcck wie der in Duisburg beim Pokalspiel verletzt ausgeschiedene Abwehrspieler Frederik V\u00f6ge.<\/p>\n<p class=\"richtext text-em-55 !leading-serif mx-6 desktop:mx-0\">Insgesamt zeigten die C-Junioren von Ratingen 04\/19 gegen den Tabellennachbarn M\u00fcnster, der nun aufgrund des besseren Torverh\u00e4ltnisses an dem Team aus der Dumeklemmerstadt auf Platz vier vorbeigezogen ist, eine ordentliche Leistung. \u201eGerade gegen den Ball haben wir unsere Sache richtig gut gemacht, wir waren engagiert. Aber im Spielaufbau haben wir uns zu viele Fehler erlaubt, und wir haben insgesamt zu kompliziert gespielt, viele falsche Entscheidungen getroffen\u201c, berichtete Voss nach dem Spiel.<\/p>\n<p class=\"richtext text-em-55 !leading-serif mx-6 desktop:mx-0\">So kamen die G\u00e4ste aus M\u00fcnster in der 20. und 30. Minute zu zwei Treffern vor der Pause und f\u00fchrten demnach 2:0 zur Halbzeit. Auch im zweiten Durchgang blieben die Ratingener dran und versuchten alles, um die Partie noch einmal zu drehen. F\u00fcnf Minuten vor dem Spielende vergaben die Gastgeber noch einen Elfmeter. \u201eH\u00e4tten wir diesen zum 1:2-Anschlusstreffer verwandeln k\u00f6nnen, w\u00e4ren wir wieder dran gewesen und h\u00e4tten das Spiel vielleicht noch einmal positiv gestalten k\u00f6nnen\u201c, sagte Voss. Doch in der Nachspielzeit gelang Preu\u00dfen M\u00fcnster noch der Treffer zum 3:0, und damit war das Spiel endg\u00fcltig entschieden.<\/p>\n<p class=\"richtext text-em-55 !leading-serif mx-6 desktop:mx-0\">Drei Partien hat Ratingen 04\/19 in dieser Regionalliga-Saison noch zu absolvieren. N\u00e4chstes Wochenende ist die Mannschaft von Andreas Voss zu Gast beim SC <a href=\"https:\/\/rp-online.de\/thema\/verl\/\" rel=\"nofollow noopener\" target=\"_blank\">Verl<\/a>, am 31. Mai empf\u00e4ngt sie im letzten Heimspiel der Spielzeit den FC Viktoria K\u00f6ln, und am 14. Juni ist sie zum Saisonabschluss zu Gast bei <a href=\"https:\/\/rp-online.de\/thema\/rot-weiss-essen\/\" rel=\"nofollow noopener\" target=\"_blank\">Rot-Weiss Essen<\/a>.<\/p>\n<p class=\"richtext text-em-55 !leading-serif mx-6 desktop:mx-0\">Das Thema Aufstieg hat Andreas Voss nach der 0:3-Niederlage gegen den SC Preu\u00dfen M\u00fcnster endg\u00fcltig abgehakt. \u201eLetztlich m\u00fcssen wir uns dann jetzt auch eingestehen, dass die anderen Mannschaften noch etwas besser aufgestellt sind und es bei uns nicht zu den Spitzenpl\u00e4tzen reicht\u201c, sagte der ehemalige Bundesligaprofi. \u201eAber dennoch spielen wir eine gute Saison, und wir k\u00f6nnen stolz sein, denn wir haben definitiv Planungssicherheit und werden auch in der kommenden Saison mit der U15 von Ratingen 04\/19 in der Regionalliga spielen.\u201c<\/p>\n<p class=\"italic richtext text-em-55 !leading-serif mx-6 desktop:mx-0\"><strong class=\"font-bold dark:text-white-solid\">04\/19:<\/strong> Poncin \u2013 Tambetabi, Aky\u00fcz, Tosic, V\u00f6ge (65. Mylonas), Braimah, Dibanzilwa, Aydin (36. Lakoubi), Djember (65.\u00a0Boz), Dietrich (50. Celik), Waldmann (50. \u00d6zad)<\/p>\n","protected":false},"excerpt":{"rendered":"Nach dem Aus im Viertelfinale um den Niederrheinpokal kassierte die U15 von Ratingen 04\/19 eine 0:3 (0:2)-Niederlage gegen&hellip;\n","protected":false},"author":2,"featured_media":120239,"comment_status":"","ping_status":"","sticky":false,"template":"","format":"standard","meta":{"footnotes":""},"categories":[1843],"tags":[3364,29,30,45673,13213,8970,1209,10078],"class_list":{"0":"post-120238","1":"post","2":"type-post","3":"status-publish","4":"format-standard","5":"has-post-thumbnail","7":"category-muenster","8":"tag-de","9":"tag-deutschland","10":"tag-germany","11":"tag-hausdorf","12":"tag-markus","13":"tag-muenster","14":"tag-nordrhein-westfalen","15":"tag-ratingen"},"share_on_mastodon":{"url":"https:\/\/pubeurope.com\/@de\/114528808063098191","error":""},"_links":{"self":[{"href":"https:\/\/www.europesays.com\/de\/wp-json\/wp\/v2\/posts\/120238","targetHints":{"allow":["GET"]}}],"collection":[{"href":"https:\/\/www.europesays.com\/de\/wp-json\/wp\/v2\/posts"}],"about":[{"href":"https:\/\/www.europesays.com\/de\/wp-json\/wp\/v2\/types\/post"}],"author":[{"embeddable":true,"href":"https:\/\/www.europesays.com\/de\/wp-json\/wp\/v2\/users\/2"}],"replies":[{"embeddable":true,"href":"https:\/\/www.europesays.com\/de\/wp-json\/wp\/v2\/comments?post=120238"}],"version-history":[{"count":0,"href":"https:\/\/www.europesays.com\/de\/wp-json\/wp\/v2\/posts\/120238\/revisions"}],"wp:featuredmedia":[{"embeddable":true,"href":"https:\/\/www.europesays.com\/de\/wp-json\/wp\/v2\/media\/120239"}],"wp:attachment":[{"href":"https:\/\/www.europesays.com\/de\/wp-json\/wp\/v2\/media?parent=120238"}],"wp:term":[{"taxonomy":"category","embeddable":true,"href":"https:\/\/www.europesays.com\/de\/wp-json\/wp\/v2\/categories?post=120238"},{"taxonomy":"post_tag","embeddable":true,"href":"https:\/\/www.europesays.com\/de\/wp-json\/wp\/v2\/tags?post=120238"}],"curies":[{"name":"wp","href":"https:\/\/api.w.org\/{rel}","templated":true}]}}