{"id":1202389,"date":"2026-07-30T02:29:35","date_gmt":"2026-07-30T02:29:35","guid":{"rendered":"https:\/\/www.europesays.com\/de\/1202389\/"},"modified":"2026-07-30T02:29:35","modified_gmt":"2026-07-30T02:29:35","slug":"russland-nach-durow-fahnden-und-telegram-weiter-einschraenken","status":"publish","type":"post","link":"https:\/\/www.europesays.com\/de\/1202389\/","title":{"rendered":"Russland: Nach Durow fahnden und Telegram weiter einschr\u00e4nken?"},"content":{"rendered":"<p>            <img loading=\"lazy\" decoding=\"async\" class=\"ts-image\" src=\"https:\/\/www.europesays.com\/de\/wp-content\/uploads\/2026\/07\/durow-110.jpg\" alt=\"Pawel Durow (Archivbild: 25.10.2025)\" title=\"Pawel Durow (Archivbild: 25.10.2025) | AFP\"\/><\/p>\n<p class=\"metatextline\">Stand: 29.07.2026 \u2022 19:36 Uhr<\/p>\n<p class=\"article-head__shorttext\">\n        <strong>Russland hat Telegram-Gr\u00fcnder Durow zur internationalen Fahndung ausgeschrieben &#8211; unter dem Vorwurf der F\u00f6rderung terroristischer Aktivit\u00e4ten. Durow lebt schon lange im Ausland, doch die Fahndung k\u00f6nnte ein weiteres Warnsignal an Telegram sein. <\/strong>\n    <\/p>\n<p>                                    <a class=\"authorline__link\" href=\"https:\/\/www.tagesschau.de\/korrespondenten\/bjoern-blaschke-106.html\" rel=\"nofollow noopener\" target=\"_blank\"><br \/>\n                                        <img decoding=\"async\" class=\"authorline__img\" alt=\"Bj\u00f6rn Blaschke\" src=\"https:\/\/www.europesays.com\/de\/wp-content\/uploads\/2026\/03\/blaschke-102.jpg\"\/><br \/>\n                                    <\/a><\/p>\n<p class=\"textabsatz m-ten m-offset-one l-eight l-offset-two columns twelve\">Er sitzt an einem Tisch, vor sich einen Obstteller und Getr\u00e4nke, dreht sich um und streckt einen Mittelfinger in die Kamera. Es ist Pawel Durows Kommentar zum Vorwurf, er habe terroristische Aktivit\u00e4ten in Russland unterst\u00fctzt. Das behauptet der russische Inlandsgeheimdienst (FSB).<\/p>\n<p class=\"textabsatz m-ten m-offset-one l-eight l-offset-two columns twelve\">Die Geheimdienste der Ukraine h\u00e4tten Telegram-Kan\u00e4le und Telegram-Chats genutzt, um &#8222;Terroranschl\u00e4ge&#8220; in Russland vorzubereiten. Und die Verwalter von Telegram h\u00e4tten sie nicht gel\u00f6scht.<\/p>\n<p class=\"absatzbild__info__text\">\n                        Screenshot des Telegram-Kanals Ozstorozhno novosti (&#8222;Vorsicht, Nachrichten&#8220;) zeigt Telegram-Gr\u00fcnder Durow und seine Reaktion auf den Fahndungsaufruf aus Russland.\n                    <\/p>\n<p>    Vorerst \u00fcberschaubare Folgen<\/p>\n<p class=\"textabsatz m-ten m-offset-one l-eight l-offset-two columns twelve\">In einem Telegram-Kanal namens &#8222;Vorsicht, Nachrichten&#8220; beschreiben die Betreiber, welche Folgen das f\u00fcr den Telegram-Mitbegr\u00fcnder hat: Wer in Russland Terrorismus-Vorw\u00fcrfen ausgesetzt ist, landet auf einer entsprechenden Liste und wird international zur Fahndung ausgeschrieben.<\/p>\n<p class=\"textabsatz m-ten m-offset-one l-eight l-offset-two columns twelve\">F\u00fcr Durow bedeutet das auch die Sperrung etwaiger russischer Konten und das Einfrieren seines Verm\u00f6gens. Er d\u00fcrfte mit einer Bankkarte umgerechnet nur mehr rund hundert Euro im Monat ausgeben &#8211; wenn er denn darauf angewiesen w\u00e4re.<\/p>\n<p class=\"textabsatz m-ten m-offset-one l-eight l-offset-two columns twelve\">Da der Telegram-Mitbegr\u00fcnder ohnehin seit Jahren im Exil ist, d\u00fcrfte ihn das nicht sonderlich st\u00f6ren. Theoretisch aber k\u00f6nnten ihn manche Staaten an Russland ausliefern. Zum Beispiel die, die mit Moskau in der Gemeinschaft Unabh\u00e4ngiger Staaten \u00fcber bilaterale Abkommen verbandelt sind.<\/p>\n<p class=\"textabsatz m-ten m-offset-one l-eight l-offset-two columns twelve\">Von der EU geht f\u00fcr Durow keine Gefahr aus, da er auch einen franz\u00f6sischen Pass besitzt, neben einem der Vereinigten Arabischen Emirate. Da sich die aber als IT- und Influencer-Hub sehen, werden sie wohl kaum einen der wichtigsten Vertreter der Branche nach Moskau ausliefern.<\/p>\n<p>    Weitere Einschr\u00e4nkungen f\u00fcr Telegram und die User?<\/p>\n<p class=\"textabsatz m-ten m-offset-one l-eight l-offset-two columns twelve\">Viel wichtiger ist vielleicht, was die Aff\u00e4re f\u00fcr den Messenger-Dienst Telegram an sich bedeutet: Anw\u00e4lte sehen in dem Vorwurf, Durow habe terroristische Aktivit\u00e4ten in Russland unterst\u00fctzt, einen m\u00f6glichen Auftakt, die Einschr\u00e4nkungen f\u00fcr Telegram zu versch\u00e4rfen. Denn mit dem Vorwurf gegen Durow k\u00f6nnte eine formelle Beweislast gegen den Messenger-Dienst insgesamt aufgebaut werden. Das k\u00f6nnte f\u00fcr Telegram in einem neuen Status m\u00fcnden &#8211; den einer verbotenen Organisation.<\/p>\n<p class=\"textabsatz m-ten m-offset-one l-eight l-offset-two columns twelve\">F\u00fcr die Userschaft h\u00e4tte das gegebenenfalls harte Konsequenzen: Zahlungen an Telegram, zum Beispiel durch den Kauf eines Premium-Abonnements, Werbung \u00fcber Telegram &#8211; alles, was mit Geld zu tun hat, k\u00f6nnte als &#8222;Finanzierung extremistischer Aktivit\u00e4ten&#8220; gewertet werden.<\/p>\n<p>    Werbeplattform im Wahlkampf<\/p>\n<p class=\"textabsatz m-ten m-offset-one l-eight l-offset-two columns twelve\">Andrej Swinzow formulierte eine entsprechende Warnung bei der staatlichen Nachrichtenagentur TASS: Der stellvertretende Vorsitzende des parlamentarischen Ausschusses f\u00fcr Informationspolitik in Moskau meint, Russen sollten keine Abonnements bei Telegram kaufen und von Finanztransaktionen \u00fcber den Messenger absehen, bis die Beh\u00f6rden die Situation gekl\u00e4rt haben.<\/p>\n<p class=\"textabsatz m-ten m-offset-one l-eight l-offset-two columns twelve\">Das k\u00f6nnte allerdings dauern, vermutlich bis nach der Duma-Wahl im September, der Wahl zum Unterhaus der Russischen F\u00f6deration. Denn bis dahin werden viele Kandidierende Telegram noch nutzen wollen &#8211; als Wahlkampfplattform. Und das, obwohl sie ohnehin schon gedrosselt wurde und nur noch \u00fcber VPN, einen digitalen Umweg, zu erreichen ist.<\/p>\n","protected":false},"excerpt":{"rendered":"Stand: 29.07.2026 \u2022 19:36 Uhr Russland hat Telegram-Gr\u00fcnder Durow zur internationalen Fahndung ausgeschrieben &#8211; unter dem Vorwurf der&hellip;\n","protected":false},"author":2,"featured_media":1202390,"comment_status":"","ping_status":"","sticky":false,"template":"","format":"standard","meta":{"footnotes":"","_share_on_mastodon":"0"},"categories":[5],"tags":[331,332,3364,29,66372,30,13,14,15,307,12,6075],"class_list":["post-1202389","post","type-post","status-publish","format-standard","has-post-thumbnail","category-nachrichten","tag-aktuelle-nachrichten","tag-aktuelle-news","tag-de","tag-deutschland","tag-durow","tag-germany","tag-headlines","tag-nachrichten","tag-news","tag-russland","tag-schlagzeilen","tag-telegram"],"share_on_mastodon":{"url":"https:\/\/pubeurope.com\/@de\/117006578375294733","error":""},"_links":{"self":[{"href":"https:\/\/www.europesays.com\/de\/wp-json\/wp\/v2\/posts\/1202389","targetHints":{"allow":["GET"]}}],"collection":[{"href":"https:\/\/www.europesays.com\/de\/wp-json\/wp\/v2\/posts"}],"about":[{"href":"https:\/\/www.europesays.com\/de\/wp-json\/wp\/v2\/types\/post"}],"author":[{"embeddable":true,"href":"https:\/\/www.europesays.com\/de\/wp-json\/wp\/v2\/users\/2"}],"replies":[{"embeddable":true,"href":"https:\/\/www.europesays.com\/de\/wp-json\/wp\/v2\/comments?post=1202389"}],"version-history":[{"count":0,"href":"https:\/\/www.europesays.com\/de\/wp-json\/wp\/v2\/posts\/1202389\/revisions"}],"wp:featuredmedia":[{"embeddable":true,"href":"https:\/\/www.europesays.com\/de\/wp-json\/wp\/v2\/media\/1202390"}],"wp:attachment":[{"href":"https:\/\/www.europesays.com\/de\/wp-json\/wp\/v2\/media?parent=1202389"}],"wp:term":[{"taxonomy":"category","embeddable":true,"href":"https:\/\/www.europesays.com\/de\/wp-json\/wp\/v2\/categories?post=1202389"},{"taxonomy":"post_tag","embeddable":true,"href":"https:\/\/www.europesays.com\/de\/wp-json\/wp\/v2\/tags?post=1202389"}],"curies":[{"name":"wp","href":"https:\/\/api.w.org\/{rel}","templated":true}]}}