{"id":1202557,"date":"2026-07-30T04:20:14","date_gmt":"2026-07-30T04:20:14","guid":{"rendered":"https:\/\/www.europesays.com\/de\/1202557\/"},"modified":"2026-07-30T04:20:14","modified_gmt":"2026-07-30T04:20:14","slug":"borussia-dortmund-der-sommerfahrplan-des-bvb-im-ueberblick-hier-gibt-es-alle-termine-fussball","status":"publish","type":"post","link":"https:\/\/www.europesays.com\/de\/1202557\/","title":{"rendered":"Borussia Dortmund: Der Sommerfahrplan des BVB im \u00dcberblick \u2013 hier gibt es alle Termine! | Fu\u00dfball"},"content":{"rendered":"<p><b>Volle Attacke in die neue Saison! <\/b><\/p>\n<p>Nach einer insgesamt recht erfolgreichen Saison 2025\/26 startet <a href=\"https:\/\/sportbild.bild.de\/bundesliga\/vereine\/borussia-dortmund\/home-33283690.sport.html\" class=\"text-link\" rel=\"nofollow noopener\" target=\"_blank\">Borussia Dortmund<\/a> mit einem abwechslungsreichen Sommerfahrplan in die neue Spielzeit. In der <a href=\"https:\/\/sportbild.bild.de\/bundesliga\/startseite\/1-bundesliga\/home-33207854.sport.html\" class=\"text-link\" rel=\"nofollow noopener\" target=\"_blank\">Bundesliga<\/a> belegte der BVB den zweiten Platz und sicherte sich damit erneut die Teilnahme an der Champions League. Im DFB-Pokal war dagegen bereits im Achtelfinale Schluss, w\u00e4hrend die Mannschaft in der Champions League in den Play-offs der K.-o.-Phase ausschied.<\/p>\n<p>Mehr zum Thema<\/p>\n<p>Jetzt richtet sich der Blick auf die neue Runde. Schon am 14. Juli begr\u00fc\u00dfte Trainer Niko Kovac (54) die Schwarz-Gelben wieder auf dem Trainingsplatz. Nach mehreren Testspielen gegen Rot-Wei\u00df Oberhausen (3:1) und Fortuna D\u00fcsseldorf (1:2) wartet Ende Juli statt eines klassischen Trainingslagers die Reise nach Japan. <\/p>\n<p>Tests gegen Arsenal und AS Rom<\/p>\n<p>In Osaka und Tokio werden sich die Dortmunder dabei auch mit den beiden Fu\u00dfball-Vereinen der japanischen St\u00e4dte duellieren. Namhafter wird es dann nach der R\u00fcckkehr nach Deutschland. Am 9. August 2026 reist der BVB nach London, um sich mit dem Premier-League-Meister und Champions-League-Finalisten Arsenal zu messen. <\/p>\n<p>\u201eIch bin kein junges Kind mehr&#8230;\u201c: Kampfansage von Bellingham!<a class=\"anchor video-teaser__anchor\" href=\"https:\/\/sportbild.bild.de\/fussball\/1-bundesliga\/ich-bin-kein-junges-kind-mehr-kampfansage-von-bellingham-6a677cb95a746a23ee62445d\" rel=\"nofollow noopener\" target=\"_blank\"><img decoding=\"async\" width=\"992\" height=\"558\" alt=\"\" loading=\"lazy\" src=\"https:\/\/www.europesays.com\/de\/wp-content\/uploads\/2026\/07\/1d899b88f8ff6b725bac7695d282720d-landscape,617c9840.jpeg\"   class=\"landscape teaser__image\"\/><\/a><\/p>\n<p>Quelle: BILD27.07.2026<\/p>\n<p>Wenige Tage sp\u00e4ter wartet im heimischen Stadion dann im Rahmen der Saisoner\u00f6ffnung die AS Rom. Es ist die Generalprobe vor dem Pflichtspielstart. Denn am 22. August empf\u00e4ngt die Borussia den FC Bayern im Rahmen des Franz Beckenbauer Supercups. Dabei geht es um den ersten Titel der Saison. Genau eine Woche sp\u00e4ter startet dann auch die Bundesliga. Wieder im Signal Iduna Park ist dann der Hamburger SV (29. August, 18.30 Uhr) der Gegner. <\/p>\n<p>Alle wichtigen Termine in der Saisonvorbereitung im \u00dcberblick<\/p>\n<ul class=\"unordered-list\">\n<li>14. Juli 2026: Erstes Training<\/li>\n<li>18. Juli 2026: Testspiel bei Rot-Wei\u00df Oberhausen<\/li>\n<li>25. Juli 2026: Testspiel bei Fortuna D\u00fcsseldorf<\/li>\n<li>26. Juli \u2013 2. August 2026: BVB Japan Tour nach Osaka und Tokio<\/li>\n<li>28. Juli 2026: Testspiel gegen Cerezo Osaka<\/li>\n<li>1. August 2026: Testspiel gegen den FC Tokyo<\/li>\n<li>9. August 2026: Testspiel beim FC Arsenal<\/li>\n<li>15. August 2026: Testspiel im Rahmen der Saisoner\u00f6ffnung gegen die AS Rom<\/li>\n<li>22. August 2026: Pflichtspiel-Auftakt mit dem Franz Beckenbauer Supercup gegen den FC Bayern<\/li>\n<li>29. August 2026: 1. Spieltag der Bundesliga gegen den Hamburger SV<\/li>\n<\/ul>\n","protected":false},"excerpt":{"rendered":"Volle Attacke in die neue Saison! Nach einer insgesamt recht erfolgreichen Saison 2025\/26 startet Borussia Dortmund mit einem&hellip;\n","protected":false},"author":2,"featured_media":1202558,"comment_status":"","ping_status":"","sticky":false,"template":"","format":"standard","meta":{"footnotes":"","_share_on_mastodon":"0"},"categories":[1833],"tags":[888,3364,29,217,538,347,30,5131,1209,803,126193,1927],"class_list":["post-1202557","post","type-post","status-publish","format-standard","has-post-thumbnail","category-dortmund","tag-borussia-dortmund","tag-de","tag-deutschland","tag-dortmund","tag-erste-bundesliga","tag-fussball","tag-germany","tag-kovac-niko","tag-nordrhein-westfalen","tag-spielertransfer","tag-spobi-bundesliga","tag-sport-standard"],"share_on_mastodon":{"url":"https:\/\/pubeurope.com\/@de\/117007013648365494","error":""},"_links":{"self":[{"href":"https:\/\/www.europesays.com\/de\/wp-json\/wp\/v2\/posts\/1202557","targetHints":{"allow":["GET"]}}],"collection":[{"href":"https:\/\/www.europesays.com\/de\/wp-json\/wp\/v2\/posts"}],"about":[{"href":"https:\/\/www.europesays.com\/de\/wp-json\/wp\/v2\/types\/post"}],"author":[{"embeddable":true,"href":"https:\/\/www.europesays.com\/de\/wp-json\/wp\/v2\/users\/2"}],"replies":[{"embeddable":true,"href":"https:\/\/www.europesays.com\/de\/wp-json\/wp\/v2\/comments?post=1202557"}],"version-history":[{"count":0,"href":"https:\/\/www.europesays.com\/de\/wp-json\/wp\/v2\/posts\/1202557\/revisions"}],"wp:featuredmedia":[{"embeddable":true,"href":"https:\/\/www.europesays.com\/de\/wp-json\/wp\/v2\/media\/1202558"}],"wp:attachment":[{"href":"https:\/\/www.europesays.com\/de\/wp-json\/wp\/v2\/media?parent=1202557"}],"wp:term":[{"taxonomy":"category","embeddable":true,"href":"https:\/\/www.europesays.com\/de\/wp-json\/wp\/v2\/categories?post=1202557"},{"taxonomy":"post_tag","embeddable":true,"href":"https:\/\/www.europesays.com\/de\/wp-json\/wp\/v2\/tags?post=1202557"}],"curies":[{"name":"wp","href":"https:\/\/api.w.org\/{rel}","templated":true}]}}