{"id":1202614,"date":"2026-07-30T04:58:17","date_gmt":"2026-07-30T04:58:17","guid":{"rendered":"https:\/\/www.europesays.com\/de\/1202614\/"},"modified":"2026-07-30T04:58:17","modified_gmt":"2026-07-30T04:58:17","slug":"rache-fuer-schlag-auf-jordanien-us-militaer-beendet-feuerpause-neue-angriffe-gegen-iran","status":"publish","type":"post","link":"https:\/\/www.europesays.com\/de\/1202614\/","title":{"rendered":"Rache f\u00fcr Schlag auf Jordanien: US-Milit\u00e4r beendet Feuerpause &#8211; neue Angriffe gegen Iran"},"content":{"rendered":"<p>Rache f\u00fcr Schlag auf JordanienUS-Milit\u00e4r beendet Feuerpause &#8211; neue Angriffe gegen Iran<\/p>\n<p>30.07.2026, 03:34 Uhr <\/p>\n<p>Artikel anh\u00f6ren(02:43 min)<\/p>\n<p><img decoding=\"async\" class=\"Image_img__fQCi0 Image_Img_16_9__4BLfH widget-picture-inline_maximizable__t_E7h\" loading=\"eager\" fetchpriority=\"high\" src=\"https:\/\/www.europesays.com\/de\/wp-content\/uploads\/2026\/07\/United-States-President-Donald-J-Trump-greets-President-Joseph-Aoun-of-the-Republic-of-Lebanon-at-th.webp\" alt=\"United-States-President-Donald-J-Trump-greets-President-Joseph-Aoun-of-the-Republic-of-Lebanon-at-the-West-Wing-Portico-of-the-White-House-in-Washington-DC-USA-on-Tuesday-July-21-2026-Aoun-is-in-Washington-to-present-a-proposal-designed-to-disarm-the-Iran-backed-militant-group-Hezbollah-and-secure-Israel-s-withdrawal-from-Lebanon\"\/>US-Pr\u00e4sident Trump hatte den Gegenschlag Stunden zuvor angek\u00fcndigt. (Foto: picture alliance \/ Captital Pictures)TeilenFolgen auf:<a href=\"https:\/\/www.whatsapp.com\/channel\/0029Va5cdVJD8SDp5YZgYF01\" title=\"Auf WhatsApp folgen\" target=\"_blank\" rel=\"nofollow noopener\"><img decoding=\"async\" src=\"https:\/\/www.n-tv.de\/socialIcons\/whatsapp.svg\" alt=\"whatsapp\" class=\"ArticleShare_icon__FsrC2\"\/><\/a><a href=\"https:\/\/www.google.com\/preferences\/source?q=n-tv.de\" title=\"ntv als bevorzugte Quelle auf Google hinzuf\u00fcgen\" target=\"_blank\" rel=\"nofollow noopener\"><img decoding=\"async\" src=\"https:\/\/www.n-tv.de\/socialIcons\/google.svg\" alt=\"whatsapp\" class=\"ArticleShare_icon__FsrC2\"\/><\/a><\/p>\n<p class=\"Typography_text-m__XI0da Typography_weight-bold__uT6mq storyline_lead_text_leadtext__q_wg8\">Die USA pausieren zuletzt ihre Angriffe auf den Iran. Auch Teheran stellt seine Attacken ein. Doch die Waffenpause h\u00e4lt nur wenige Tage.<\/p>\n<p class=\"Typography_text-default__P3otY Typography_weight-normal__pqUbH storyline_paragraph_p__qSR5N\">Das US-Milit\u00e4r hat nach eigenen Angaben neue Angriffe gegen den Iran begonnen. Die Attacken, die am Mittwoch um 20 Uhr (US-Ostk\u00fcstenzeit) starteten, seien eine &#8222;entschlossene Antwort&#8220; auf die versuchten iranischen Angriffe auf US-Streitkr\u00e4fte im Nahen Osten, <a class=\"inline_link\" href=\"https:\/\/x.com\/centcom\/status\/2082623345682518024?s=46\" target=\"_blank\" rel=\"nofollow\">schreibt<\/a> das f\u00fcr die Region zust\u00e4ndige US-Kommando Centcom auf X. Genaue Angaben zu den Zielen der Angriffe wurden nicht gemacht. <\/p>\n<p class=\"Typography_text-default__P3otY Typography_weight-normal__pqUbH storyline_paragraph_p__qSR5N\">Wenig sp\u00e4ter teilte Centcom mit, dass die Angriffswelle <a class=\"inline_link\" href=\"https:\/\/x.com\/CENTCOM\/status\/2082651747869147214?s=20\" target=\"_blank\" rel=\"nofollow\">&#8222;erfolgreich&#8220; beendet<\/a> worden sei. Es seien unter anderem milit\u00e4rische Kommandozentralen, Raketen- und Drohnenanlagen sowie K\u00fcsten\u00fcberwachungs- und Verteidigungsanlagen bombardiert worden.<\/p>\n<p class=\"Typography_text-default__P3otY Typography_weight-normal__pqUbH storyline_paragraph_p__qSR5N\">Stunden zuvor hatte US-Pr\u00e4sident Donald Trump bereits mit Vergeltung gedroht. &#8222;Wir werden sie hart treffen. Sie werden Pr\u00fcgel beziehen&#8220;, <a class=\"inline_link\" href=\"https:\/\/www.n-tv.de\/politik\/Trump-will-Iran-nach-Angriffen-in-Jordanien-windelweich-pruegeln-id31138284.html\" target=\"_blank\" rel=\"nofollow noopener\">zitierte<\/a> ein Reporter des US-Senders &#8222;Fox News&#8220; den Pr\u00e4sidenten. &#8222;Wir werden sie verdammt windelweich pr\u00fcgeln&#8220;, habe Trump die Iraner beschimpft.<\/p>\n<p class=\"Typography_text-default__P3otY Typography_weight-normal__pqUbH storyline_paragraph_p__qSR5N\">Das US-Milit\u00e4r hatte am Dienstagabend (US-Ostk\u00fcstenzeit) einen <a class=\"inline_link\" href=\"https:\/\/www.n-tv.de\/politik\/USA-melden-Raketenbeschuss-auf-Stuetzpunkte-im-Nahen-Osten-id31135246.html\" target=\"_blank\" rel=\"nofollow noopener\">iranischen \u00dcberraschungsangriff mit mehreren ballistischen Raketen auf US-Truppen im Nahen Osten<\/a> gemeldet &#8211; erstmals seit dem vorl\u00e4ufigen Stopp der US-Angriffe auf Ziele im Iran seit dem Wochenende. Alle Raketen wurden laut Centcom abgefangen. Konkrete Ziele wurden nicht genannt. <\/p>\n<p class=\"Typography_text-default__P3otY Typography_weight-normal__pqUbH storyline_paragraph_p__qSR5N\">Der iranische Rundfunk verbreitete eine Stellungnahme der Revolutionsgarden, der Angriff habe einer US-Milit\u00e4rbasis in Jordanien gegolten. Jordaniens Streitkr\u00e4fte teilten mit, es seien f\u00fcnf Raketen aus dem Iran abgefangen worden.<\/p>\n<p class=\"Typography_text-default__P3otY Typography_weight-normal__pqUbH storyline_paragraph_p__qSR5N\">In der Nacht zu Mittwoch hatten au\u00dferdem US-Streitkr\u00e4fte nach eigenen Angaben gemeinsam mit dem Verb\u00fcndeten Saudi-Arabien im Irak &#8222;Terroristen&#8220; angegriffen, die dem Iran nahest\u00fcnden. Als Begr\u00fcndung hatte es gehei\u00dfen, dies sei eine Reaktion auf angeblich mehr als 30 Drohnenangriffe in den vergangenen 72 Stunden, die die iranischen Revolutionsgarden angeordnet h\u00e4tten.<\/p>\n<p class=\"Typography_text-default__P3otY Typography_weight-normal__pqUbH storyline_paragraph_p__qSR5N\">Die USA und Israel hatten am 28. Februar ihre Luftangriffe auf den Iran gestartet. Mitte Juni vereinbarten die USA und der Iran ein Rahmenabkommen, das den Weg zur Beendigung des Krieges \u00fcber vertiefte Verhandlungen ebnen sollte. Seit April galt zudem eine Waffenruhe, die Trump vor einiger Zeit aber nach zahlreichen Verst\u00f6\u00dfen f\u00fcr beendet erkl\u00e4rte. Auch Teheran f\u00fchlt sich nicht mehr an die vorl\u00e4ufige Absichtserkl\u00e4rung gebunden.<\/p>\n<p class=\"Typography_text-s__wu_cm Typography_weight-normal__pqUbH Typography_color-darkgrey__sZEnP article-detail-footer_source__KslPc\">Quelle: ntv.de, chr\/dpa<\/p>\n","protected":false},"excerpt":{"rendered":"Rache f\u00fcr Schlag auf JordanienUS-Milit\u00e4r beendet Feuerpause &#8211; neue Angriffe gegen Iran 30.07.2026, 03:34 Uhr Artikel anh\u00f6ren(02:43 min)&hellip;\n","protected":false},"author":2,"featured_media":1202615,"comment_status":"","ping_status":"","sticky":false,"template":"","format":"standard","meta":{"footnotes":"","_share_on_mastodon":"0"},"categories":[3],"tags":[106,13,186871,22814,14,15,16,12,10,8,9,11,103,104],"class_list":["post-1202614","post","type-post","status-publish","format-standard","has-post-thumbnail","category-welt","tag-donald-trump","tag-headlines","tag-iran-krieg","tag-jordanien","tag-nachrichten","tag-news","tag-politik","tag-schlagzeilen","tag-top-news","tag-top-meldungen","tag-topmeldungen","tag-topnews","tag-welt","tag-world"],"share_on_mastodon":{"url":"https:\/\/pubeurope.com\/@de\/117007164743989936","error":""},"_links":{"self":[{"href":"https:\/\/www.europesays.com\/de\/wp-json\/wp\/v2\/posts\/1202614","targetHints":{"allow":["GET"]}}],"collection":[{"href":"https:\/\/www.europesays.com\/de\/wp-json\/wp\/v2\/posts"}],"about":[{"href":"https:\/\/www.europesays.com\/de\/wp-json\/wp\/v2\/types\/post"}],"author":[{"embeddable":true,"href":"https:\/\/www.europesays.com\/de\/wp-json\/wp\/v2\/users\/2"}],"replies":[{"embeddable":true,"href":"https:\/\/www.europesays.com\/de\/wp-json\/wp\/v2\/comments?post=1202614"}],"version-history":[{"count":0,"href":"https:\/\/www.europesays.com\/de\/wp-json\/wp\/v2\/posts\/1202614\/revisions"}],"wp:featuredmedia":[{"embeddable":true,"href":"https:\/\/www.europesays.com\/de\/wp-json\/wp\/v2\/media\/1202615"}],"wp:attachment":[{"href":"https:\/\/www.europesays.com\/de\/wp-json\/wp\/v2\/media?parent=1202614"}],"wp:term":[{"taxonomy":"category","embeddable":true,"href":"https:\/\/www.europesays.com\/de\/wp-json\/wp\/v2\/categories?post=1202614"},{"taxonomy":"post_tag","embeddable":true,"href":"https:\/\/www.europesays.com\/de\/wp-json\/wp\/v2\/tags?post=1202614"}],"curies":[{"name":"wp","href":"https:\/\/api.w.org\/{rel}","templated":true}]}}