{"id":1202970,"date":"2026-07-30T08:40:20","date_gmt":"2026-07-30T08:40:20","guid":{"rendered":"https:\/\/www.europesays.com\/de\/1202970\/"},"modified":"2026-07-30T08:40:20","modified_gmt":"2026-07-30T08:40:20","slug":"deutscher-jugendfeuerwehrtag-2026-in-hannover-die-wichtigsten-termine-und-hoehepunkte","status":"publish","type":"post","link":"https:\/\/www.europesays.com\/de\/1202970\/","title":{"rendered":"Deutscher Jugendfeuerwehrtag 2026 in Hannover: Die wichtigsten Termine und H\u00f6hepunkte"},"content":{"rendered":"<p class=\"date\">30.07.2026 \u2013 10:06<\/p>\n<p class=\"customer\">\n                        <a class=\"story-customer\" title=\"weiter zum newsroom von Deutscher Feuerwehrverband e. V. (DFV)\" href=\"https:\/\/www.presseportal.de\/nr\/50093\" rel=\"nofollow noopener\" target=\"_blank\">Deutscher Feuerwehrverband e. V. (DFV)<\/a>\n                    <\/p>\n<p><a class=\"glightbox event-trigger\" href=\"https:\/\/cache.pressmailing.net\/thumbnail\/story_hires\/3698f538-5095-4eff-99ce-4992c503ced1\/Logo_DJF-Tag2026.jpg.jpg\" data-description=\"Logo des Deutschen Jugendfeuerwehrtages 2026\" data-category=\"medialightbox\" data-action=\"click\" data-label=\"single\" data-value=\"6a6b0602270000fd2c7a1465\" rel=\"nofollow noopener\" target=\"_blank\"><img decoding=\"async\" height=\"540\" with=\"720\" src=\"https:\/\/www.europesays.com\/de\/wp-content\/uploads\/2026\/07\/deutscher-jugendfeuerwehrtag-2026-in-hannover-die-wichtigsten-termine-und-h-hepunkte.jpeg\"   alt=\"Deutscher Jugendfeuerwehrtag 2026 in Hannover: Die wichtigsten Termine und H\u00f6hepunkte\" class=\"single\"\/><\/a><\/p>\n<p><a data-category=\"citylink-story-view\" data-action=\"click\" data-label=\"Citylink in Meldungsansicht\" class=\"story-city event-trigger\" href=\"https:\/\/www.presseportal.de\/regional\/Berlin%252FHannover\" title=\"News aus Berlin\/Hannover \" rel=\"nofollow noopener\" target=\"_blank\">Berlin\/Hannover<\/a> (ots)<\/p>\n<p>Vom 4. bis 6. September 2026 wird Hannover zum Treffpunkt von Jugendfeuerwehren aus ganz Deutschland. In der nieders\u00e4chsischen Landeshauptstadt findet der 26. Deutsche Jugendfeuerwehrtag statt. Drei Tage lang stehen Gemeinschaft, Engagement und die Leistungen junger Feuerwehrangeh\u00f6riger im Mittelpunkt.<\/p>\n<p>Den Auftakt in das abwechslungsreiche Programm bildet am Freitag, 4. September, die offizielle Er\u00f6ffnungsfeier auf dem Opernplatz. Hier kommen alle Teilnehmenden zusammen und feiern gemeinsam den Start des Deutschen Jugendfeuerwehrtages. Auch die Bev\u00f6lkerung ist herzlich eingeladen, den Beginn des dreit\u00e4gigen Treffens mitzuerleben.<\/p>\n<p>Am Samstag, 5. September, trainieren die teilnehmenden Wettbewerbsgruppen im Erika-Fisch-Stadion und bereiten sich auf die Deutsche Meisterschaft am Sonntag vor. Zuschauerinnen und Zuschauer sind herzlich eingeladen, beim Training dabei zu sein und die Gruppen bei ihrer Vorbereitung zu beobachten. Parallel findet die Delegiertenversammlung der Deutschen Jugendfeuerwehr statt.<\/p>\n<p>Am Sonntag, 6. September, erwartet die Besucherinnen und Besucher im Erika-Fisch-Stadion ein besonderer H\u00f6hepunkt: die Deutsche Meisterschaft im Bundeswettbewerb der Deutschen Jugendfeuerwehr. Die besten Jugendfeuerwehr-Gruppen aus den Bundesl\u00e4ndern treten an und zeigen ihr K\u00f6nnen. Im Mittelpunkt steht, neben den feuerwehrtechnischen und sportlichen Aufgaben, die Zusammenarbeit innerhalb der Teams. Parallel organisiert die Nieders\u00e4chsische Kinder- und Jugendfeuerwehr einen &#8222;Niedersachsen-Cup&#8220;. Es wird also viel los sein im Stadion! Auch hier sind Zuschauer und Zuschauerinnen ausdr\u00fccklich erw\u00fcnscht &#8211; zum Mitfiebern und Anfeuern.<\/p>\n<p><b>Hintergrund<\/b><\/p>\n<p>Der Deutsche Jugendfeuerwehrtag findet j\u00e4hrlich an wechselnden Standorten statt. Er dient der Austragung der Deutschen Meisterschaften und der inhaltlichen Diskussion \u00fcber die Zukunft der Deutschen Jugendfeuerwehr, bietet den Besucherinnen und Besuchern aber auch ein buntes Programm mit dem Themenbezug Jugendfeuerwehr.<\/p>\n<p>Die Deutsche Jugendfeuerwehr ist die Gemeinschaft der Jugend innerhalb des Deutschen Feuerwehrverbandes. Zurzeit sind mehr als 380.000 Kinder und Jugendliche bundesweit aktiv. Neben der feuerwehrtechnischen Ausbildung lernen die jungen Menschen hier von klein auf, was Gemeinsinn bedeutet. Die Jugendfeuerwehr lebt ihre Werte Spa\u00df, individuelle Vielfalt, Hilfsbereitschaft, Mitbestimmung, Wertsch\u00e4tzung, ehrenamtliches Engagement, Verl\u00e4sslichkeit und Kameradschaft.<\/p>\n<p>Weitere Informationen zur Veranstaltung finden Sie unter  <a target=\"_blank\" class=\"uri-ext outbound\" rel=\"noopener nofollow\" href=\"https:\/\/jugendfeuerwehr.de\/veranstaltungen\/djf-tag-2026\/\">https:\/\/jugendfeuerwehr.de\/veranstaltungen\/djf-tag-2026\/<\/a><\/p>\n<p>Die Veranstaltungen werden vom Bundesministerium f\u00fcr Bildung, Familie, Senioren, Frauen und Jugend gef\u00f6rdert.<\/p>\n<p class=\"contact-headline\">Pressekontakt:<\/p>\n<p class=\"contact-text\">Deutsche Jugendfeuerwehr im Deutschen Feuerwehrverband e. V.<br \/>Presse- und \u00d6ffentlichkeitsarbeit<br \/>Christine Hepner<br \/>Telefon: 030-28 88 48 822<br \/><a href=\"https:\/\/www.presseportal.de\/pm\/50093\/mailto:hepner@jugendfeuerwehr.de\" class=\"uri-mailto\" rel=\"nofollow noopener\" target=\"_blank\">hepner@jugendfeuerwehr.de<\/a><\/p>\n<p>Instagram: @deutsche_jugendfeuerwehr<br \/>Facebook: @DeutscheJugendfeuerwehrLauffeuer<\/p>\n<p class=\"originator\">Original-Content von: Deutscher Feuerwehrverband e. V. (DFV), \u00fcbermittelt durch news aktuell<\/p>\n","protected":false},"excerpt":{"rendered":"30.07.2026 \u2013 10:06 Deutscher Feuerwehrverband e. V. (DFV) Berlin\/Hannover (ots) Vom 4. bis 6. September 2026 wird Hannover&hellip;\n","protected":false},"author":2,"featured_media":1202971,"comment_status":"","ping_status":"","sticky":false,"template":"","format":"standard","meta":{"footnotes":"","_share_on_mastodon":"0"},"categories":[1836],"tags":[3477,3364,29,985,30,46,1411,178,180,179,181,1458,265,11908],"class_list":["post-1202970","post","type-post","status-publish","format-standard","has-post-thumbnail","category-hannover","tag-bild","tag-de","tag-deutschland","tag-feuerwehr","tag-germany","tag-hannover","tag-niedersachsen","tag-presse","tag-pressemeldung","tag-pressemitteilung","tag-pressemitteilungen","tag-soziales","tag-sport","tag-verbnde"],"share_on_mastodon":{"url":"","error":""},"_links":{"self":[{"href":"https:\/\/www.europesays.com\/de\/wp-json\/wp\/v2\/posts\/1202970","targetHints":{"allow":["GET"]}}],"collection":[{"href":"https:\/\/www.europesays.com\/de\/wp-json\/wp\/v2\/posts"}],"about":[{"href":"https:\/\/www.europesays.com\/de\/wp-json\/wp\/v2\/types\/post"}],"author":[{"embeddable":true,"href":"https:\/\/www.europesays.com\/de\/wp-json\/wp\/v2\/users\/2"}],"replies":[{"embeddable":true,"href":"https:\/\/www.europesays.com\/de\/wp-json\/wp\/v2\/comments?post=1202970"}],"version-history":[{"count":0,"href":"https:\/\/www.europesays.com\/de\/wp-json\/wp\/v2\/posts\/1202970\/revisions"}],"wp:featuredmedia":[{"embeddable":true,"href":"https:\/\/www.europesays.com\/de\/wp-json\/wp\/v2\/media\/1202971"}],"wp:attachment":[{"href":"https:\/\/www.europesays.com\/de\/wp-json\/wp\/v2\/media?parent=1202970"}],"wp:term":[{"taxonomy":"category","embeddable":true,"href":"https:\/\/www.europesays.com\/de\/wp-json\/wp\/v2\/categories?post=1202970"},{"taxonomy":"post_tag","embeddable":true,"href":"https:\/\/www.europesays.com\/de\/wp-json\/wp\/v2\/tags?post=1202970"}],"curies":[{"name":"wp","href":"https:\/\/api.w.org\/{rel}","templated":true}]}}