{"id":1202974,"date":"2026-07-30T08:42:18","date_gmt":"2026-07-30T08:42:18","guid":{"rendered":"https:\/\/www.europesays.com\/de\/1202974\/"},"modified":"2026-07-30T08:42:18","modified_gmt":"2026-07-30T08:42:18","slug":"fw-dresden-informationen-zum-einsatzgeschehen-von-feuerwehr-und-rettungsdienst-in-der-17","status":"publish","type":"post","link":"https:\/\/www.europesays.com\/de\/1202974\/","title":{"rendered":"FW Dresden: Informationen zum Einsatzgeschehen von Feuerwehr und Rettungsdienst in der &#8230;"},"content":{"rendered":"<p class=\"date\">30.07.2026 \u2013 10:29<\/p>\n<p class=\"customer\">\n                        <a class=\"story-customer\" title=\"weiter zum newsroom von Feuerwehr Dresden\" href=\"https:\/\/www.presseportal.de\/blaulicht\/nr\/154636\" rel=\"nofollow noopener\" target=\"_blank\">Feuerwehr Dresden<\/a>\n                    <\/p>\n<p><a class=\"glightbox event-trigger\" href=\"https:\/\/cache.pressmailing.net\/thumbnail\/story_hires\/e887ffe3-f12d-4f4d-93ef-615ec7a38588\/rh26073001rh0004.jpg.jpg\" data-description=\"\u00a9 Roland Halkasch&#010;&#010;Feuerwehrleute gehen mit Atemschutzger\u00e4ten vor\" data-category=\"medialightbox\" data-action=\"click\" data-label=\"single\" data-value=\"6a6b0b6f270000fd2c7a24b5\" rel=\"nofollow noopener\" target=\"_blank\"><img decoding=\"async\" height=\"540\" with=\"720\" src=\"https:\/\/www.europesays.com\/de\/wp-content\/uploads\/2026\/07\/fw-dresden-informationen-zum-einsatzgeschehen-von-feuerwehr-und-rettungsdienst-in-der-landeshauptsta.jpeg\"   alt=\"FW Dresden: Informationen zum Einsatzgeschehen von Feuerwehr und Rettungsdienst in der Landeshauptstadt Dresden vom 29. Juli 2026\" class=\"single\"\/><\/a><\/p>\n<p><a data-category=\"citylink-story-view\" data-action=\"click\" data-label=\"Citylink in Meldungsansicht\" class=\"story-city event-trigger\" href=\"https:\/\/www.presseportal.de\/regional\/Dresden\" title=\"News aus Dresden \" rel=\"nofollow noopener\" target=\"_blank\">Dresden<\/a> (ots)<\/p>\n<p>Rettungsdienst<\/p>\n<p>In den vergangenen 24 Stunden wurde der Rettungsdienst der Landeshauptstadt Dresden insgesamt 243-mal alarmiert. In 55 F\u00e4llen war der Einsatz eines Notarztes erforderlich. Dar\u00fcber hinaus wurden 158 qualifizierte Krankentransporte durchgef\u00fchrt. Der Rettungshubschrauber kam siebenmal im Leitstellenbereich zum Einsatz.<\/p>\n<p>Feuerwehr<\/p>\n<p>Die Feuerwehr Dresden verzeichnete im Berichtszeitraum insgesamt 27 Eins\u00e4tze. Neben acht Brandeins\u00e4tzen und zwei Alarmierungen durch automatische Brandmeldeanlagen r\u00fcckten die Einsatzkr\u00e4fte zu 17 Hilfeleistungseins\u00e4tzen aus.<br \/>\nDie Einsatzzahlen sind im Jahresmittel f\u00fcr einen normalen Sommertag gelegen. Aber es war trotzdem ein besonderer Dienst, denn in den Nachtstunden waren zeitgleich alle Berufsfeuerwehrwachen im Einsatz.<\/p>\n<p>Kellerbrand in Mehrfamilienhaus<\/p>\n<p>Zeit: 30. Juli 2026, 01:52 &#8211;  09:08 Uhr<\/p>\n<p>Ort: Burkersdorfer Weg, Kleinpestitz<\/p>\n<p>Aus noch zu ermittelnder Ursache wurde die Feuerwehr Dresden zu einem Kellerbrand in ein Mehrfamilienhaus alarmiert. Bei Eintreffen ersten Einsatzkr\u00e4fte waren Personen auf Balkonen sichtbar, diese gaben an das ihre Wohnungen verraucht sind. Weiterhin sollte sich eine Person im Treppenraum befinden. Die Feuerwehr leitete z\u00fcgig eine Rettung der beiden Personen ein, da die Rauchentwicklung aus dem Kellergescho\u00df die Personen erreichte. Parallel dazu wurde nach der Person im Treppenraum gesucht, aber es wurde niemand gefunden, sodass davon auszugehen war, dass sie sich im Freien befand. Die Feuerwehrleute welche sich auf die Suche nach dem Brandort gemacht hatten, konnten diesen in einem Kellerabteil auffinden. Die L\u00f6schma\u00dfnahmen wurden mit einem Strahlrohr eingeleitet. Nach ca. 30 Minuten war der Brand gel\u00f6scht wurden. Nun musste der Brandrauch noch kontrolliert abgeleitet werden. Dies gestaltete sich sehr schwierig, da sich im Kellergescho\u00df mehrere verwinkelte R\u00e4ume befanden. Zw\u00f6lf Einsatztrupps unter Verwendung von Atemschutzger\u00e4ten wurden f\u00fcr den Einsatz ben\u00f6tigt. Ein weiterer Schwerpunkt war: Bei dem Brand wurde die Hauptstromzufuhr und eine Wasserleitung besch\u00e4digt, sodass die Mitarbeiter der Sachsenenergie alarmiert werden mussten um den Wohnblock vom Stromnetz zu trennen. Der Einsatz dauerte bis in die Morgenstunden an und wurde an die Folgeschicht \u00fcbergeben.<br \/>\nAlle Personen welche mit Brandrauch in Ber\u00fchrung kamen wurden rettungsdienstlich erstversorgt, konnten aber gl\u00fccklicherweise vor Ort bleiben. Der Kollegen des Rettungsdienstes \u00fcbernahmen weiterhin die Betreuung der Bewohner des Geb\u00e4udes.<br \/>\nIm Einsatz befanden sich insgesamt 52 Einsatzkr\u00e4fte der Feuerwehr Dresden aus den Feuer- und Rettungswachen \u00dcbigau, Altstadt und Albertstadt, der Stadtteilfeuerwehr Kaitz sowie die Rettungswache Altstadt.<\/p>\n<p>Mehrere M\u00fclltonnen brennen kurz hintereinander<\/p>\n<p>Zeit: 30. Juli 2026, 03:43 Uhr &#8211; 05:27 Uhr<\/p>\n<p>Ort: \u00c4u\u00dfere Neustadt und Alberstadt<\/p>\n<p>Aus bislang ungekl\u00e4rter Ursache gerieten in der Nacht mehrere M\u00fclltonnen und Papiercontainer in Brand. Die Feuerwehr wurde als erstes gegen 03:43 Uhr auf die Seifhennersdorfer Stra\u00dfe alarmiert. Sechs Einsatzkr\u00e4fte der Feuer- und Rettungswache Albertstadt r\u00fcckten aus und begannen umgehend mit den L\u00f6scharbeiten.<br \/>\nW\u00e4hrend der Brandbek\u00e4mpfung ging in der Integrierten Regionalleitstelle Dresden gegen 04:03 Uhr ein weiterer Notruf ein. Im Bereich des Martin-Luther-Platzes waren ebenfalls M\u00fclltonnen in Brand geraten. Daraufhin wurde ein weiteres L\u00f6schfahrzeug der Feuer- und Rettungswache \u00dcbigau zur Einsatzstelle entsandt. Die Besatzung konnte auch dieses Feuer schnell unter Kontrolle bringen und l\u00f6schen.<br \/>\nZeitgleich wurde um 04:03 Uhr ein weiterer brennender M\u00fcllbeh\u00e4lter auf dem Alaunplatz gemeldet. Hier konnten das Fahrzeug der Feuer- und Rettungswache Albertstadt was den ersten Einsatz beendet hatte, sofort zur neuen Einsatzstelle fahren. Hier war eine rauchender Papiercontainer entdeckt, auch dieser Brand wurde umgehend bek\u00e4mpft.<br \/>\nAlle Br\u00e4nde wurden jeweils durch einen Trupp unter Atemschutz mit einem Strahlrohr gel\u00f6scht.<br \/>\nPersonen kamen bei den Br\u00e4nden nicht zu Schaden. Die Polizei hat die Ermittlungen zur Brandursache aufgenommen. Im Einsatz waren insgesamt 12 Einsatzkr\u00e4fte.<\/p>\n<p class=\"contact-headline\">R\u00fcckfragen bitte an:<\/p>\n<p class=\"contact-text\">Feuerwehr Dresden<br \/>Pressestelle Feuerwehr Dresden<br \/>Pierre Steffen Bedrich<br \/>Telefon: 0351\/8155-297<br \/>Mobil: 0151 &#8211; 58239907<br \/>E-Mail: <a href=\"https:\/\/www.presseportal.de\/blaulicht\/pm\/154636\/mailto:feuerwehrpressestelle@dresden.de\" class=\"uri-mailto\" rel=\"nofollow noopener\" target=\"_blank\">feuerwehrpressestelle@dresden.de<\/a><br \/><a target=\"_blank\" class=\"uri-ext outbound\" rel=\"noopener nofollow\" href=\"https:\/\/www.dresden.de\/feuerwehr\">https:\/\/www.dresden.de\/feuerwehr<\/a><\/p>\n<p class=\"originator\">Original-Content von: Feuerwehr Dresden, \u00fcbermittelt durch news aktuell<\/p>\n","protected":false},"excerpt":{"rendered":"30.07.2026 \u2013 10:29 Feuerwehr Dresden Dresden (ots) Rettungsdienst In den vergangenen 24 Stunden wurde der Rettungsdienst der Landeshauptstadt&hellip;\n","protected":false},"author":2,"featured_media":1202975,"comment_status":"","ping_status":"","sticky":false,"template":"","format":"standard","meta":{"footnotes":"","_share_on_mastodon":"0"},"categories":[1835],"tags":[2919,3364,29,2386,985,30,3908,178,180,179,181,859,14110,1284],"class_list":["post-1202974","post","type-post","status-publish","format-standard","has-post-thumbnail","category-dresden","tag-brand","tag-de","tag-deutschland","tag-dresden","tag-feuerwehr","tag-germany","tag-notfallrettung","tag-presse","tag-pressemeldung","tag-pressemitteilung","tag-pressemitteilungen","tag-sachsen","tag-sn","tag-unfall"],"share_on_mastodon":{"url":"https:\/\/pubeurope.com\/@de\/117008044592600422","error":""},"_links":{"self":[{"href":"https:\/\/www.europesays.com\/de\/wp-json\/wp\/v2\/posts\/1202974","targetHints":{"allow":["GET"]}}],"collection":[{"href":"https:\/\/www.europesays.com\/de\/wp-json\/wp\/v2\/posts"}],"about":[{"href":"https:\/\/www.europesays.com\/de\/wp-json\/wp\/v2\/types\/post"}],"author":[{"embeddable":true,"href":"https:\/\/www.europesays.com\/de\/wp-json\/wp\/v2\/users\/2"}],"replies":[{"embeddable":true,"href":"https:\/\/www.europesays.com\/de\/wp-json\/wp\/v2\/comments?post=1202974"}],"version-history":[{"count":0,"href":"https:\/\/www.europesays.com\/de\/wp-json\/wp\/v2\/posts\/1202974\/revisions"}],"wp:featuredmedia":[{"embeddable":true,"href":"https:\/\/www.europesays.com\/de\/wp-json\/wp\/v2\/media\/1202975"}],"wp:attachment":[{"href":"https:\/\/www.europesays.com\/de\/wp-json\/wp\/v2\/media?parent=1202974"}],"wp:term":[{"taxonomy":"category","embeddable":true,"href":"https:\/\/www.europesays.com\/de\/wp-json\/wp\/v2\/categories?post=1202974"},{"taxonomy":"post_tag","embeddable":true,"href":"https:\/\/www.europesays.com\/de\/wp-json\/wp\/v2\/tags?post=1202974"}],"curies":[{"name":"wp","href":"https:\/\/api.w.org\/{rel}","templated":true}]}}