{"id":120305,"date":"2025-05-18T12:55:08","date_gmt":"2025-05-18T12:55:08","guid":{"rendered":"https:\/\/www.europesays.com\/de\/120305\/"},"modified":"2025-05-18T12:55:08","modified_gmt":"2025-05-18T12:55:08","slug":"digitale-passbilder-machen-fotografen-konkurrenz","status":"publish","type":"post","link":"https:\/\/www.europesays.com\/de\/120305\/","title":{"rendered":"Digitale Passbilder machen Fotografen Konkurrenz"},"content":{"rendered":"<p class=\"text_ohne_einzug richtext text-em-55 !leading-serif mx-6 desktop:mx-0\">Es gibt neue Regeln, f\u00fcr alle die einen neuen Personalausweis oder Reisepass beantragen: Seit dem 1. Mai d\u00fcrfen die Bilder f\u00fcr die Dokumente nur noch digital \u00fcbermittelt werden. F\u00fcr Fotogesch\u00e4fte bedeutet das eine gro\u00dfe Umstellung. Sie m\u00fcssen sich mit neuer Software und Lizenzen ausstatten, wenn sie weiterhin Passbilder anbieten wollen.<\/p>\n<p class=\"richtext text-em-55 !leading-serif mx-6 desktop:mx-0\">Stefanie Hergenr\u00f6der, die gemeinsam mit ihrem Mann Marc-Andr\u00e9 das Gesch\u00e4ft \u201eFoto Vogt\u201c im Dietrich-Karree in Pempelfort f\u00fchrt, sieht diese Entwicklung relativ entspannt. \u201ePassbilder sind im Bereich Fotografie schon das Gefragteste im Laden, aber fast genauso viele Menschen kommen zum Beispiel f\u00fcr Bewerbungsfotos\u201c, erz\u00e4hlt die 51-J\u00e4hrige. Die neue Regelung, die Bilder ausschlie\u00dflich digital \u00fcbermitteln zu k\u00f6nnen, sei an sich eine logische Entwicklung, \u201ewir fotografieren ja schon lange digital, die Kundinnen und Kunden haben die Bilder dann ausgedruckt mitgenommen, beim jeweiligen Amt wurde sie dann wieder eingescannt.\u201c Dass also der Part des Druckens wegfalle, vereinfache den Prozess. Au\u00dferdem gelte die neue Regel der ausschlie\u00dflich digitalen \u00dcbermittlung momentan nur f\u00fcr Reisepass- und Personalausweisbilder, und da auch nur f\u00fcr die deutsche Variante. \u201eF\u00fchrerscheinbilder zum Beispiel, oder Fotos f\u00fcr nicht-deutsche Dokumente, m\u00fcssen weiterhin ausgedruckt \u00fcbermittelt werden.\u201c<\/p>\n<p class=\"richtext text-em-55 !leading-serif mx-6 desktop:mx-0\">Bei der t\u00e4glichen Arbeit im Fotoladen sei die neue Regel also erst mal nicht stark bemerkbar, \u201edie Bilder machen wir ja trotzdem.\u201c Der Ablauf habe sich nicht gro\u00df ge\u00e4ndert \u2013 die Kundschaft kommt, das Foto wird gemacht und dann in eine gesicherte Cloud geladen. Die fotografierte Person bekomme dann einen speziellen QR-Code, den nur das entsprechende Amt auslesen k\u00f6nne. \u201eDas geht mit dem eigenen <a href=\"https:\/\/rp-online.de\/thema\/handy\/\" rel=\"nofollow noopener\" target=\"_blank\">Handy<\/a> gar nicht, das ist alles auf verschiedenen Ebenen abgesichert.\u201c<\/p>\n<p class=\"richtext text-em-55 !leading-serif mx-6 desktop:mx-0\">Um die digitalen Bilder machen und \u00fcbermitteln zu k\u00f6nnen, m\u00fcssen die Foto-Shops auf eigene Kosten eine Software und Lizenzen erwerben, sind damit dann aber automatisch bei der Stadt als zertifiziert gef\u00fchrt. Da pro Hochlade-Vorgang der digitalen Passbilder f\u00fcr die Fotografen auch ein Euro Geb\u00fchr anfalle, haben die Hergenr\u00f6ders die Preise leicht anheben m\u00fcssen, \u201eum die Mehrkosten aufzufangen, wir haben dadurch keinen h\u00f6heren Gewinn.\u201c Bislang die einzig wirklich bemerkbare Ver\u00e4nderung. In den \u00c4mtern selber k\u00f6nne man auch Bilder machen, \u201eaber dort kann nicht alles bedient werden, viele kommen dann schon eher zu uns.\u201c<\/p>\n<p class=\"richtext text-em-55 !leading-serif mx-6 desktop:mx-0\">Ob man diese Entwicklung als Gesch\u00e4ft mitgehe, sei eine Entscheidung, die man irgendwann treffen m\u00fcsse. \u201eWas ist mein Kerngesch\u00e4ft? Sind meine Passbilder gefragt, l\u00e4uft es gut, oder lohnt sich die Umstellung vielleicht nicht?\u201c Einige Kolleginnen und Kollegen h\u00e4tten im Zuge dessen aufgeh\u00f6rt, \u201ewir haben uns durch diese Entwicklung nicht bedroht gef\u00fchlt.\u201c<\/p>\n<p class=\"richtext text-em-55 !leading-serif mx-6 desktop:mx-0\">Stefanie und Marc-Andr\u00e9 Hergenr\u00f6der haben sich mit ihrem Gesch\u00e4ft und ihrer Foto-T\u00e4tigkeit breit aufgestellt. Neben den Ausweis- und Bewerbungsfotos im Laden fotografieren sie auch Gro\u00dfevents, Kongresse und andere Veranstaltungen. \u201eDas Fotostudio Vogt gibt es seit den 50ern. Die damalige Betreiberin, Irene Vogt, hatte schon damals die Idee, Bilder bei Veranstaltungen zu machen und am selben Abend noch, direkt vor Ort, zu verkaufen.\u201c<\/p>\n<p class=\"richtext text-em-55 !leading-serif mx-6 desktop:mx-0\">Marc-Andr\u00e9 Hergenr\u00f6der machte seine Ausbildung im Studio, nachdem Irene Vogt verstarb, \u00fcbernahm er. \u201eWir sa\u00dfen da noch auf der J\u00e4gerhofstra\u00dfe, im Souterrain. Das war nicht unbedingt der ideale Standort, vor allem, weil sich das Umfeld, zum Beispiel durch den Abriss des Tausendf\u00fc\u00dflers, sehr ver\u00e4ndert hat.\u201c Also sahen sie sich nach einem Ladenlokal um, nach Zwischenstation im M\u00fcnstercenter landeten sie 2017 im Karree auf der Duisburger Stra\u00dfe. \u201eHier f\u00fchlen wir uns total wohl, haben viele Stammkundinnen und -kunden.\u201c<\/p>\n<p class=\"richtext text-em-55 !leading-serif mx-6 desktop:mx-0\">Nach dem guten Start \u201emit einem reinen Fotostudio, mit eigenem Labor und Kundenraum\u201c kam die Pandemie, die alles ver\u00e4ndert habe. \u201eWir waren schon immer mehrgleisig unterwegs, hatten neben der Au\u00dfer-Haus-Fotot\u00e4tigkeit auch schon Bilderrahmen und Postkarten im Angebot, aber da haben wir dann noch mal richtig umgedacht.\u201c Um weiter im Gesch\u00e4ft bleiben und auch die gro\u00dfe Verkaufsfl\u00e4che bespielen zu k\u00f6nnen, \u201emussten wir uns was einfallen lassen.\u201c Neben den Karten waren zun\u00e4chst selbstgen\u00e4hte Stoffmasken die Produkte, die das Sortiment erweitert und ein bisschen weg vom Kernthema Fotografie gebracht haben. \u201eDie sind richtig gut angekommen \u2013 solange man sie benutzen durfte. Aber das war f\u00fcr uns der z\u00fcndende Moment, dadurch sind wir auch immer ein bisschen bekannter geworden.\u201c<\/p>\n<p class=\"richtext text-em-55 !leading-serif mx-6 desktop:mx-0\">Durch den Hinweis ihrer Schw\u00e4gerin habe sie sich dann nach weiteren Produkten umgesehen, so Hergenr\u00f6der. \u201eSo hat sich unser Angebot immer weiter vergr\u00f6\u00dfert. Und auch den Laden haben wir umstrukturiert, eine gro\u00dfe Theke gebaut, ein neues System hereingebracht \u2013 es ist einfach gewachsen.\u201c Mittlerweile gibt es bei Foto Vogt Spielwaren, Dekoartikel, Schokolade und sogar Kleidung. \u201eDie meistgekauften Artikel sind aber weiter unsere Post- und Gru\u00dfkarten, da haben wir einen wirklich gro\u00dfen Bestand.\u201c<\/p>\n<p class=\"richtext text-em-55 !leading-serif mx-6 desktop:mx-0\">Seit einiger Zeit sei auch eine Mitarbeiterin mit an Bord, \u201eman muss das Ganze ja auch stemmen, und das ist alleine wirklich viel. Wir sind im Event-Fotobetrieb fast immer au\u00dfer Haus unterwegs, der Laden ist dazu trotzdem sechs Tage die Woche ge\u00f6ffnet.\u201c Mit der jetzigen Situation seien sie in ihrem 25. Jahr und \u201esehr zufrieden, wir genie\u00dfen die Abwechslung\u201c \u2013 und in der gl\u00fccklichen Lage, mit Ver\u00e4nderungen um- und mitzugehen.<\/p>\n","protected":false},"excerpt":{"rendered":"Es gibt neue Regeln, f\u00fcr alle die einen neuen Personalausweis oder Reisepass beantragen: Seit dem 1. Mai d\u00fcrfen&hellip;\n","protected":false},"author":2,"featured_media":120306,"comment_status":"","ping_status":"","sticky":false,"template":"","format":"standard","meta":{"footnotes":""},"categories":[1831],"tags":[31467,27746,36201,11006,73,45705,3364,29,5680,3405,45704,45703,45706,30,45701,45698,45699,15033,18807,1209,10321,45702,45700],"class_list":{"0":"post-120305","1":"post","2":"type-post","3":"status-publish","4":"format-standard","5":"has-post-thumbnail","7":"category-duesseldorf","8":"tag-passbilder","9":"tag-personalausweise","10":"tag-ausschliesslich","11":"tag-ausweis","12":"tag-bilder","13":"tag-bilderrahmen","14":"tag-de","15":"tag-deutschland","16":"tag-digital","17":"tag-duesseldorf","18":"tag-fotoladen","19":"tag-fuehrerscheinbilder","20":"tag-geladen","21":"tag-germany","22":"tag-hergenroeder","23":"tag-irene-vogt","24":"tag-karree","25":"tag-laden","26":"tag-ladenlokal","27":"tag-nordrhein-westfalen","28":"tag-person","29":"tag-personalausweisbilder","30":"tag-uebermittelt"},"share_on_mastodon":{"url":"https:\/\/pubeurope.com\/@de\/114528945716578061","error":""},"_links":{"self":[{"href":"https:\/\/www.europesays.com\/de\/wp-json\/wp\/v2\/posts\/120305","targetHints":{"allow":["GET"]}}],"collection":[{"href":"https:\/\/www.europesays.com\/de\/wp-json\/wp\/v2\/posts"}],"about":[{"href":"https:\/\/www.europesays.com\/de\/wp-json\/wp\/v2\/types\/post"}],"author":[{"embeddable":true,"href":"https:\/\/www.europesays.com\/de\/wp-json\/wp\/v2\/users\/2"}],"replies":[{"embeddable":true,"href":"https:\/\/www.europesays.com\/de\/wp-json\/wp\/v2\/comments?post=120305"}],"version-history":[{"count":0,"href":"https:\/\/www.europesays.com\/de\/wp-json\/wp\/v2\/posts\/120305\/revisions"}],"wp:featuredmedia":[{"embeddable":true,"href":"https:\/\/www.europesays.com\/de\/wp-json\/wp\/v2\/media\/120306"}],"wp:attachment":[{"href":"https:\/\/www.europesays.com\/de\/wp-json\/wp\/v2\/media?parent=120305"}],"wp:term":[{"taxonomy":"category","embeddable":true,"href":"https:\/\/www.europesays.com\/de\/wp-json\/wp\/v2\/categories?post=120305"},{"taxonomy":"post_tag","embeddable":true,"href":"https:\/\/www.europesays.com\/de\/wp-json\/wp\/v2\/tags?post=120305"}],"curies":[{"name":"wp","href":"https:\/\/api.w.org\/{rel}","templated":true}]}}