{"id":1203135,"date":"2026-07-30T10:14:16","date_gmt":"2026-07-30T10:14:16","guid":{"rendered":"https:\/\/www.europesays.com\/de\/1203135\/"},"modified":"2026-07-30T10:14:16","modified_gmt":"2026-07-30T10:14:16","slug":"kritik-an-fossiler-bundesregierung-fridays-for-future-leipzig-laedt-am-31-juli-ein-zur-demo-auf-die-sachsenbruecke-%c2%b7-leipziger-zeitung","status":"publish","type":"post","link":"https:\/\/www.europesays.com\/de\/1203135\/","title":{"rendered":"Kritik an fossiler Bundesregierung: Fridays for Future Leipzig l\u00e4dt am 31. Juli ein zur Demo auf die Sachsenbr\u00fccke \u00b7 Leipziger Zeitung"},"content":{"rendered":"<p class=\"translation-notice\">This article is also available in English: <a href=\"https:\/\/www.l-iz.de\/en\/politics\/engagement-en\/2026\/07\/criticism-of-the-fossil-fuel-dependent-federal-government-fridays-for-future-leipzig-organising-demonstration-sachsenbrucke-31-july-665800\" rel=\"nofollow noopener\" target=\"_blank\">Read this article in English<\/a>.<\/p>\n<p>Gerade f\u00fcr junge W\u00e4hler ist die Merz-Regierung im Bund zu einer gro\u00dfen Entt\u00e4uschung geworden. Systematisch arbeitet vor allem Wirtschaftsministerin Katherina Reiche daran, die Gesetze zur Energiewende auszuh\u00f6hlen und den dringend notwendigen Umbau der deutschen Energieversorgung auszubremsen. Die Hitzeextreme dieses Sommers aber zeigen allen B\u00fcrgern, wohin die Reise geht mit einem immer mehr aufgeheizten Klima. Fridays for Future Leipzig ruft deshalb f\u00fcr Freitag, 31. Juli, um 16.30 Uhr spontan zu einer Demonstration an der Sachsenbr\u00fccke auf.<\/p>\n<p>Unter dem Motto \u201eburn capitalism not the planet\u201c kritisiert<a href=\"http:\/\/fffleipzig.de\" target=\"_blank\" rel=\"noopener nofollow\"> die Leipziger Ortsgruppe von Fridays for Future<\/a> die Tatenlosigkeit der Bundesregierung und die katastrophale Politik von unter anderem Wirtschaftsministerin Katherina Reiche.<\/p>\n<p>\u201eKapitalismuskritik ist dabei keine hohle Phrase. Das Handeln der Regierung unter Friedrich Merz zeigt anschaulich, wie wir uns zu Tode wirtschaften, sowohl entgegen unserer eigenen Gesundheit als auch entgegen der Natur und des Klimaschutzes\u201c, erkl\u00e4rt Alexander Hilse, Sprecher f\u00fcr Fridays for Future Leipzig.<\/p>\n<p>Die Leipziger Klimaaktivistin Merit Niemeyer erg\u00e4nzt: \u201eW\u00e4hrend auf der ganzen Welt Waldbr\u00e4nde ungeahnten Ausma\u00dfes w\u00fcten und wir fast w\u00f6chentlich von Hitzewellen \u00fcberrollt werden, verliert die Bundesregierung nicht ein Wort \u00fcber Klimaschutz. Deshalb m\u00fcssen wir ihn uns nach wie vor selbst einfordern!\u201c<\/p>\n<p>Allein die erste Hitzewelle Ende Juni hat<a href=\"http:\/\/www.rki.de\/DE\/Aktuelles\/Neuigkeiten-und-Presse\/Meldungen-PM\/Meldungen\/2026-07-09_WB-Hitzemortalitaet.html\" target=\"_blank\" rel=\"noopener nofollow\"> laut Berichten des Robert-Koch-Institutes<\/a> \u00fcber 5.000 Menschen das Leben gekostet. Damit wurden im Juni 2026 mehr Hitzetote verzeichnet als in den Jahren 2022 bis 2025. H\u00f6her lagen die hitze\u00adbedingten Sterbe\u00adfall\u00adzahlen 2018 und 2019 mit 8.400 bzw. 6.900 \u2013 aber in beiden F\u00e4llen auf das ganze Jahr berechnet. Nur in den Wortmeldungen der Bundesregierung kommt die Entwicklung nicht vor. Da redet man lieber \u00fcber Migration und B\u00fcrgergeldempf\u00e4nger.<\/p>\n<p>Nach der <strong>Auftaktkundgebung am Freitag, dem 31. Juli,<\/strong> ab 16:30 Uhr auf der Sachsenbr\u00fccke bewegt sich die Demonstration als Fahrradumzug dann durch den Clara-Zetkin-Park in Richtung des Innenstadtringes, k\u00fcndigt Fridays for Future an, umrundet diesen und endet schlie\u00dflich vor dem neuen Rathaus.<\/p>\n","protected":false},"excerpt":{"rendered":"This article is also available in English: Read this article in English. Gerade f\u00fcr junge W\u00e4hler ist die&hellip;\n","protected":false},"author":2,"featured_media":1203136,"comment_status":"","ping_status":"","sticky":false,"template":"","format":"standard","meta":{"footnotes":"","_share_on_mastodon":"0"},"categories":[1832],"tags":[3364,507,29,14646,30,198226,71,859,63747],"class_list":["post-1203135","post","type-post","status-publish","format-standard","has-post-thumbnail","category-leipzig","tag-de","tag-demonstration","tag-deutschland","tag-fridays-for-future","tag-germany","tag-klimaerhitzung","tag-leipzig","tag-sachsen","tag-sachsenbruecke"],"share_on_mastodon":{"url":"https:\/\/pubeurope.com\/@de\/117008404566216454","error":""},"_links":{"self":[{"href":"https:\/\/www.europesays.com\/de\/wp-json\/wp\/v2\/posts\/1203135","targetHints":{"allow":["GET"]}}],"collection":[{"href":"https:\/\/www.europesays.com\/de\/wp-json\/wp\/v2\/posts"}],"about":[{"href":"https:\/\/www.europesays.com\/de\/wp-json\/wp\/v2\/types\/post"}],"author":[{"embeddable":true,"href":"https:\/\/www.europesays.com\/de\/wp-json\/wp\/v2\/users\/2"}],"replies":[{"embeddable":true,"href":"https:\/\/www.europesays.com\/de\/wp-json\/wp\/v2\/comments?post=1203135"}],"version-history":[{"count":0,"href":"https:\/\/www.europesays.com\/de\/wp-json\/wp\/v2\/posts\/1203135\/revisions"}],"wp:featuredmedia":[{"embeddable":true,"href":"https:\/\/www.europesays.com\/de\/wp-json\/wp\/v2\/media\/1203136"}],"wp:attachment":[{"href":"https:\/\/www.europesays.com\/de\/wp-json\/wp\/v2\/media?parent=1203135"}],"wp:term":[{"taxonomy":"category","embeddable":true,"href":"https:\/\/www.europesays.com\/de\/wp-json\/wp\/v2\/categories?post=1203135"},{"taxonomy":"post_tag","embeddable":true,"href":"https:\/\/www.europesays.com\/de\/wp-json\/wp\/v2\/tags?post=1203135"}],"curies":[{"name":"wp","href":"https:\/\/api.w.org\/{rel}","templated":true}]}}