{"id":120321,"date":"2025-05-18T13:03:08","date_gmt":"2025-05-18T13:03:08","guid":{"rendered":"https:\/\/www.europesays.com\/de\/120321\/"},"modified":"2025-05-18T13:03:08","modified_gmt":"2025-05-18T13:03:08","slug":"muenchen-im-frauenhaus-finden-gewaltopfer-zuflucht-doch-was-kommt-danach-muenchen","status":"publish","type":"post","link":"https:\/\/www.europesays.com\/de\/120321\/","title":{"rendered":"M\u00fcnchen: Im Frauenhaus finden Gewaltopfer Zuflucht \u2013 doch was kommt danach? &#8211; M\u00fcnchen"},"content":{"rendered":"<p data-manual=\"teaserText\" data-schema-org-speakable=\"true\" class=\"css-vzdvax\">Sie verlassen ihr Zuhause und sind im schlimmsten Fall nach der ersten Unterbringung wohnungslos. Denn besonders in M\u00fcnchen sind g\u00fcnstige Wohnungen schwer zu finden. Ein Projekt versucht zu verhindern, dass bedrohte Frauen aus der Not heraus in ihr altes Leben zur\u00fcckkehren m\u00fcssen.<\/p>\n<p data-manual=\"paragraph\" data-schema-org-speakable=\"true\" class=\"css-4bdi0k\">Sie haben keine Angst mehr. Nachts schlafen die Kinder in ihren eigenen Zimmern, die Mutter auf dem Sofa im Wohnzimmer, gl\u00fccklich dar\u00fcber, ein wenig Raum f\u00fcr sich zu haben. Dort sitzt sie an einem Vormittag im Mai und erz\u00e4hlt ihre Geschichte. Jahrelang lebte sie mit ihren Kindern in Angst, ihr Mann setzte seine Familie unter Druck, er drohte und pr\u00fcgelte, verbot ihnen rauszugehen, Freunde zu treffen. \u201eEr wollte alles wissen, alles kontrollieren\u201c, erz\u00e4hlt die Frau, die in dieser Geschichte Ela Nazari hei\u00dfen soll. Ihr halbes Leben schon ist sie mit ihm verheiratet.<\/p>\n","protected":false},"excerpt":{"rendered":"Sie verlassen ihr Zuhause und sind im schlimmsten Fall nach der ersten Unterbringung wohnungslos. Denn besonders in M\u00fcnchen&hellip;\n","protected":false},"author":2,"featured_media":120322,"comment_status":"","ping_status":"","sticky":false,"template":"","format":"standard","meta":{"footnotes":""},"categories":[1827],"tags":[772,29,30,17164,3311,1268,149],"class_list":{"0":"post-120321","1":"post","2":"type-post","3":"status-publish","4":"format-standard","5":"has-post-thumbnail","7":"category-muenchen","8":"tag-bayern","9":"tag-deutschland","10":"tag-germany","11":"tag-gewalt-gegen-frauen","12":"tag-leben-und-gesellschaft-in-muenchen","13":"tag-muenchen","14":"tag-sueddeutsche-zeitung"},"share_on_mastodon":{"url":"https:\/\/pubeurope.com\/@de\/114528977323425421","error":""},"_links":{"self":[{"href":"https:\/\/www.europesays.com\/de\/wp-json\/wp\/v2\/posts\/120321","targetHints":{"allow":["GET"]}}],"collection":[{"href":"https:\/\/www.europesays.com\/de\/wp-json\/wp\/v2\/posts"}],"about":[{"href":"https:\/\/www.europesays.com\/de\/wp-json\/wp\/v2\/types\/post"}],"author":[{"embeddable":true,"href":"https:\/\/www.europesays.com\/de\/wp-json\/wp\/v2\/users\/2"}],"replies":[{"embeddable":true,"href":"https:\/\/www.europesays.com\/de\/wp-json\/wp\/v2\/comments?post=120321"}],"version-history":[{"count":0,"href":"https:\/\/www.europesays.com\/de\/wp-json\/wp\/v2\/posts\/120321\/revisions"}],"wp:featuredmedia":[{"embeddable":true,"href":"https:\/\/www.europesays.com\/de\/wp-json\/wp\/v2\/media\/120322"}],"wp:attachment":[{"href":"https:\/\/www.europesays.com\/de\/wp-json\/wp\/v2\/media?parent=120321"}],"wp:term":[{"taxonomy":"category","embeddable":true,"href":"https:\/\/www.europesays.com\/de\/wp-json\/wp\/v2\/categories?post=120321"},{"taxonomy":"post_tag","embeddable":true,"href":"https:\/\/www.europesays.com\/de\/wp-json\/wp\/v2\/tags?post=120321"}],"curies":[{"name":"wp","href":"https:\/\/api.w.org\/{rel}","templated":true}]}}