{"id":120338,"date":"2025-05-18T13:13:10","date_gmt":"2025-05-18T13:13:10","guid":{"rendered":"https:\/\/www.europesays.com\/de\/120338\/"},"modified":"2025-05-18T13:13:10","modified_gmt":"2025-05-18T13:13:10","slug":"saengerin-pink-ehemann-carey-hart-hatte-schweren-motocross-unfall","status":"publish","type":"post","link":"https:\/\/www.europesays.com\/de\/120338\/","title":{"rendered":"S\u00e4ngerin Pink: Ehemann Carey Hart hatte schweren Motocross-Unfall"},"content":{"rendered":"<p>Pink<br \/>\nEhemann Carey hatte dramatischen Motocross-Unfall<\/p>\n<p><img class=\"image image-element__image\"   src=\"https:\/\/www.europesays.com\/de\/wp-content\/uploads\/2025\/05\/pink-carey-hart.jpg\" alt=\"Pink und Carey Hart\" decoding=\"async\" fetchpriority=\"high\" loading=\"eager\"\/><br \/>\n<a href=\"https:\/\/image.gala.de\/24375894\/t\/k9\/v3\/w2048\/r1.5\/-\/pink-carey-hart.jpg#Araya%20Doheny%20%2F%20Getty%20Images\" class=\"image__magnifier\" aria-label=\"Vergr\u00f6\u00dfern\" rel=\"nofollow noopener\" target=\"_blank\"><\/p>\n<p>\u00a9 Araya Doheny \/ Getty Images<\/p>\n<p>\nCarey Hart hat sich beim Motocross-Training schwer verletzt. Pinks Ehemann zeigt seinen operierten Bauch und entschuldigt sich bei ihr.\n<\/p>\n<p class=\"text-element u-richtext u-typo u-typo--article-text article__text-element text-element--context-article\"> Der Motocross-Profi <a class=\"\" data-target-type=\"article\" href=\"https:\/\/www.gala.de\/stars\/themen\/carey-hart-20951726.html\" rel=\"nofollow noopener\" target=\"_blank\">Carey Hart<\/a>, 49, hat seine Fans mit erschreckenden Bildern aus dem Krankenhaus \u00fcberrascht. Bei einem Training am vergangenen Donnerstag hatte sich der Ehemann von Popstar Pink, 45, schwer verletzt.\u00a0<\/p>\n<p class=\"text-element u-richtext u-typo u-typo--article-text article__text-element text-element--context-article\"> Triggerwarnung: Die Bilder zeigen explizit die Wunden nach der Operation von Carey Hart.\u00a0<\/p>\n<p>Carey Hart teilt erschreckende Aufnahmen<\/p>\n<p class=\"text-element u-richtext u-typo u-typo--article-text article__text-element text-element--context-article\"> Wie er am Wochenende in einem Instagram-Post mitteilte, erlitt er einen \u00e4u\u00dferst schweren Darmdurchbruch, der eine sofortige Operation notwendig machte.&#8220;Tja, ich bin \u00fcber mein Talent hinausgewachsen&#8220;, scherzte Hart in seinem Post trotz der schweren Verletzung. &#8222;Ich hatte einen ziemlich \u00fcblen Abgang beim Training am Donnerstagmorgen. Bin bei einer Landung nach einem Sprung abgerutscht, der Lenker hat sich verdreht und ich bekam ihn in den Bauch, w\u00e4hrend ich \u00fcber dem Lenker ging.&#8220;<\/p>\n<p>Dramatische Verletzung erforderte Notoperation<\/p>\n<p class=\"text-element u-richtext u-typo u-typo--article-text article__text-element text-element--context-article\"> Die Diagnose der \u00c4rzt:innen war alarmierend. &#8222;Wie ich es verstanden habe, wurde mein D\u00fcnndarm vom Dickdarm abgetrennt&#8220;, erkl\u00e4rte Hart. Auf den Fotos, die er ver\u00f6ffentlichte, sind mehr als 20 Stiche zu sehen, die einen gro\u00dfen Schnitt in der Mitte seines Bauches zusammenhalten.<\/p>\n<p>Liebevolle Worte an Ehefrau Pink<\/p>\n<p class=\"text-element u-richtext u-typo u-typo--article-text article__text-element text-element--context-article\"> In seinem Post bedankte sich der 49-J\u00e4hrige besonders bei seiner Frau Pink, mit der er seit fast zwei Jahrzehnten verheiratet ist. &#8222;Ein gro\u00dfes Dankesch\u00f6n an Big B [Musikerkollege, Red.], der mich \u00fcberredet hat, in die Notaufnahme zu gehen, und ein riesiges Dankesch\u00f6n an Pink&#8220;, schrieb er. &#8222;Wie immer in solchen Situationen mit mir \u00fcbernimmt sie die Kontrolle im Krankenhaus.&#8220; Mit einem Augenzwinkern f\u00fcgte er hinzu: &#8222;Sorry, dass ich dir das schon wieder antue&#8220; \u2013 ein Hinweis darauf, dass dies nicht der erste Unfall war, bei dem Pink ihren Ehemann unterst\u00fctzen musste.<\/p>\n<p>Die Kinder besuchten Papa im Krankenhaus<\/p>\n<p class=\"text-element u-richtext u-typo u-typo--article-text article__text-element text-element--context-article\"> Hart verriet auch, dass die gemeinsamen Kinder des Paares &#8211; Tochter Willow, 13, und Sohn Jameson, 8, &#8211; ihn am Samstag im Krankenhaus besucht hatten. Er teilte ein Foto der beiden, wie sie nebeneinander auf einem Sofa sitzen, mit Besucherausweisen an ihren T-Shirts. &#8222;Danke Willz und Jamo, dass ihr mich heute besucht habt&#8220;, schrieb der Motocross-Fahrer. &#8222;Werde mich diese Woche ausruhen und mit dem Heilungsprozess beginnen.&#8220;<\/p>\n<p>Comeback im Motocross-Sport geplant<\/p>\n<p class=\"text-element u-richtext u-typo u-typo--article-text article__text-element text-element--context-article\"> Erst vor kurzem hatte Hart in sozialen Medien angedeutet, dass er wieder in den professionellen Motocross-Sport einsteigen k\u00f6nnte.<a class=\"link--external\" href=\"https:\/\/www.instagram.com\/p\/DJXOurGyV95\/?hl=de&amp;img_index=2\" rel=\"nofollow noopener\" target=\"_blank\"> Am 7. Mai hatte er Fotos von sich in voller Ausr\u00fcstung auf einem Motorrad geteilt<\/a> und geschrieben: &#8222;Der Bizeps ist endlich gut genug, um ein paar Runden zu drehen!!!! Zeit, wieder ins Moto-Training einzusteigen und vielleicht ein oder zwei Rennen in diesem Jahr zu fahren.&#8220;<\/p>\n<p class=\"text-element u-richtext u-typo u-typo--article-text article__text-element text-element--context-article\"> Trotz des schweren Unfalls scheint Hart optimistisch zu sein, was seine Genesung angeht. Er versicherte seinen 1,3 Millionen Follower:innen, dass er &#8222;in Ordnung&#8220; sei und &#8222;sich davon erholen&#8220; werde.<\/p>\n<p>Fast 20 Jahre Ehe voller H\u00f6hen und Tiefen<\/p>\n<p class=\"text-element u-richtext u-typo u-typo--article-text article__text-element text-element--context-article\"> Pink und Carey Hart feierten Anfang des Jahres ihren 19. Hochzeitstag. Das Paar hatte im Januar 2006 in Costa Rica geheiratet. In ihrem Jubil\u00e4ums-Post schrieb Pink: &#8222;Vor 19 Jahren haben wir am Strand in Costa Rica beide eine Chance ergriffen, an die wir selbst nicht sicher geglaubt haben. Ich bin so froh, dass wir es getan haben.&#8220;<\/p>\n<p class=\"text-element u-richtext u-typo u-typo--article-text article__text-element text-element--context-article\"> &#8222;Ich bin l\u00e4nger mit dir zusammen als ohne dich&#8220;, fuhr die S\u00e4ngerin fort. &#8222;Du warst meine einzige Konstante. Du hast mich geliebt, gehasst und wieder geliebt. Ich liebe unsere Geschichte, egal, was geschrieben wird. Sie ist rau und s\u00fc\u00df.&#8220;<\/p>\n<p class=\"text-element u-richtext u-typo u-typo--article-text article__text-element text-element--context-article\"> Hart w\u00fcrdigte laut dem &#8222;People&#8220;-Magazin, dass das Paar &#8222;seit \u00fcber 20 Jahren&#8220; die Welt bereist, eine Familie gegr\u00fcndet und &#8222;erstaunliche Erinnerungen und ein Leben zusammen geschaffen&#8220; habe. &#8222;Nicht schlecht f\u00fcr ein paar Kids, von denen nicht erwartet wurde, dass sie es zu etwas bringen. Du bist wie ein guter Wein, und ich liebe dich.&#8220;<\/p>\n<p class=\"text-element u-richtext u-typo u-typo--article-text article__text-element text-element--context-article\"> Verwendete Quellen: instagram.com, people.com<\/p>\n<p>\nSpotOnNews\n<\/p>\n<p>#Themen<\/p>\n<p><script async src=\"\/\/www.instagram.com\/embed.js\"><\/script><\/p>\n","protected":false},"excerpt":{"rendered":"Pink Ehemann Carey hatte dramatischen Motocross-Unfall \u00a9 Araya Doheny \/ Getty Images Carey Hart hat sich beim Motocross-Training&hellip;\n","protected":false},"author":2,"featured_media":120339,"comment_status":"","ping_status":"","sticky":false,"template":"","format":"standard","meta":{"footnotes":""},"categories":[1776],"tags":[1801,29,214,30,1802,215],"class_list":{"0":"post-120338","1":"post","2":"type-post","3":"status-publish","4":"format-standard","5":"has-post-thumbnail","7":"category-prominente","8":"tag-celebrities","9":"tag-deutschland","10":"tag-entertainment","11":"tag-germany","12":"tag-prominente","13":"tag-unterhaltung"},"share_on_mastodon":{"url":"https:\/\/pubeurope.com\/@de\/114529016488429161","error":""},"_links":{"self":[{"href":"https:\/\/www.europesays.com\/de\/wp-json\/wp\/v2\/posts\/120338","targetHints":{"allow":["GET"]}}],"collection":[{"href":"https:\/\/www.europesays.com\/de\/wp-json\/wp\/v2\/posts"}],"about":[{"href":"https:\/\/www.europesays.com\/de\/wp-json\/wp\/v2\/types\/post"}],"author":[{"embeddable":true,"href":"https:\/\/www.europesays.com\/de\/wp-json\/wp\/v2\/users\/2"}],"replies":[{"embeddable":true,"href":"https:\/\/www.europesays.com\/de\/wp-json\/wp\/v2\/comments?post=120338"}],"version-history":[{"count":0,"href":"https:\/\/www.europesays.com\/de\/wp-json\/wp\/v2\/posts\/120338\/revisions"}],"wp:featuredmedia":[{"embeddable":true,"href":"https:\/\/www.europesays.com\/de\/wp-json\/wp\/v2\/media\/120339"}],"wp:attachment":[{"href":"https:\/\/www.europesays.com\/de\/wp-json\/wp\/v2\/media?parent=120338"}],"wp:term":[{"taxonomy":"category","embeddable":true,"href":"https:\/\/www.europesays.com\/de\/wp-json\/wp\/v2\/categories?post=120338"},{"taxonomy":"post_tag","embeddable":true,"href":"https:\/\/www.europesays.com\/de\/wp-json\/wp\/v2\/tags?post=120338"}],"curies":[{"name":"wp","href":"https:\/\/api.w.org\/{rel}","templated":true}]}}