{"id":1203560,"date":"2026-07-30T14:15:16","date_gmt":"2026-07-30T14:15:16","guid":{"rendered":"https:\/\/www.europesays.com\/de\/1203560\/"},"modified":"2026-07-30T14:15:16","modified_gmt":"2026-07-30T14:15:16","slug":"wie-dachgaerten-gegen-die-hitze-in-staedten-helfen-koennen-zu-besuch-in-einer-gruenen-oase-in-der-nuernberger-stadtwueste","status":"publish","type":"post","link":"https:\/\/www.europesays.com\/de\/1203560\/","title":{"rendered":"Wie Dachg\u00e4rten gegen die Hitze in St\u00e4dten helfen k\u00f6nnen \u2013 zu Besuch in einer gr\u00fcnen Oase in der N\u00fcrnberger Stadtw\u00fcste"},"content":{"rendered":"<p>Das reicht zum Gie\u00dfen das Jahr \u00fcber aus. Lediglich in den Sommermonaten wird vom Wasseranschluss auf dem Dach Gebrauch gemacht.\u00a0<\/p>\n<p>Die Tartanplatten als Bodenbelag waren eine bewusste Entscheidung, das Regenwasser kann dazwischen versickern und Wasser kann l\u00e4nger gespeichert werden. Drei Tage dauert es in der Regel bis nach einem heftigen Regenguss das Wasser aus den Platten wieder verdunstet ist. In Zukunft sind noch mehr Regenauffangstellen geplant. Dann, so hofft Lehmeier, sind sie gar nicht mehr auf den Gartenanschluss auf dem Dach angewiesen.<\/p>\n<p>Die 120 Quadratmeter Dachgarten zu pflegen und abzuernten ist nur in Teamarbeit m\u00f6glich. Die Fl\u00e4che sei zu gro\u00df, um sie mit nur einer Familie zu bewirtschaften. Deshalb steht er nicht nur Lehmeiers Familie offen, sondern der gesamten Hausgemeinschaft. So l\u00e4sst sich die Arbeit gut aufteilen: Ist jemand mal l\u00e4nger im Urlaub oder krank, \u00fcbernehmen die anderen das Gie\u00dfen.\u00a0\u00a0<\/p>\n<p>Au\u00dferdem sei der Garten immer auch ein soziales Projekt gewesen. Ein Treffpunkt, der die st\u00e4dtische Anonymit\u00e4t aufl\u00f6sen soll. \u201eGemeinsam g\u00e4rtnern schwei\u00dft zusammen\u201c, wei\u00df Lehmeier mittlerweile. In der Umsetzung hat das sogar besser geklappt als ertr\u00e4umt. Drei Familien sind aktuell am Garten beteiligt, darunter Arbeitskollegen und Freunde. Im ersten Stock des Hauses sind neue Mieter eingezogen, die ab dem n\u00e4chsten Fr\u00fchjahr auch am hauseigenen Anbau teilhaben k\u00f6nnen.<\/p>\n","protected":false},"excerpt":{"rendered":"Das reicht zum Gie\u00dfen das Jahr \u00fcber aus. Lediglich in den Sommermonaten wird vom Wasseranschluss auf dem Dach&hellip;\n","protected":false},"author":2,"featured_media":1203561,"comment_status":"","ping_status":"","sticky":false,"template":"","format":"standard","meta":{"footnotes":"","_share_on_mastodon":"0"},"categories":[1837],"tags":[250967,772,33783,3364,29,30,11607,952,23730,8902,219312,3783,3877,250968],"class_list":["post-1203560","post","type-post","status-publish","format-standard","has-post-thumbnail","category-nuernberg","tag-kologisches-bauen","tag-bayern","tag-dachgarten","tag-de","tag-deutschland","tag-germany","tag-hitze","tag-klimawandel","tag-leben-und-gesellschaft-in-bayern","tag-nrnberg","tag-nachhaltiges-wohnen","tag-nuernberg","tag-sddeutsche-zeitung","tag-stdte"],"share_on_mastodon":{"url":"https:\/\/pubeurope.com\/@de\/117009352456794003","error":""},"_links":{"self":[{"href":"https:\/\/www.europesays.com\/de\/wp-json\/wp\/v2\/posts\/1203560","targetHints":{"allow":["GET"]}}],"collection":[{"href":"https:\/\/www.europesays.com\/de\/wp-json\/wp\/v2\/posts"}],"about":[{"href":"https:\/\/www.europesays.com\/de\/wp-json\/wp\/v2\/types\/post"}],"author":[{"embeddable":true,"href":"https:\/\/www.europesays.com\/de\/wp-json\/wp\/v2\/users\/2"}],"replies":[{"embeddable":true,"href":"https:\/\/www.europesays.com\/de\/wp-json\/wp\/v2\/comments?post=1203560"}],"version-history":[{"count":0,"href":"https:\/\/www.europesays.com\/de\/wp-json\/wp\/v2\/posts\/1203560\/revisions"}],"wp:featuredmedia":[{"embeddable":true,"href":"https:\/\/www.europesays.com\/de\/wp-json\/wp\/v2\/media\/1203561"}],"wp:attachment":[{"href":"https:\/\/www.europesays.com\/de\/wp-json\/wp\/v2\/media?parent=1203560"}],"wp:term":[{"taxonomy":"category","embeddable":true,"href":"https:\/\/www.europesays.com\/de\/wp-json\/wp\/v2\/categories?post=1203560"},{"taxonomy":"post_tag","embeddable":true,"href":"https:\/\/www.europesays.com\/de\/wp-json\/wp\/v2\/tags?post=1203560"}],"curies":[{"name":"wp","href":"https:\/\/api.w.org\/{rel}","templated":true}]}}