{"id":1203578,"date":"2026-07-30T14:26:17","date_gmt":"2026-07-30T14:26:17","guid":{"rendered":"https:\/\/www.europesays.com\/de\/1203578\/"},"modified":"2026-07-30T14:26:17","modified_gmt":"2026-07-30T14:26:17","slug":"dortmund-wetterdienst-warnt-vor-hitze-sturmboeen-erwartet","status":"publish","type":"post","link":"https:\/\/www.europesays.com\/de\/1203578\/","title":{"rendered":"Dortmund Wetterdienst warnt vor Hitze \u2013 Sturmb\u00f6en erwartet"},"content":{"rendered":"<p>\t\tErst Hitze, dann Temperatursturz nach Regen<br \/>\n\t\t\t\t\tWetterdienst warnt vor Sturmb\u00f6en in Dortmund<\/p>\n<p>    <a href=\"https:\/\/www.ruhrnachrichten.de\/wp-content\/uploads\/2026\/07\/30\/13\/630_0900_6607876_-1648x824.jpg\" rel=\"nofollow noopener\" target=\"_blank\"><\/p>\n<p>            <img loading=\"lazy\" decoding=\"async\" src=\"https:\/\/www.europesays.com\/de\/wp-content\/uploads\/2026\/07\/630_0900_6607873_-640x428.jpg\" width=\"640\" height=\"428\"  alt=\"Temperatursturz in Dortmund: Auf dem Westenhellweg hat sich die Luft am Nachmittag auf etwa 26 Grad abgek\u00fchlt.\"\/><\/p>\n<p>    <\/a><br \/>\n    Temperatursturz in Dortmund: Auf dem Westenhellweg hat sich die Luft am Nachmittag auf etwa 26 Grad abgek\u00fchlt. \u00a9 Arntzen<\/p>\n<p class=\"article__teaser-text\">In Dortmund ist es am Donnerstag richtig hei\u00df geworden. Doch am Mittag setzte der Regen ein und es wurde deutlich k\u00fchler. Fachleute warnen vor Sturmb\u00f6en.<\/p>\n<p>1 Min Lesezeit<\/p>\n<p>Schon am Vormitttag wurde die 35-Grad-Marke in <a target=\"_blank\" href=\"https:\/\/www.ruhrnachrichten.de\/dortmund\/\" rel=\"nofollow noopener\">Dortmund<\/a> an diesem Donnerstag (30. Juli) geknackt. Damit erlebt die Stadt wohl den bisher hei\u00dfesten Tag dieser Woche. In der Hitzeperiode Ende Juni hatte es sogar Tage mit noch h\u00f6heren Temperaturen gegeben.<\/p>\n<p>Der Deutsche Wetterdienst (DWD) hat eine Warnung vor starker W\u00e4rmebelastung herausgegeben. Vor allem im dicht bebauten Stadtgebiet k\u00f6nne die Hitze zus\u00e4tzlich belastend sein, weil es sich in der Nacht nur wenig abgek\u00fchlt habe, hei\u00dft es. Die Warnung galt auch schon f\u00fcr Mittwoch.<\/p>\n<p>Wind soll abends nachlassen<\/p>\n<p>Seit dem Mittag ist das Wetter ungem\u00fctlicher geworden. Gegen 14 Uhr gab es den ersten gr\u00f6\u00dferen Regenguss in der City.<\/p>\n<p>Der DWD hatte f\u00fcr Dortmund eine Warnung vor starkem Gewitter herausgegeben. Auch Hagel sei m\u00f6glich, hie\u00df es. Diese Warnung ist um 15 Uhr ausgelaufen. In der City blieb das Gewitter aus. <\/p>\n<p>Zudem gibt es f\u00fcr Dortmund eine Warnung vor Sturmb\u00f6en. Demnach sind Windgeschwindigkeiten zwischen 65 und 85 Kilometern pro Stunde m\u00f6glich. Dadurch k\u00f6nnten einzelne \u00c4ste herabst\u00fcrzen und Gegenst\u00e4nde umherfliegen, schreibt der DWD.<\/p>\n<p>Die konkrete Warnung vor Sturm in Dortmund l\u00e4uft zun\u00e4chst bis 17 Uhr; f\u00fcr NRW erwartet der Wetterdienst, dass der Wind abends nachl\u00e4sst.<\/p>\n<p>\t\t<a href=\"https:\/\/www.ruhrnachrichten.de\/dortmund\/dortmund-klima-check-spielplaetze-kaiserberg-phoenix-see-hitzeschutz-geplant-hitze-w1226929-2002164408\/\" rel=\"nofollow noopener\" aria-hidden=\"true\" tabindex=\"-1\" title=\"Bis zu 55 Grad im Sand Stadt Dortmund k\u00fcndigt Klima-Check f\u00fcr alle Spielpl\u00e4tze an\" aria-label=\"Bis zu 55 Grad im Sand Stadt Dortmund k\u00fcndigt Klima-Check f\u00fcr alle Spielpl\u00e4tze an\" target=\"_blank\"><\/p>\n<p>                <img decoding=\"async\" src=\"https:\/\/www.europesays.com\/de\/wp-content\/uploads\/2026\/07\/630_0900_6597153_-160x160.jpg\"  width=\"160\" height=\"160\" alt=\"Ein Thermometer steckt im Sand auf dem Spielplatz am Kaiserberg. Die Temperatur zeigt 54,3 Grad.\" loading=\"lazy\"\/><\/p>\n<p>\t\t<\/a><\/p>\n","protected":false},"excerpt":{"rendered":"Erst Hitze, dann Temperatursturz nach Regen Wetterdienst warnt vor Sturmb\u00f6en in Dortmund Temperatursturz in Dortmund: Auf dem Westenhellweg&hellip;\n","protected":false},"author":2,"featured_media":1203579,"comment_status":"","ping_status":"","sticky":false,"template":"","format":"standard","meta":{"footnotes":"","_share_on_mastodon":"0"},"categories":[1833],"tags":[3364,29,16946,217,30,1209,23290],"class_list":["post-1203578","post","type-post","status-publish","format-standard","has-post-thumbnail","category-dortmund","tag-de","tag-deutschland","tag-deutschland-und-die-welt","tag-dortmund","tag-germany","tag-nordrhein-westfalen","tag-warnung"],"share_on_mastodon":{"url":"https:\/\/pubeurope.com\/@de\/117009397503662258","error":""},"_links":{"self":[{"href":"https:\/\/www.europesays.com\/de\/wp-json\/wp\/v2\/posts\/1203578","targetHints":{"allow":["GET"]}}],"collection":[{"href":"https:\/\/www.europesays.com\/de\/wp-json\/wp\/v2\/posts"}],"about":[{"href":"https:\/\/www.europesays.com\/de\/wp-json\/wp\/v2\/types\/post"}],"author":[{"embeddable":true,"href":"https:\/\/www.europesays.com\/de\/wp-json\/wp\/v2\/users\/2"}],"replies":[{"embeddable":true,"href":"https:\/\/www.europesays.com\/de\/wp-json\/wp\/v2\/comments?post=1203578"}],"version-history":[{"count":0,"href":"https:\/\/www.europesays.com\/de\/wp-json\/wp\/v2\/posts\/1203578\/revisions"}],"wp:featuredmedia":[{"embeddable":true,"href":"https:\/\/www.europesays.com\/de\/wp-json\/wp\/v2\/media\/1203579"}],"wp:attachment":[{"href":"https:\/\/www.europesays.com\/de\/wp-json\/wp\/v2\/media?parent=1203578"}],"wp:term":[{"taxonomy":"category","embeddable":true,"href":"https:\/\/www.europesays.com\/de\/wp-json\/wp\/v2\/categories?post=1203578"},{"taxonomy":"post_tag","embeddable":true,"href":"https:\/\/www.europesays.com\/de\/wp-json\/wp\/v2\/tags?post=1203578"}],"curies":[{"name":"wp","href":"https:\/\/api.w.org\/{rel}","templated":true}]}}