{"id":1203623,"date":"2026-07-30T14:50:15","date_gmt":"2026-07-30T14:50:15","guid":{"rendered":"https:\/\/www.europesays.com\/de\/1203623\/"},"modified":"2026-07-30T14:50:15","modified_gmt":"2026-07-30T14:50:15","slug":"die-kunst-des-abkuehlens-suedwest","status":"publish","type":"post","link":"https:\/\/www.europesays.com\/de\/1203623\/","title":{"rendered":"Die Kunst des Abk\u00fchlens &#8211; S\u00fcdwest"},"content":{"rendered":"<p class=\"rhp-dpa-teaser\"><b>Ludwigshafen erkl\u00e4rt das Wilhelm-Hack-Museum zur \u00abK\u00e4lteinsel\u00bb. Wer schwitzt, kann an manchen Tagen zwischen 10.000 Kunstwerken ausruhen.<\/b><\/p>\n<p><a class=\"rtr-entity\" data-rtr-entity=\"Ludwigshafen\" data-rtr-id=\"26b4406521e36b503c690e53e1b9dec3bdb26dfe\" data-rtr-score=\"38.14123222748815\" data-rtr-etype=\"location\" data-rtr-index=\"2\" href=\"http:\/\/rheinpfalz.de\/lokal\/ludwigshafen.html\" rel=\"nofollow noopener\" target=\"_blank\">Ludwigshafen<\/a> (dpa\/lrs) &#8211; Kunst h\u00e4lt k\u00fchl, zumindest in Ludwigshafen. Bis einschlie\u00dflich Sonntag (2.8.) ist der Eintritt ins \u00f6rtliche Wilhelm-Hack-Museum frei &#8211; als klimatisierter Zufluchtsort f\u00fcr alle, denen drau\u00dfen die Sonne zu sehr einheizt. Danach gilt das Angebot an Tagen, f\u00fcr die mindestens 32 Grad vorhergesagt wird. \u00abWer der Hitze entkommen m\u00f6chte, kann bei uns k\u00fcnftig nicht nur einen k\u00fchlen Kopf bewahren, sondern gleichzeitig Kunst erleben\u00bb, sagte Oberb\u00fcrgermeister Klaus Blettner (CDU) einer Mitteilung zufolge.<\/p>\n<p>Die Verwaltung der zweitgr\u00f6\u00dften Stadt im Bundesland erkl\u00e4rte das Museum zur \u00abkostenfreien K\u00e4lteinsel\u00bb. Das Haus verf\u00fcgt \u00fcber etwa 10.000 Werke, der Schwerpunkt liegt auf Kunst des 20. Jahrhunderts. Derzeit ist unter anderem eine Ausstellung des US-K\u00fcnstlers Raymond Pettibon zu sehen. Das wohl bekannteste Kunstwerk des Museums h\u00e4ngt au\u00dfen: ein 55 Meter breites und 10 Meter hohes Keramikbild des katalanischen K\u00fcnstlers Joan Mir\u00f3 (1893-1983). An der Spitze des Hauses steht seit 2014 der Kunsthistoriker Ren\u00e9 Zechlin.<\/p>\n","protected":false},"excerpt":{"rendered":"Ludwigshafen erkl\u00e4rt das Wilhelm-Hack-Museum zur \u00abK\u00e4lteinsel\u00bb. Wer schwitzt, kann an manchen Tagen zwischen 10.000 Kunstwerken ausruhen. Ludwigshafen (dpa\/lrs)&hellip;\n","protected":false},"author":2,"featured_media":1203624,"comment_status":"","ping_status":"","sticky":false,"template":"","format":"standard","meta":{"footnotes":"","_share_on_mastodon":"0"},"categories":[1775],"tags":[1793,29,214,21907,2507,30,236610,1794,25476,2147,28194,215,7490,1973],"class_list":["post-1203623","post","type-post","status-publish","format-standard","has-post-thumbnail","category-kunst-und-design","tag-art-and-design","tag-deutschland","tag-entertainment","tag-extra","tag-freizeit","tag-germany","tag-kaelteinsel","tag-kunst-und-design","tag-ludwigshafen","tag-museen","tag-suedwest","tag-unterhaltung","tag-vermischtes","tag-wetter"],"share_on_mastodon":{"url":"https:\/\/pubeurope.com\/@de\/117009490054662465","error":""},"_links":{"self":[{"href":"https:\/\/www.europesays.com\/de\/wp-json\/wp\/v2\/posts\/1203623","targetHints":{"allow":["GET"]}}],"collection":[{"href":"https:\/\/www.europesays.com\/de\/wp-json\/wp\/v2\/posts"}],"about":[{"href":"https:\/\/www.europesays.com\/de\/wp-json\/wp\/v2\/types\/post"}],"author":[{"embeddable":true,"href":"https:\/\/www.europesays.com\/de\/wp-json\/wp\/v2\/users\/2"}],"replies":[{"embeddable":true,"href":"https:\/\/www.europesays.com\/de\/wp-json\/wp\/v2\/comments?post=1203623"}],"version-history":[{"count":0,"href":"https:\/\/www.europesays.com\/de\/wp-json\/wp\/v2\/posts\/1203623\/revisions"}],"wp:featuredmedia":[{"embeddable":true,"href":"https:\/\/www.europesays.com\/de\/wp-json\/wp\/v2\/media\/1203624"}],"wp:attachment":[{"href":"https:\/\/www.europesays.com\/de\/wp-json\/wp\/v2\/media?parent=1203623"}],"wp:term":[{"taxonomy":"category","embeddable":true,"href":"https:\/\/www.europesays.com\/de\/wp-json\/wp\/v2\/categories?post=1203623"},{"taxonomy":"post_tag","embeddable":true,"href":"https:\/\/www.europesays.com\/de\/wp-json\/wp\/v2\/tags?post=1203623"}],"curies":[{"name":"wp","href":"https:\/\/api.w.org\/{rel}","templated":true}]}}