{"id":120363,"date":"2025-05-18T13:26:08","date_gmt":"2025-05-18T13:26:08","guid":{"rendered":"https:\/\/www.europesays.com\/de\/120363\/"},"modified":"2025-05-18T13:26:08","modified_gmt":"2025-05-18T13:26:08","slug":"krieg-gegen-die-ukraine-massive-drohnenangriffe-und-weitere-telefonate","status":"publish","type":"post","link":"https:\/\/www.europesays.com\/de\/120363\/","title":{"rendered":"Krieg gegen die Ukraine: Massive Drohnenangriffe und weitere Telefonate"},"content":{"rendered":"<p class=\"metatextline\">Stand: 18.05.2025 14:52 Uhr<\/p>\n<p class=\"textabsatz columns twelve  m-ten  m-offset-one l-eight l-offset-two\">\n        <strong>Russland hat die Ukraine mit massiven Drohnenangriffen \u00fcberzogen &#8211; trotz des Starts der direkten Verhandlungen. Die USA erh\u00f6hen den Druck auf den Kreml und drohen vor dem Telefonat von Trump und Putin mit Sanktionen.<\/strong>\n    <\/p>\n<p class=\"textabsatz m-ten m-offset-one l-eight l-offset-two columns twelve\">\nDie Ukraine hat in der Nacht den nach eigenen Angaben gr\u00f6\u00dften Drohnenangriff aus Russland seit Kriegsbeginn gemeldet: Die ukrainische Luftwaffe verzeichnete insgesamt 273 russische Flugobjekte. Medienberichten zufolge war die Drohnenattacke damit noch einmal st\u00e4rker als im Februar, als Russland die Ukraine mit 267 Drohnen angriff.<\/p>\n<p class=\"textabsatz m-ten m-offset-one l-eight l-offset-two columns twelve\">\nIn der Hauptstadt Kiew starb den Beh\u00f6rden zufolge eine Frau; drei Menschen, darunter ein vier Jahre altes Kind, seien verletzt worden. Laut ukrainischem Milit\u00e4r wurden 88 der Drohnen abgeschossen, 128 gingen &#8211; ohne negative Folgen &#8211; verloren. Betroffen von den Attacken waren neben der Hauptstadt unter anderem die Gebiete Dnipropetrowsk und Donezk.\u00a0<\/p>\n<p class=\"textabsatz m-ten m-offset-one l-eight l-offset-two columns twelve\">\nBereits am Samstag &#8211; am Tag nach den direkten Gespr\u00e4chen in Istanbul &#8211; hatte eine russische Drohne einen Bus in der Region Sumy getroffen. Neun ukrainische Zivilisten starben.<\/p>\n<p>    Angriffe ungeachtet der Verhandlungen<\/p>\n<p class=\"textabsatz m-ten m-offset-one l-eight l-offset-two columns twelve\">\nRussland und die Ukraine hatten am Freitag erstmals seit drei Jahren wieder direkt verhandelt. Eine Einigung auf eine Waffenruhe konnte dabei zwar nicht erzielt werden, allerdings vereinbarten die Unterh\u00e4ndler einen Austausch von jeweils 1.000 Kriegsgefangenen. Die Gespr\u00e4che sollen zu einem bisher unbestimmten Zeitpunkt fortgesetzt werden.<\/p>\n<p class=\"textabsatz m-ten m-offset-one l-eight l-offset-two columns twelve\">\nMoskau setzt die Angriffe ungeachtet der Verhandlungen fort. Aber der internationale Druck, Fortschritte in den Gespr\u00e4chen zu erzielen, steigt &#8211; auch von Seiten der USA. Au\u00dfenminister Marco Rubio sagte dem Sender CBS News, man habe die russische Regierung auf die M\u00f6glichkeit neuer Sanktionen hingewiesen und sich dabei in den vergangenen Wochen &#8222;ziemlich klar&#8220; ausgedr\u00fcckt.<\/p>\n<p class=\"textabsatz m-ten m-offset-one l-eight l-offset-two columns twelve\">\nMan habe Moskau deutlich gemacht, dass sich im Parlament eine breite Mehrheit f\u00fcr zus\u00e4tzliche Ma\u00dfnahmen abzeichne, sollte es keine Fortschritte in den Ukraine-Gespr\u00e4chen geben, erkl\u00e4rte Rubio weiter. Die Regierung habe den Kongress zwar um etwas Aufschub gebeten, um Raum f\u00fcr Verhandlungen zu lassen, k\u00f6nne den Prozess aber letztlich nicht aufhalten. Auf die Frage, ob Moskau lediglich Zeit gewinnen wolle, sagte Rubio: &#8222;Genau das testen wir gerade.&#8220; Die EU hatte bereits am Freitag erkl\u00e4rt, ein <a href=\"https:\/\/www.tagesschau.de\/ausland\/europa\/eu-neue-sanktionen-russland-100.html\" title=\"Gipfeltreffen in Tirana: EU bereitet neue Russland-Sanktionen vor \" rel=\"nofollow noopener\" target=\"_blank\">neues Sanktionspaket gegen Russland<\/a> vorzubereiten.<\/p>\n<p>    Merz will am Abend mit Trump telefonieren<\/p>\n<p class=\"textabsatz m-ten m-offset-one l-eight l-offset-two columns twelve\">\nDie US-Forderung nach einer Waffenruhe hatte Rubio am Wochenende bereits in einem Telefonat mit seinem russischen Amtskollegen Sergej Lawrow bekr\u00e4ftigt. US-Pr\u00e4sident Donald Trump wiederum will morgen mit dem russischen Pr\u00e4sidenten Wladimir Putin telefonieren. &#8222;Hoffentlich wird es ein produktiver Tag, eine Waffenruhe kommt zustande und dieser sehr gewaltt\u00e4tige Krieg (&#8230;) findet ein Ende&#8220;, schrieb Trump auf seiner Plattform Truth Social mit Blick auf das Gespr\u00e4ch.<\/p>\n<p class=\"textabsatz m-ten m-offset-one l-eight l-offset-two columns twelve\">\nBundeskanzler Friedrich Merz k\u00fcndigte an, vor dem Putin-Telefonat noch einmal mit Trump reden zu wollen: F\u00fcr Sonntagabend sei ein Gespr\u00e4ch mit Merz, Frankreichs Pr\u00e4sident Emmanuel Macron und dem britischen Premier Keir Starmer mit dem US-Pr\u00e4sidenten angefragt, hie\u00df es in deutschen Regierungskreisen. Merz, Macron und Starmer haben in den vergangenen Tagen bereits zwei Mal gemeinsam mit Trump telefoniert, um sich in der Ukraine-Diplomatie abzustimmen. Beide Male war Polens Ministerpr\u00e4sident Donald Tusk dabei, der aber diesmal verhindert sei, wie es hie\u00df.<\/p>\n<p>    Merz: Europ\u00e4er und Amerikaner fest entschlossen<\/p>\n<p class=\"textabsatz m-ten m-offset-one l-eight l-offset-two columns twelve\">\nMerz habe auch bereits mit Rubio \u00fcber das amerikanisch-russische Telefonat gesprochen. &#8222;Mein fester Eindruck ist, dass sowohl die Europ\u00e4er als auch die Amerikaner fest entschlossen sind, zusammen, aber auch jetzt zielorientiert daf\u00fcr zu sorgen, dass dieser schreckliche Krieg bald aufh\u00f6rt&#8220;, sagte er.<\/p>\n<p class=\"textabsatz m-ten m-offset-one l-eight l-offset-two columns twelve\">\nMit dem ukrainischen Pr\u00e4sidenten Wolodymyr Selenskyj habe er in Rom ebenfalls gesprochen, so Merz. Selenskyj wird dort au\u00dferdem vom frisch in Amt eingef\u00fchrten Papst Leo XIV. in einer Privataudienz empfangen. In seiner Botschaft nach der Messe auf dem Petersplatz erinnerte Leo XIV. an die gemarterte Ukraine und sagte unter Beifall, das Land warte darauf, dass &#8222;endlich Verhandlungen f\u00fcr einen gerechten und dauerhaften Frieden&#8220; beginnen.<\/p>\n","protected":false},"excerpt":{"rendered":"Stand: 18.05.2025 14:52 Uhr Russland hat die Ukraine mit massiven Drohnenangriffen \u00fcberzogen &#8211; trotz des Starts der direkten&hellip;\n","protected":false},"author":2,"featured_media":120364,"comment_status":"","ping_status":"","sticky":false,"template":"","format":"standard","meta":{"footnotes":""},"categories":[5],"tags":[1479,13,14,15,307,12,10,8,9,11,317,1712,64],"class_list":{"0":"post-120363","1":"post","2":"type-post","3":"status-publish","4":"format-standard","5":"has-post-thumbnail","7":"category-nachrichten","8":"tag-drohnenangriff","9":"tag-headlines","10":"tag-nachrichten","11":"tag-news","12":"tag-russland","13":"tag-schlagzeilen","14":"tag-top-news","15":"tag-top-meldungen","16":"tag-topmeldungen","17":"tag-topnews","18":"tag-ukraine","19":"tag-ukraine-krieg","20":"tag-usa"},"share_on_mastodon":{"url":"https:\/\/pubeurope.com\/@de\/114529067503743536","error":""},"_links":{"self":[{"href":"https:\/\/www.europesays.com\/de\/wp-json\/wp\/v2\/posts\/120363","targetHints":{"allow":["GET"]}}],"collection":[{"href":"https:\/\/www.europesays.com\/de\/wp-json\/wp\/v2\/posts"}],"about":[{"href":"https:\/\/www.europesays.com\/de\/wp-json\/wp\/v2\/types\/post"}],"author":[{"embeddable":true,"href":"https:\/\/www.europesays.com\/de\/wp-json\/wp\/v2\/users\/2"}],"replies":[{"embeddable":true,"href":"https:\/\/www.europesays.com\/de\/wp-json\/wp\/v2\/comments?post=120363"}],"version-history":[{"count":0,"href":"https:\/\/www.europesays.com\/de\/wp-json\/wp\/v2\/posts\/120363\/revisions"}],"wp:featuredmedia":[{"embeddable":true,"href":"https:\/\/www.europesays.com\/de\/wp-json\/wp\/v2\/media\/120364"}],"wp:attachment":[{"href":"https:\/\/www.europesays.com\/de\/wp-json\/wp\/v2\/media?parent=120363"}],"wp:term":[{"taxonomy":"category","embeddable":true,"href":"https:\/\/www.europesays.com\/de\/wp-json\/wp\/v2\/categories?post=120363"},{"taxonomy":"post_tag","embeddable":true,"href":"https:\/\/www.europesays.com\/de\/wp-json\/wp\/v2\/tags?post=120363"}],"curies":[{"name":"wp","href":"https:\/\/api.w.org\/{rel}","templated":true}]}}