{"id":1203656,"date":"2026-07-30T15:10:16","date_gmt":"2026-07-30T15:10:16","guid":{"rendered":"https:\/\/www.europesays.com\/de\/1203656\/"},"modified":"2026-07-30T15:10:16","modified_gmt":"2026-07-30T15:10:16","slug":"borussia-moenchengladbach-gladbach-bestaetigt-hashioka-leihe-sport","status":"publish","type":"post","link":"https:\/\/www.europesays.com\/de\/1203656\/","title":{"rendered":"Borussia M\u00f6nchengladbach: Gladbach best\u00e4tigt Hashioka-Leihe | Sport"},"content":{"rendered":"<p><a class=\"skip-content skip-content--link\" href=\"#in-content-skip-link-target-v-0-0\">TTS-Player \u00fcberspringen\u21b5<\/a><a id=\"in-content-skip-link-target-v-0-0\" class=\"skip-content--target-link-hidden skip-content skip-content--target-link\" href=\"#in-content-skip-link-target-v-0-0\">Artikel weiterlesen<\/a><\/p>\n<p data-21134c99=\"0-1828\"><b>BILD hatte es bereits angek\u00fcndigt \u2013 am Donnerstagnachmittag meldete Gladbach dann auch den Vollzug:  Der japanische Verteidiger Daiki Hashioka (27) wird ausgeliehen, kommt vom tschechischen Meister Slavia Prag an den Niederrhein. Hashioka (der in der R\u00fcckrunde der letzten Saison an den belgischen Erstligisten KAA Gent ausgeliehen war) wird zun\u00e4chst bis Sommer 2027 verpflichtet. Gladbach hat sich mit der Leihe aber auch eine Kaufoption gesichert.<\/b><\/p>\n<p data-21134c99=\"0-1828\">Borussias Sport-Boss Rouven Schr\u00f6der (50): \u201eDaiki ist ein schneller, kopfballstarker und aggressiver Verteidiger, den man vor allem rechts in der Kette oder als rechten Innenverteidiger einsetzen kann. Er bringt auch einiges an Erfahrung mit \u2013 und wir sind davon \u00fcberzeugt, dass er uns schon bald helfen wird.\u201c Hashioka erh\u00e4lt die R\u00fcckennummer 14, die zuletzt sein Landsmann Kota Takai (21) getragen hatte, der in der R\u00fcckrunde der letzten Saison von Tottenham an die Fohlen ausgeliehen war.  Hasioka freut sich auf seine neue Aufgabe in der <a href=\"https:\/\/www.bild.de\/sport\/fussball\/bundesliga\/bundesliga-startseite-52368768.bild.html\" class=\"text-link\" rel=\"nofollow noopener\" target=\"_blank\">Bundesliga<\/a>: \u201eAls mir mein Berater von der Anfrage <a href=\"https:\/\/www.bild.de\/sport\/fussball\/borussia-moenchengladbach\/startseite-borussia-moenchengladbach-31074418.bild.html\" class=\"text-link\" rel=\"nofollow noopener\" target=\"_blank\">Borussias<\/a> erz\u00e4hlt hat, war ich richtig gl\u00fccklich. Es war mir direkt klar, dass ich das machen will, und ich freue mich sehr auf die Herausforderung in der Bundesliga.\u201c<\/p>\n<p data-21134c99=\"0-1828\">Hashioka deb\u00fctierte im Dezember 2019 f\u00fcr die japanische A-Nationalmannschaft und hat seitdem 12 L\u00e4nderspiele bestritten, das letzte im M\u00e4rz beim 1:0-Sieg in Schottland \u2013 f\u00fcr eine Nominierung f\u00fcr die Weltmeisterschaft in den USA, Kanada und Mexiko in diesem Sommer reichte es dann aber doch nicht. 2021 erreichte er mit der japanischen Olympia-Auswahl den 4. Platz bei den Olympischen Sommerspielen in Tokio. Dabei verpasste Hashioka mit den Japanern nur ganz knapp die olympische Bronzemedaille: Im Spiel um Platz 3 gab es gegen Mexiko eine 1:3-Niederlage \u2013 in der Vorrunde hatten die Japaner Mexiko noch besiegt\u00a0\u2026<\/p>\n","protected":false},"excerpt":{"rendered":"TTS-Player \u00fcberspringen\u21b5Artikel weiterlesen BILD hatte es bereits angek\u00fcndigt \u2013 am Donnerstagnachmittag meldete Gladbach dann auch den Vollzug: Der&hellip;\n","protected":false},"author":2,"featured_media":1203657,"comment_status":"","ping_status":"","sticky":false,"template":"","format":"standard","meta":{"footnotes":"","_share_on_mastodon":"0"},"categories":[1849],"tags":[815,3364,29,538,548,663,3934,30,13,33581,4455,14,15,1209,12,126094,819],"class_list":["post-1203656","post","type-post","status-publish","format-standard","has-post-thumbnail","category-moenchengladbach","tag-borussia-moenchengladbach","tag-de","tag-deutschland","tag-erste-bundesliga","tag-eu","tag-europa","tag-europe","tag-germany","tag-headlines","tag-itakura-ko","tag-moenchengladbach","tag-nachrichten","tag-news","tag-nordrhein-westfalen","tag-schlagzeilen","tag-schroeder-rouven","tag-sport-leuchtturm-essen"],"share_on_mastodon":{"url":"https:\/\/pubeurope.com\/@de\/117009568735890250","error":""},"_links":{"self":[{"href":"https:\/\/www.europesays.com\/de\/wp-json\/wp\/v2\/posts\/1203656","targetHints":{"allow":["GET"]}}],"collection":[{"href":"https:\/\/www.europesays.com\/de\/wp-json\/wp\/v2\/posts"}],"about":[{"href":"https:\/\/www.europesays.com\/de\/wp-json\/wp\/v2\/types\/post"}],"author":[{"embeddable":true,"href":"https:\/\/www.europesays.com\/de\/wp-json\/wp\/v2\/users\/2"}],"replies":[{"embeddable":true,"href":"https:\/\/www.europesays.com\/de\/wp-json\/wp\/v2\/comments?post=1203656"}],"version-history":[{"count":0,"href":"https:\/\/www.europesays.com\/de\/wp-json\/wp\/v2\/posts\/1203656\/revisions"}],"wp:featuredmedia":[{"embeddable":true,"href":"https:\/\/www.europesays.com\/de\/wp-json\/wp\/v2\/media\/1203657"}],"wp:attachment":[{"href":"https:\/\/www.europesays.com\/de\/wp-json\/wp\/v2\/media?parent=1203656"}],"wp:term":[{"taxonomy":"category","embeddable":true,"href":"https:\/\/www.europesays.com\/de\/wp-json\/wp\/v2\/categories?post=1203656"},{"taxonomy":"post_tag","embeddable":true,"href":"https:\/\/www.europesays.com\/de\/wp-json\/wp\/v2\/tags?post=1203656"}],"curies":[{"name":"wp","href":"https:\/\/api.w.org\/{rel}","templated":true}]}}