{"id":1203842,"date":"2026-07-30T16:53:17","date_gmt":"2026-07-30T16:53:17","guid":{"rendered":"https:\/\/www.europesays.com\/de\/1203842\/"},"modified":"2026-07-30T16:53:17","modified_gmt":"2026-07-30T16:53:17","slug":"energieversorgung-atomstromproduktion-in-europa-wegen-niedriger-pegel-eingeschraenkt","status":"publish","type":"post","link":"https:\/\/www.europesays.com\/de\/1203842\/","title":{"rendered":"Energieversorgung: Atomstromproduktion in Europa wegen niedriger Pegel eingeschr\u00e4nkt"},"content":{"rendered":"<p>\n                        In europ\u00e4ischen L\u00e4ndern fehlt wegen niedriger Wasserst\u00e4nde ausreichend K\u00fchlung f\u00fcr die Atomstromproduktion. Ungarn bittet Konzerne, ihren Energieverbrauch zu reduzieren.\n                    <\/p>\n<p>                Schlie\u00dfen<br \/>\n                Artikelzusammenfassung<\/p>\n<p>Die Hitzewelle legt Europas Atomnarrativ trocken. Zuerst fielen in Rum\u00e4nien im Kraftwerk Cernavoda gleich zwei Reaktoren aus dem Line-up, weil niedrige Flusspegel zu wenig K\u00fchlwasser liefern \u2013 ein Reality-Check f\u00fcr eine Technologie, die gern als verl\u00e4ssliche Baseload inszeniert wird. Danach zog Frankreich nach und nahm in dieser Woche wegen der hohen Temperaturen ebenfalls Reaktoren vom Netz, w\u00e4hrend in Ungarn die Leistung des AKW Paks heruntergeregelt wurde. Parallel appelliert Pr\u00e4sident P\u00e8ter Magyar an stromhungrige Industrien wie Batterie- und Autohersteller, ihren Verbrauch zwischen 17 und 22 Uhr zu drosseln; das klingt nach Lastmanagement, ist aber auch ein kleines Lehrst\u00fcck dar\u00fcber, wie verletzlich selbst hochger\u00fcstete Energiesysteme im Klimastress sind. Der Text bleibt als Live-Update angelegt und erz\u00e4hlt damit fast nebenbei die Pointe dieser Wetterlage: Wenn die Fl\u00fcsse schrumpfen, ger\u00e4t auch der vermeintlich so stabile Atomstrom ins Schwitzen.<\/p>\n<p>                Diese Zusammenfassung wurde mithilfe von K\u00fcnstlicher Intelligenz erstellt. Vereinzelt kann es dabei zu Fehlern kommen.<\/p>\n<p class=\"summy__feedback-paragraph\">Fanden Sie die Zusammenfassung hilfreich? <\/p>\n<p>                        Gef\u00e4llt mir<\/p>\n<p>                        Gef\u00e4llt mir<\/p>\n<p>                        Gef\u00e4llt mir nicht<\/p>\n<p>                        Gef\u00e4llt mir nicht<\/p>\n<p>                        Send<\/p>\n<p>        Sie k\u00f6nnen sich Artikel der ZEIT in der Google-Suche nun bevorzugt anzeigen lassen.<\/p>\n<p>        <a class=\"zps-widget__icon\" href=\"https:\/\/www.google.com\/preferences\/source?q=zeit.de\" data-ct-label=\"Google Preferred Source Onboarding Widget Icon\" id=\"zps-link-icon-activate\" aria-label=\"ZEIT als bevorzugte Quelle bei Google aktivieren\" target=\"_blank\" rel=\"nofollow noopener\"><\/p>\n<p>        <\/a><\/p>\n<p>            <img decoding=\"async\" class=\"article__media-item\" src=\"https:\/\/www.europesays.com\/de\/wp-content\/uploads\/2026\/07\/1785430397_479_wide__1000x562.jpeg\" alt=\"Atomstrom Europa Fl\u00fcsse D\u00fcrre Kernkraftwerk Cernavoda Paks\"\/><\/p>\n<p>                    In Ungarn wurde die Leistung des Kernkraftwerks Paks gedrosselt.<br \/>\n            \u00a9\u00a0Daniel Mihailescu\/\u200bAFP via Getty Images<\/p>\n<p class=\"paragraph article__item\">Wegen niedriger Pegelst\u00e4nde in Fl\u00fcssen und damit fehlendem K\u00fchlwasser ist in mehreren europ\u00e4ischen L\u00e4ndern die Atomstromproduktion gedrosselt worden. In Rum\u00e4nien sind zwei Reaktoren des Kraftwerks Cernavoda au\u00dfer Betrieb. Auch in Frankreich wurden in dieser Woche Reaktoren wegen der hohen Temperaturen abgeschaltet.\n<\/p>\n<p class=\"paragraph article__item\">In Ungarn wurde derweil die Leistung des Kernkraftwerks Paks gedrosselt. Der<br \/>\nungarische Pr\u00e4sident P\u00e8ter Magyar bittet Konzerne zudem, ihren Stromverbrauch w\u00e4hrend<br \/>\nder Hitzewelle zwischen 17 Uhr und 22 Uhr zu reduzieren. Dazu geh\u00f6ren unter anderem<br \/>\n Batterie- und Autohersteller, die einen hohen Stromverbrauch haben.\n<\/p>\n<p class=\"paragraph article__item\">Dieser Artikel wird weiter aktualisiert.<\/p>\n","protected":false},"excerpt":{"rendered":"In europ\u00e4ischen L\u00e4ndern fehlt wegen niedriger Wasserst\u00e4nde ausreichend K\u00fchlung f\u00fcr die Atomstromproduktion. Ungarn bittet Konzerne, ihren Energieverbrauch zu&hellip;\n","protected":false},"author":2,"featured_media":1203843,"comment_status":"","ping_status":"","sticky":false,"template":"","format":"standard","meta":{"footnotes":"","_share_on_mastodon":"0"},"categories":[3933],"tags":[331,332,56534,251007,42545,627,548,663,158,3934,3935,217082,13,14,15,16,12024,12],"class_list":["post-1203842","post","type-post","status-publish","format-standard","has-post-thumbnail","category-eu","tag-aktuelle-nachrichten","tag-aktuelle-news","tag-atomstrom","tag-atomstromproduktion","tag-donau","tag-energieversorgung","tag-eu","tag-europa","tag-europaeische-union","tag-europe","tag-european-union","tag-flusspegel","tag-headlines","tag-nachrichten","tag-news","tag-politik","tag-rumaenien","tag-schlagzeilen"],"share_on_mastodon":{"url":"https:\/\/pubeurope.com\/@de\/117009975358287890","error":""},"_links":{"self":[{"href":"https:\/\/www.europesays.com\/de\/wp-json\/wp\/v2\/posts\/1203842","targetHints":{"allow":["GET"]}}],"collection":[{"href":"https:\/\/www.europesays.com\/de\/wp-json\/wp\/v2\/posts"}],"about":[{"href":"https:\/\/www.europesays.com\/de\/wp-json\/wp\/v2\/types\/post"}],"author":[{"embeddable":true,"href":"https:\/\/www.europesays.com\/de\/wp-json\/wp\/v2\/users\/2"}],"replies":[{"embeddable":true,"href":"https:\/\/www.europesays.com\/de\/wp-json\/wp\/v2\/comments?post=1203842"}],"version-history":[{"count":0,"href":"https:\/\/www.europesays.com\/de\/wp-json\/wp\/v2\/posts\/1203842\/revisions"}],"wp:featuredmedia":[{"embeddable":true,"href":"https:\/\/www.europesays.com\/de\/wp-json\/wp\/v2\/media\/1203843"}],"wp:attachment":[{"href":"https:\/\/www.europesays.com\/de\/wp-json\/wp\/v2\/media?parent=1203842"}],"wp:term":[{"taxonomy":"category","embeddable":true,"href":"https:\/\/www.europesays.com\/de\/wp-json\/wp\/v2\/categories?post=1203842"},{"taxonomy":"post_tag","embeddable":true,"href":"https:\/\/www.europesays.com\/de\/wp-json\/wp\/v2\/tags?post=1203842"}],"curies":[{"name":"wp","href":"https:\/\/api.w.org\/{rel}","templated":true}]}}