{"id":120390,"date":"2025-05-18T13:41:09","date_gmt":"2025-05-18T13:41:09","guid":{"rendered":"https:\/\/www.europesays.com\/de\/120390\/"},"modified":"2025-05-18T13:41:09","modified_gmt":"2025-05-18T13:41:09","slug":"5-verletzte-in-bielefeld-polizei-stuft-angriff-als-anschlag-ein-regional","status":"publish","type":"post","link":"https:\/\/www.europesays.com\/de\/120390\/","title":{"rendered":"5 Verletzte in Bielefeld: Polizei stuft Angriff als Anschlag ein | Regional"},"content":{"rendered":"<p>Bielefeld (Nordrhein-Westfalen) \u2013 <b>Es war offenbar ein Attentat! Die Polizei stuft den Angriff auf Besucher einer Bar am fr\u00fchen Sonntagmorgen nach BILD-Informationen derzeit als Anschlag ein. <\/b><\/p>\n<p>Gegen 4.20 Uhr hatte ein Mann <a href=\"https:\/\/www.bild.de\/regional\/nordrhein-westfalen\/messerstecherei-vor-bar-in-bielefeld-polizei-fahndet-nach-taeter-68298cf351c87d46d859c06c\" class=\"text-link\" target=\"_blank\" rel=\"noopener\">vor der Bar Cutie in der Gro\u00dfe-Kurf\u00fcrst-Stra\u00dfe stehende G\u00e4ste angegriffen<\/a>. Polizeisprecherin Sonja Remmert: \u201eNach dem derzeitigen Kenntnisstand wurden mindestens f\u00fcnf Menschen verletzt, davon drei schwer. Es ist nicht auszuschlie\u00dfen, dass noch weitere Personen verletzt wurden.\u201c Zwei sollen in Lebensgefahr schweben. Die Opfer sollen zwischen 23 und 27 Jahre alt sein.<\/p>\n<p><img decoding=\"async\" width=\"992\" height=\"558\" alt=\"Eine Polizistin verpackt einen mutma\u00dflichen Stockdegen in einen Spurensicherungsbeutel\" src=\"https:\/\/www.europesays.com\/de\/wp-content\/uploads\/2025\/05\/39db0d68adf5d7dbc64916026472f244,268da54b\"   class=\"landscape\" loading=\"lazy\"\/><\/p>\n<p class=\"fig__caption__text\">Eine Polizistin verpackt einen Stockdegen, mutma\u00dflich eine der Tatwaffen, in einen Spurensicherungsbeutel<\/p>\n<p>Foto: Christian M\u00fcller<\/p>\n<p><b>Der T\u00e4ter stach nach Zeugenangaben mit einem Messer und einem Stockdegen wahllos auf seine Opfer ein. Bilder vom Tatort zeigen, wie Kriminaltechniker eine solche Waffe \u2013 einen Spazierstock, aus dem eine Klinge herausgezogen werden kann \u2013 sicherstellen.<\/b><\/p>\n<p>T\u00e4ter hatte Waffen und brennbare Fl\u00fcssigkeit im Rucksack<\/p>\n<p>Weitere G\u00e4ste schlugen den Mann daraufhin nieder, verletzten ihn dabei im Gesicht. Er konnte sich aber wieder aufrappeln und losrei\u00dfen, fl\u00fcchtete zu Fu\u00df. Dabei verlor der Attent\u00e4ter seinen Rucksack. <\/p>\n<p><b>Die Ermittler der Mordkommission \u201eKurf\u00fcrst\u201c unter Leitung des Ersten Kriminalhauptkommissars Markus Mertens konnten den Rucksack schlie\u00dflich im Umfeld des Tatortes sicherstellen, entdeckten darin nach BILD-Informationen weitere Waffen und eine Flasche mit brennbarer Fl\u00fcssigkeit. Au\u00dferdem einen auf einen Syrer ausgestellten Aufenthaltstitel.<\/b><\/p>\n<p><img decoding=\"async\" width=\"992\" height=\"558\" alt=\"Die Bar Cutie ist ein beliebter Treffpunkt in der Bielefelder Innenstadt\" src=\"https:\/\/www.europesays.com\/de\/wp-content\/uploads\/2025\/05\/04c0c227cedcd4f11bbbc2594a4147db,9dfde43c\"   class=\"landscape\" loading=\"lazy\"\/><\/p>\n<p class=\"fig__caption__text\">Die Bar Cutie ist ein beliebter Treffpunkt in der Bielefelder Innenstadt<\/p>\n<p>Foto: Christian M\u00fcller<\/p>\n<p>Dieser Fund f\u00fchrte zu der Einsch\u00e4tzung, dass der T\u00e4ter ganz offenbar nicht spontan handelte, sondern einen Anschlag geplant und sich daf\u00fcr ausger\u00fcstet hatte.<\/p>\n<p>Die Ermittler: \u201eDie Polizei Bielefeld konnte vor Ort Messer sicherstellen. Es kann nicht ausgeschlossen werden, dass der derzeit noch fl\u00fcchtige Tatverd\u00e4chtige bewaffnet ist.\u201c<\/p>\n<p>Lesen Sie auchAttent\u00e4ter ist auf der Flucht und gef\u00e4hrlich<\/p>\n<p><b>Deshalb warnen sie: \u201eBei Antreffen des Tatverd\u00e4chtigen bitte umgehend den Notruf der Polizei \u00fcber 110 verst\u00e4ndigen. Bitte halten Sie Abstand und bringen sich nicht selbst in Gefahr.\u201c<\/b><\/p>\n<p>Aufgrund der politischen Brisanz der Tat richtete die Polizei eine Besondere Aufbauorganisation (BAO) ein. Eine BAO dient dazu, in Lagen, die den Einsatz vieler Beamter von verschiedenen Beh\u00f6rden erfordern, eine einheitliche F\u00fchrung und Koordination zu gew\u00e4hrleisten.<\/p>\n","protected":false},"excerpt":{"rendered":"Bielefeld (Nordrhein-Westfalen) \u2013 Es war offenbar ein Attentat! Die Polizei stuft den Angriff auf Besucher einer Bar am&hellip;\n","protected":false},"author":2,"featured_media":120391,"comment_status":"","ping_status":"","sticky":false,"template":"","format":"standard","meta":{"footnotes":""},"categories":[1841],"tags":[2140,13774,18403,4594,1605,3364,29,122,30,5517,1981,2290,17930,1209,13468,58,45],"class_list":{"0":"post-120390","1":"post","2":"type-post","3":"status-publish","4":"format-standard","5":"has-post-thumbnail","7":"category-bielefeld","8":"tag-angriff","9":"tag-anschlag","10":"tag-aufenthaltsrecht","11":"tag-bar","12":"tag-bielefeld","13":"tag-de","14":"tag-deutschland","15":"tag-fahndungen","16":"tag-germany","17":"tag-lebensgefahr","18":"tag-messer","19":"tag-mordkommission","20":"tag-mordversuch","21":"tag-nordrhein-westfalen","22":"tag-spurensicherung","23":"tag-syrien","24":"tag-texttospeech"},"share_on_mastodon":{"url":"https:\/\/pubeurope.com\/@de\/114529126675422589","error":""},"_links":{"self":[{"href":"https:\/\/www.europesays.com\/de\/wp-json\/wp\/v2\/posts\/120390","targetHints":{"allow":["GET"]}}],"collection":[{"href":"https:\/\/www.europesays.com\/de\/wp-json\/wp\/v2\/posts"}],"about":[{"href":"https:\/\/www.europesays.com\/de\/wp-json\/wp\/v2\/types\/post"}],"author":[{"embeddable":true,"href":"https:\/\/www.europesays.com\/de\/wp-json\/wp\/v2\/users\/2"}],"replies":[{"embeddable":true,"href":"https:\/\/www.europesays.com\/de\/wp-json\/wp\/v2\/comments?post=120390"}],"version-history":[{"count":0,"href":"https:\/\/www.europesays.com\/de\/wp-json\/wp\/v2\/posts\/120390\/revisions"}],"wp:featuredmedia":[{"embeddable":true,"href":"https:\/\/www.europesays.com\/de\/wp-json\/wp\/v2\/media\/120391"}],"wp:attachment":[{"href":"https:\/\/www.europesays.com\/de\/wp-json\/wp\/v2\/media?parent=120390"}],"wp:term":[{"taxonomy":"category","embeddable":true,"href":"https:\/\/www.europesays.com\/de\/wp-json\/wp\/v2\/categories?post=120390"},{"taxonomy":"post_tag","embeddable":true,"href":"https:\/\/www.europesays.com\/de\/wp-json\/wp\/v2\/tags?post=120390"}],"curies":[{"name":"wp","href":"https:\/\/api.w.org\/{rel}","templated":true}]}}