{"id":120395,"date":"2025-05-18T13:44:14","date_gmt":"2025-05-18T13:44:14","guid":{"rendered":"https:\/\/www.europesays.com\/de\/120395\/"},"modified":"2025-05-18T13:44:14","modified_gmt":"2025-05-18T13:44:14","slug":"wie-wuppertaler-ob-kandidaten-in-den-sozialen-medien-werben","status":"publish","type":"post","link":"https:\/\/www.europesays.com\/de\/120395\/","title":{"rendered":"Wie Wuppertaler OB-Kandidaten in den Sozialen Medien werben"},"content":{"rendered":"<p class=\"richtext text-em-55 !leading-serif mx-6 desktop:mx-0\">Und so tummeln sich auch die Kandidaten f\u00fcr die Wahl des Oberb\u00fcrgermeisteramts in Wuppertal in den Sozialen Medien im Internet. Dazu hat sich die WZ die Internetauftritte der Aspiranten der vier st\u00e4rksten Fraktionen im Stadtrat angesehen.<\/p>\n<p class=\"richtext text-em-55 !leading-serif mx-6 desktop:mx-0\">Miriam Scherff, die f\u00fcr die SPD ins OB-Rennen geht, hat Social Media l\u00e4ngst als lohnenswerte Plattform f\u00fcr sich entdeckt und bespielt ihre Profilseiten entsprechend.<\/p>\n<p class=\"richtext text-em-55 !leading-serif mx-6 desktop:mx-0\">Bei Instagram hat Scherff \u00fcber 2200 Follower. Auf ihre Beitr\u00e4ge dort erh\u00e4lt sie meist mehrere Kommentare, je nach Thema sogar im zweistelligen Bereich. Auf der Plattform Facebook, die bei J\u00fcngeren schon als etwas altmodisch gilt, ist sie auch aktiv, erreicht hier aber bei Weitem nicht so viele Menschen. Seit November 2024 nutzt sie auch die chinesische Plattform Tiktok: Von der Resonanz her ist hier noch viel Luft nach oben.<\/p>\n<p class=\"richtext text-em-55 !leading-serif mx-6 desktop:mx-0\">Ihre oft professionell wirkenden Fotos fallen auf, die zumeist viele Menschen zeigen, ohne sich auf eine Altersklasse zu beschr\u00e4nken. Sie hat begonnen, \u00fcber die Plattformen ihr Wahlprogramm vorzustellen, kommentiert Bundes- und Kommunalpolitik, scheut sich aber auch nicht, auch Trends mitzumachen \u2013 wenn es etwa um kulinarische Vorlieben geht oder man sich selbst als witzige Comic-Figur inszeniert.<\/p>\n<p class=\"richtext text-em-55 !leading-serif mx-6 desktop:mx-0\">Zwei bis drei Beitr\u00e4ge pro Woche postet sie mindestens, vor allem am Wochenende, wobei ihr Privatleben so gut wie nicht vorkommt, daf\u00fcr aber ihre Besuche bei aktuellen Veranstaltungen \u2013 gerne auch sportlicher Art.<\/p>\n<p>Bundespolitik und Kinderbilder      <\/p>\n<p class=\"text_ohne_einzug richtext text-em-55 !leading-serif mx-6 desktop:mx-0\">CDU-Kandidat Matthias Nocke hat mittlerweile \u00fcber 700 Follower bei Instagram, wo er erst seit kurzem richtig aktiv ist. Bei Facebook hat seine Seite 613 Follower: Hier postet er regelm\u00e4\u00dfig, teilt ab und an Beitr\u00e4ge anderer Seiten zu diversen Themen, kommentiert oder \u201elikt\u201c andere Beitr\u00e4ge aber kaum.<\/p>\n<p class=\"richtext text-em-55 !leading-serif mx-6 desktop:mx-0\">Auf Tiktok ist er noch nicht vertreten. Ansonsten zeigt er durchaus, dass er bei wichtigen gesellschaftlichen Ereignissen dabei ist und macht auch mal einen Trend mit \u2013 zuletzt als Actionfigur mit Accessoires wie Aktenkoffer und Smartphone. Einblicke in seinen beruflichen Alltag gibt er auch gerne. Mit politischen Statements h\u00e4lt er sich noch zur\u00fcck<\/p>\n<p class=\"richtext text-em-55 !leading-serif mx-6 desktop:mx-0\">Dagmar Liste-Frinker, die als Gr\u00fcne f\u00fcr die OB-Wahl antritt, ist bei Facebook recht aktiv und hat mit ihrem privaten Profil \u00fcber 1500 Follower. Sie postet zumeist nur Fotos ohne Text oder auch mal eine Zeichnung von sich selbst mit dem Text: \u201eIch will die Welt neu gestalten\u201c. Urlaubs- und Kinderbilder sieht man bei Facebook auch von ihr.<\/p>\n<p class=\"richtext text-em-55 !leading-serif mx-6 desktop:mx-0\">Bei Instagram ist sie eher sporadisch aktiv. Ihr Profil mit \u00fcber 620 Followern hat hier aber ein gutes Design mit Wiedererkennungswert, wirkt professionell und gar nicht altbacken und zeigt einen Mix aus Videos und Fotos.<\/p>\n<p class=\"richtext text-em-55 !leading-serif mx-6 desktop:mx-0\">Auffallend: Das Parteilogo ist in den Beitr\u00e4gen immer gut sichtbar. Allerdings hat sie noch nicht viel gepostet und und was sie in ihrer \u201eStory\u201c zeigt \u2013 wo Beitr\u00e4ge nur f\u00fcr 24 Stunden angezeigt werden \u2013 sind meist \u201eReposts\u201c der Gr\u00fcnen, also von deren Seite geteilte Inhalte.<\/p>\n<p class=\"richtext text-em-55 !leading-serif mx-6 desktop:mx-0\">Auf Tiktok hat Liste-Frinker \u00fcber 670 Follower, aber noch kein \u201eLike\u201c. Kommunalpolitische Themen schneidet sie dort bislang nicht an.<\/p>\n<p class=\"richtext text-em-55 !leading-serif mx-6 desktop:mx-0\">Nicht unbedingt ein Influencer (Social-Media-Star), aber sehr erfolgreich auf den einschl\u00e4gigen Plattformen im Internet ist der OB-Kandidat der FDP, Marcel Hafke. Mehr als 3100 Follower bei Instagram, sogar fast 4100 bei Facebook und bereits rund 1400 bei Tiktok: Hafke ist medial eine Art \u201eHans Dampf in allen Gassen\u201c und kann \u2013 zumindest im Internet \u2013 mit seinen Inhalten punkten.<\/p>\n<p class=\"richtext text-em-55 !leading-serif mx-6 desktop:mx-0\">Vielen j\u00fcngeren Beobachtern der Social-Media-Welt, die von der WZ zu Rate gezogen wurden, erscheint sein Instagram-Account sogar als der beste dieser vier Kandidaten. Er sei abwechslungsreich, poste viele Reels (Kurzvideos) mit Untertiteln und habe ein Profil mit Wiedererkennungswert geschaffen.<\/p>\n<p class=\"richtext text-em-55 !leading-serif mx-6 desktop:mx-0\">Er \u00e4u\u00dfert seine Vorhaben mit Blick auf das OB-Amt, greift aber auch \u00fcberregionale Themen auf und versucht mitunter, witzig zu sein. Ob ihm das gelingt, ist Ansichtssache, aber dass er sehr viel Feedback von anderen Nutzern der Plattform f\u00fcr seine Beitr\u00e4ge erh\u00e4lt, ist nicht von der Hand zu weisen.<\/p>\n<p class=\"richtext text-em-55 !leading-serif mx-6 desktop:mx-0\">Da scheint mitunter professionelle Unterst\u00fctzung dabei zu sein, denn seine Reels sind so angelegt, dass sie viel geklickt werden, was Pluspunkte beim Algorithmus von Instagram bringt.<\/p>\n<p class=\"richtext text-em-55 !leading-serif mx-6 desktop:mx-0\">Das Engagement in den Sozialen Medien kann allerdings auch mal schief gehen. Als zuletzt der BHC den Wiederaufstieg in die Handball-Bundesliga schaffte, waren Miriam Scherff und Matthias Nocke in der Halle, um das Spiel zu sehen, und posteten auf ihren Seiten jeweils ein Bild von sich in Feierstimmung mit dem BHC-Maskottchen an ihrer Seite.<\/p>\n<p class=\"richtext text-em-55 !leading-serif mx-6 desktop:mx-0\">Marcel Hafke hatte wohl nicht live beim Spiel dabei sein k\u00f6nnen und postete ein mit K\u00fcnstlicher Intelligenz (KI) generiertes Bild von sich und den BHC-Spielern. Das kam im Netz \u00fcberhaupt nicht gut an und brachte ihm einen ordentlichen \u201eShitstorm\u201c ein \u2013 eine Welle kritischer, belehrender und bisweilen sehr geh\u00e4ssiger Kommentare.<\/p>\n","protected":false},"excerpt":{"rendered":"Und so tummeln sich auch die Kandidaten f\u00fcr die Wahl des Oberb\u00fcrgermeisteramts in Wuppertal in den Sozialen Medien&hellip;\n","protected":false},"author":2,"featured_media":120396,"comment_status":"","ping_status":"","sticky":false,"template":"","format":"standard","meta":{"footnotes":""},"categories":[1840],"tags":[45725,3364,29,291,45724,17761,72,30,152,45727,14067,45729,1209,3813,45728,45726,6986,4418],"class_list":{"0":"post-120395","1":"post","2":"type-post","3":"status-publish","4":"format-standard","5":"has-post-thumbnail","7":"category-wuppertal","8":"tag-beitraege","9":"tag-de","10":"tag-deutschland","11":"tag-facebook","12":"tag-follower","13":"tag-form","14":"tag-fotos","15":"tag-germany","16":"tag-instagram","17":"tag-kandidat","18":"tag-media","19":"tag-medial","20":"tag-nordrhein-westfalen","21":"tag-plattform","22":"tag-plattforminternen","23":"tag-scherff","24":"tag-social","25":"tag-wuppertal"},"share_on_mastodon":{"url":"https:\/\/pubeurope.com\/@de\/114529138349584231","error":""},"_links":{"self":[{"href":"https:\/\/www.europesays.com\/de\/wp-json\/wp\/v2\/posts\/120395","targetHints":{"allow":["GET"]}}],"collection":[{"href":"https:\/\/www.europesays.com\/de\/wp-json\/wp\/v2\/posts"}],"about":[{"href":"https:\/\/www.europesays.com\/de\/wp-json\/wp\/v2\/types\/post"}],"author":[{"embeddable":true,"href":"https:\/\/www.europesays.com\/de\/wp-json\/wp\/v2\/users\/2"}],"replies":[{"embeddable":true,"href":"https:\/\/www.europesays.com\/de\/wp-json\/wp\/v2\/comments?post=120395"}],"version-history":[{"count":0,"href":"https:\/\/www.europesays.com\/de\/wp-json\/wp\/v2\/posts\/120395\/revisions"}],"wp:featuredmedia":[{"embeddable":true,"href":"https:\/\/www.europesays.com\/de\/wp-json\/wp\/v2\/media\/120396"}],"wp:attachment":[{"href":"https:\/\/www.europesays.com\/de\/wp-json\/wp\/v2\/media?parent=120395"}],"wp:term":[{"taxonomy":"category","embeddable":true,"href":"https:\/\/www.europesays.com\/de\/wp-json\/wp\/v2\/categories?post=120395"},{"taxonomy":"post_tag","embeddable":true,"href":"https:\/\/www.europesays.com\/de\/wp-json\/wp\/v2\/tags?post=120395"}],"curies":[{"name":"wp","href":"https:\/\/api.w.org\/{rel}","templated":true}]}}