{"id":1204013,"date":"2026-07-30T18:43:40","date_gmt":"2026-07-30T18:43:40","guid":{"rendered":"https:\/\/www.europesays.com\/de\/1204013\/"},"modified":"2026-07-30T18:43:40","modified_gmt":"2026-07-30T18:43:40","slug":"leverkusen-angebranntes-essen-loest-einsatz-der-feuerwehr-aus","status":"publish","type":"post","link":"https:\/\/www.europesays.com\/de\/1204013\/","title":{"rendered":"Leverkusen: Angebranntes Essen l\u00f6st Einsatz der Feuerwehr aus"},"content":{"rendered":"<p class=\"text_ohne_einzug richtext text-em-55 !leading-serif mx-6 desktop:mx-0\"> Gegen 6.11\u00a0Uhr am Donnerstag gab ein piepsender <a href=\"https:\/\/rp-online.de\/thema\/rauchmelder\/\" rel=\"nofollow noopener\" target=\"_blank\">Rauchmelder<\/a> in einer Wohnung am Theodor-Heuss-Ring einfach keine Ruhe mehr. Zeugen alarmierten die <a href=\"https:\/\/rp-online.de\/thema\/feuerwehr\/\" rel=\"nofollow noopener\" target=\"_blank\">Feuerwehr<\/a>. Die Leitstelle schickte Kr\u00e4fte der Berufsfeuerwehr zur Einsatzstelle. \u201eNoch w\u00e4hrend des Ausr\u00fcckens wurde die Alarmstufe erh\u00f6ht\u201c, berichtet die Feuerwehr. \u201eDaraufhin wurden weitere Kr\u00e4fte der Berufsfeuerwehr, der Freiwilligen Feuerwehr Schlebusch sowie des Rettungsdienstes zur Einsatzstelle entsandt.\u201c<\/p>\n<p class=\"richtext text-em-55 !leading-serif mx-6 desktop:mx-0\">Vor Ort stellten die Retter die Ursache f\u00fcr das Feuer fest: angebranntes <a href=\"https:\/\/rp-online.de\/thema\/essen\/\" rel=\"nofollow noopener\" target=\"_blank\">Essen<\/a>. Die Einsatzkr\u00e4fte holten eine Person aus der Wohnung, die nach einer medizinischen Untersuchung vor Ort vom Rettungsdienst ins Krankenhaus gebracht wurde. Der Brand konnte z\u00fcgig gel\u00f6scht werden. Die Feuerwehr bel\u00fcftete die R\u00e4ume und \u00fcbergab die Einsatzstelle dann an die <a href=\"https:\/\/rp-online.de\/thema\/polizei\/\" rel=\"nofollow noopener\" target=\"_blank\">Polizei<\/a>.<\/p>\n<p class=\"richtext text-em-55 !leading-serif mx-6 desktop:mx-0\">Insgesamt waren 24 Einsatzkr\u00e4fte der Feuerwehr und des Rettungsdienstes mit sechs Fahrzeugen vor Ort.<\/p>\n","protected":false},"excerpt":{"rendered":"Gegen 6.11\u00a0Uhr am Donnerstag gab ein piepsender Rauchmelder in einer Wohnung am Theodor-Heuss-Ring einfach keine Ruhe mehr. Zeugen&hellip;\n","protected":false},"author":2,"featured_media":1204014,"comment_status":"","ping_status":"","sticky":false,"template":"","format":"standard","meta":{"footnotes":"","_share_on_mastodon":"0"},"categories":[1834],"tags":[2775,2919,3364,29,9032,18470,3688,985,30,10020,1209,8816,3906,626],"class_list":["post-1204013","post","type-post","status-publish","format-standard","has-post-thumbnail","category-essen","tag-berufsfeuerwehr","tag-brand","tag-de","tag-deutschland","tag-einsatzkraefte","tag-einsatzstelle","tag-essen","tag-feuerwehr","tag-germany","tag-kraefte","tag-nordrhein-westfalen","tag-ort","tag-rettungsdienst","tag-wohnung"],"share_on_mastodon":{"url":"https:\/\/pubeurope.com\/@de\/117010406168881424","error":""},"_links":{"self":[{"href":"https:\/\/www.europesays.com\/de\/wp-json\/wp\/v2\/posts\/1204013","targetHints":{"allow":["GET"]}}],"collection":[{"href":"https:\/\/www.europesays.com\/de\/wp-json\/wp\/v2\/posts"}],"about":[{"href":"https:\/\/www.europesays.com\/de\/wp-json\/wp\/v2\/types\/post"}],"author":[{"embeddable":true,"href":"https:\/\/www.europesays.com\/de\/wp-json\/wp\/v2\/users\/2"}],"replies":[{"embeddable":true,"href":"https:\/\/www.europesays.com\/de\/wp-json\/wp\/v2\/comments?post=1204013"}],"version-history":[{"count":0,"href":"https:\/\/www.europesays.com\/de\/wp-json\/wp\/v2\/posts\/1204013\/revisions"}],"wp:featuredmedia":[{"embeddable":true,"href":"https:\/\/www.europesays.com\/de\/wp-json\/wp\/v2\/media\/1204014"}],"wp:attachment":[{"href":"https:\/\/www.europesays.com\/de\/wp-json\/wp\/v2\/media?parent=1204013"}],"wp:term":[{"taxonomy":"category","embeddable":true,"href":"https:\/\/www.europesays.com\/de\/wp-json\/wp\/v2\/categories?post=1204013"},{"taxonomy":"post_tag","embeddable":true,"href":"https:\/\/www.europesays.com\/de\/wp-json\/wp\/v2\/tags?post=1204013"}],"curies":[{"name":"wp","href":"https:\/\/api.w.org\/{rel}","templated":true}]}}