{"id":1204032,"date":"2026-07-30T18:54:21","date_gmt":"2026-07-30T18:54:21","guid":{"rendered":"https:\/\/www.europesays.com\/de\/1204032\/"},"modified":"2026-07-30T18:54:21","modified_gmt":"2026-07-30T18:54:21","slug":"guenthersburgpark-frankfurt-stadt-plant-142-millionen-erweiterung","status":"publish","type":"post","link":"https:\/\/www.europesays.com\/de\/1204032\/","title":{"rendered":"G\u00fcnthersburgpark Frankfurt: Stadt plant 14,2-Millionen-Erweiterung"},"content":{"rendered":"<p>Frankfurter Nordend <\/p>\n<p>Stadt plant Millionenprojekt f\u00fcr beliebten Park<\/p>\n<p>30.07.2026 &#8211; 18:57 UhrLesedauer: 2 Min.<\/p>\n<p><a href=\"#focus-0\" class=\"transition-colors block text-current relative\" data-sctrack=\"FocusGalleryImage.Reference\"><img fetchpriority=\"high\" data-testid=\"Opener.Image\"   loading=\"eager\" src=\"https:\/\/www.europesays.com\/de\/wp-content\/uploads\/2026\/07\/guenthersburgpark-08-052022-frankfurt-der-guenthersburgpark-soll-umgebaut-werden-frankfurt-frankfurt.jpeg\" alt=\"imago images 0385402920\" title=\"imago images 0385402920\" width=\"6048\" height=\"3402\" class=\"bg-[url:var(--lqipURL)] bg-cover bg-center flex h-full w-full max-w-full\" style=\"--lqipURL:url('https:\/\/images.t-online.de\/2026\/07\/PD5H9YKZzksu\/0x205:6048x3402\/fit-in\/150x0\/filters:blur(25)\/guenthersburgpark-08-052022-frankfurt-der-guenthersburgpark-soll-umgebaut-werden-frankfurt-frankfurt-hessen-germany-guenthersburgpark-08-05-2022-frankfurt-the-guenthersburgpark-is-to-be-rebuilt-frankfurt-frankfurt-hessen-germany.jpg')\" decoding=\"async\"\/><img loading=\"lazy\" src=\"https:\/\/frankfurt.t-online.de\/s\/paper\/_next\/static\/media\/zoom-in.f7dae02f.svg\" alt=\"Vergr\u00f6\u00dfern des Bildes\" title=\"Vergr\u00f6\u00dfern des Bildes\" class=\"block h-[calc(var(--height)_\/_16_*_1rem)] w-[calc(var(--width)_\/_16_*_1rem)] max-w-none absolute right-8 bottom-8 rounded-4 bg-snow p-8\" style=\"--width:32;--height:32\" decoding=\"async\"\/><\/a><\/p>\n<p>Die Skyline im Blick: Spazierg\u00e4nger im G\u00fcnthersburgpark in Frankfurt (Archivbild). Die Fl\u00e4che soll nun gro\u00dfz\u00fcgig erweitert werden. (Quelle: IMAGO\/imago)<\/p>\n<p><img loading=\"lazy\" src=\"https:\/\/frankfurt.t-online.de\/s\/paper\/_next\/static\/media\/audio-volume.6689034c.svg\" alt=\"\" title=\"\" class=\"block h-[calc(var(--height)_\/_16_*_1rem)] w-[calc(var(--width)_\/_16_*_1rem)] max-w-none group-hover:brightness-0 group-hover:invert\" style=\"--width:16;--height:16\" decoding=\"async\"\/>Vorlesen<\/p>\n<p>Aktuelle Zeit:0:00Gesamtdauer:0:00<\/p>\n<p>1x<\/p>\n<p class=\"text-center\">Jetzt neu bei t-online:<\/p>\n<p class=\"text-center\">Schriftgr\u00f6\u00dfe anpassen!<\/p>\n<p><img loading=\"lazy\" src=\"https:\/\/frankfurt.t-online.de\/s\/paper\/_next\/static\/media\/font-sizes.32942e33.svg\" alt=\"\" title=\"\" class=\"block h-[calc(var(--height)_\/_16_*_1rem)] w-[calc(var(--width)_\/_16_*_1rem)] max-w-none group-hover:hidden group-aria-expanded:hidden\" style=\"--width:16;--height:16\" decoding=\"async\"\/><img loading=\"lazy\" src=\"https:\/\/frankfurt.t-online.de\/s\/paper\/_next\/static\/media\/font-sizes-dark-mode.e382645c.svg\" alt=\"\" title=\"\" class=\"block h-[calc(var(--height)_\/_16_*_1rem)] w-[calc(var(--width)_\/_16_*_1rem)] max-w-none hidden group-hover:block group-aria-expanded:block\" style=\"--width:16;--height:16\" decoding=\"async\"\/><img loading=\"lazy\" src=\"https:\/\/frankfurt.t-online.de\/s\/paper\/_next\/static\/media\/sharing-menu-icon.1eb71368.svg\" alt=\"\" title=\"\" class=\"block h-[calc(var(--height)_\/_16_*_1rem)] w-[calc(var(--width)_\/_16_*_1rem)] max-w-none group-hover:brightness-0 group-hover:invert\" style=\"--width:16;--height:16\" decoding=\"async\"\/>Artikel teilen<\/p>\n<p class=\"font-bold text-18 leading-17 user-text-lg:text-22 user-text-xl:text-24\">Der G\u00fcnthersburgpark geh\u00f6rt zu den meistbesuchten Gr\u00fcnanlagen Frankfurts. Nun hat der Magistrat den Weg f\u00fcr eine Erweiterung freigemacht \u2013 der Baustart l\u00e4sst auf sich warten.<\/p>\n<p class=\"text-18 leading-17 user-text-lg:text-22 user-text-xl:text-24\">Der Frankfurter Magistrat hat die Bau- und Finanzierungsvorlage f\u00fcr eine Erweiterung des G\u00fcnthersburgparks im Nordend beschlossen. Das geht aus einer Mitteilung der Stadt Frankfurt vom Donnerstag, 30.7., hervor. Geplant ist, die Parkanlage ab Sommer 2027 in mehreren Bauabschnitten nach Norden auszubauen \u2013 die Gesamtkosten belaufen sich auf rund 14,2 Millionen Euro. Bevor die Bauplanung beginnen kann, muss noch die Stadtverordnetenversammlung zustimmen.<\/p>\n<p class=\"text-18 leading-17 user-text-lg:text-22 user-text-xl:text-24\">Die Abstimmung ist f\u00fcr den 27. August in der ersten Sitzung nach den hessischen Sommerferien angesetzt. Bei einem positiven Votum folgen Ausf\u00fchrungsplanung und Ausschreibung der Bauleistungen.<\/p>\n<p>Neues Areal auf dem ehemaligen Betriebshof<\/p>\n<p class=\"text-18 leading-17 user-text-lg:text-22 user-text-xl:text-24\">Das neue Areal entsteht auf dem Gel\u00e4nde des ehemaligen Betriebshofs des Gr\u00fcnfl\u00e4chenamts sowie auf angrenzenden st\u00e4dtischen Grundst\u00fccken. Der Betriebshof war 2015 aufgegeben worden, stand danach mehrere Jahre leer und wurde inzwischen vollst\u00e4ndig abgerissen.<\/p>\n<p class=\"text-18 leading-17 user-text-lg:text-22 user-text-xl:text-24\">Auf der neuen Fl\u00e4che sind zus\u00e4tzliche Wege, Sitzm\u00f6glichkeiten und Gr\u00fcnfl\u00e4chen vorgesehen. Im Nordosten soll ein gro\u00dfer Spielplatz entstehen, im Westen eine Fitnessanlage. Den n\u00f6rdlichen Abschluss bildet ein Aussichtspunkt mit Blick auf den Park und die Frankfurter Skyline.<\/p>\n<p class=\"text-18 leading-17 user-text-lg:text-22 user-text-xl:text-24\">Dezernentin f\u00fcr Klima, Umwelt und Frauen Tina Zapf-Rodr\u00edguez begr\u00fcndet das Vorhaben mit den Folgen des Klimawandels: &#8222;Dieser Extrem-Sommer zeigt uns erneut, wie dringend wir unsere Stadt auf die Folgen der Klimakrise vorbereiten m\u00fcssen: Gerade in dicht bebauten Stadtteilen brauchen wir mehr Gr\u00fcn und mehr Freir\u00e4ume.&#8220;<\/p>\n<p class=\"text-18 leading-17 user-text-lg:text-22 user-text-xl:text-24\">Die Pl\u00e4ne sind das Ergebnis eines langj\u00e4hrigen Beteiligungsprozesses mit den Bewohnern des Stadtteils. Kinder konnten dabei W\u00fcnsche und Ideen f\u00fcr den neuen Spielplatz einbringen. Auch der Ortsbeirat 3 war eingebunden und stimmte der Ma\u00dfnahme zu. Die Umsetzung in mehreren Bauabschnitten soll die Beeintr\u00e4chtigungen f\u00fcr Parkbesucher so gering wie m\u00f6glich halten.<\/p>\n","protected":false},"excerpt":{"rendered":"Frankfurter Nordend Stadt plant Millionenprojekt f\u00fcr beliebten Park 30.07.2026 &#8211; 18:57 UhrLesedauer: 2 Min. Die Skyline im Blick:&hellip;\n","protected":false},"author":2,"featured_media":1204033,"comment_status":"","ping_status":"","sticky":false,"template":"","format":"standard","meta":{"footnotes":"","_share_on_mastodon":"0"},"categories":[1829],"tags":[722,17161,16365,29,2050,2051,30,6648,2052,47182,27479,8825,8926],"class_list":["post-1204032","post","type-post","status-publish","format-standard","has-post-thumbnail","category-frankfurt-am-main","tag-722","tag-17161","tag-baustart","tag-deutschland","tag-frankfurt","tag-frankfurt-am-main","tag-germany","tag-gruenflaeche","tag-hessen","tag-millionenprojekt","tag-nordend","tag-parkanlage","tag-stadtentwicklung"],"share_on_mastodon":{"url":"https:\/\/pubeurope.com\/@de\/117010451223217272","error":""},"_links":{"self":[{"href":"https:\/\/www.europesays.com\/de\/wp-json\/wp\/v2\/posts\/1204032","targetHints":{"allow":["GET"]}}],"collection":[{"href":"https:\/\/www.europesays.com\/de\/wp-json\/wp\/v2\/posts"}],"about":[{"href":"https:\/\/www.europesays.com\/de\/wp-json\/wp\/v2\/types\/post"}],"author":[{"embeddable":true,"href":"https:\/\/www.europesays.com\/de\/wp-json\/wp\/v2\/users\/2"}],"replies":[{"embeddable":true,"href":"https:\/\/www.europesays.com\/de\/wp-json\/wp\/v2\/comments?post=1204032"}],"version-history":[{"count":0,"href":"https:\/\/www.europesays.com\/de\/wp-json\/wp\/v2\/posts\/1204032\/revisions"}],"wp:featuredmedia":[{"embeddable":true,"href":"https:\/\/www.europesays.com\/de\/wp-json\/wp\/v2\/media\/1204033"}],"wp:attachment":[{"href":"https:\/\/www.europesays.com\/de\/wp-json\/wp\/v2\/media?parent=1204032"}],"wp:term":[{"taxonomy":"category","embeddable":true,"href":"https:\/\/www.europesays.com\/de\/wp-json\/wp\/v2\/categories?post=1204032"},{"taxonomy":"post_tag","embeddable":true,"href":"https:\/\/www.europesays.com\/de\/wp-json\/wp\/v2\/tags?post=1204032"}],"curies":[{"name":"wp","href":"https:\/\/api.w.org\/{rel}","templated":true}]}}