{"id":1204163,"date":"2026-07-30T20:18:18","date_gmt":"2026-07-30T20:18:18","guid":{"rendered":"https:\/\/www.europesays.com\/de\/1204163\/"},"modified":"2026-07-30T20:18:18","modified_gmt":"2026-07-30T20:18:18","slug":"iga-radweg-eroeffnet-von-luenen-ueber-dortmund-bis-an-den-rhein","status":"publish","type":"post","link":"https:\/\/www.europesays.com\/de\/1204163\/","title":{"rendered":"IGA-Radweg er\u00f6ffnet: von L\u00fcnen \u00fcber Dortmund bis an den Rhein"},"content":{"rendered":"<p>\t\tVon L\u00fcnen \u00fcber Dortmund bis an den Rhein<br \/>\n\t\t\t\t\tDer IGA-Radweg ist er\u00f6ffnet \u2013 mit Einschr\u00e4nkungen<\/p>\n<p>\t\t<img alt=\"\" src=\"https:\/\/www.europesays.com\/de\/wp-content\/uploads\/2026\/07\/0036-1390493.High_.jpg\"  class=\"avatar avatar-36 photo avatar-default\" height=\"36\" width=\"36\" loading=\"eager\" decoding=\"async\"\/>\t\t<a class=\"article-author__name\" href=\"https:\/\/www.ruhrnachrichten.de\/author\/joshua-kipper\/\" rel=\"author nofollow noopener\" target=\"_blank\">Joshua Kipper<\/a><br \/>\n\t\tRedakteur<\/p>\n<p>    <a href=\"https:\/\/www.ruhrnachrichten.de\/wp-content\/uploads\/2026\/07\/30\/15\/630_0900_6606821_-1648x824.jpg\" rel=\"nofollow noopener\" target=\"_blank\"><\/p>\n<p>            <img decoding=\"async\" fetchpriority=\"high\" src=\"https:\/\/www.europesays.com\/de\/wp-content\/uploads\/2026\/07\/630_0900_6606818_-640x428.jpg\" width=\"640\" height=\"428\"  alt=\"In L\u00fcnen weist eine Fahrbahnmarkierung auf den IGA-Radweg vor einer modernen Br\u00fccke mit Radfahrenden hin. Die Aufnahme zeigt den neu er\u00f6ffneten Streckenabschnitt mit Blick auf die Br\u00fcckenkonstruktion und die begr\u00fcnte Umgebung.\"\/><\/p>\n<p>    <\/a><br \/>\n    Der IGA-Radweg wurde am 30.07.2026 unter anderem von B\u00fcrgermeisterin Martina F\u00f6rster-Teutenberg er\u00f6ffnet. \u00a9 Joshua Kipper<\/p>\n<p class=\"article__teaser-text\">Der neue IGA-Radweg verbindet auf 100 Kilometern Parks, Industriekultur und Natur im Ruhrgebiet. Doch nicht alle Abschnitte sind schon befahrbar.<\/p>\n<p>3 Min Lesezeit<\/p>\n<p>\u00dcber das IGA-Gel\u00e4nde geht es erst 2027Radweg soll dauerhaft bleiben<\/p>\n","protected":false},"excerpt":{"rendered":"Von L\u00fcnen \u00fcber Dortmund bis an den Rhein Der IGA-Radweg ist er\u00f6ffnet \u2013 mit Einschr\u00e4nkungen Joshua Kipper Redakteur&hellip;\n","protected":false},"author":2,"featured_media":1204164,"comment_status":"","ping_status":"","sticky":false,"template":"","format":"standard","meta":{"footnotes":"","_share_on_mastodon":"0"},"categories":[1833],"tags":[3364,29,217,2507,30,1209,5004],"class_list":["post-1204163","post","type-post","status-publish","format-standard","has-post-thumbnail","category-dortmund","tag-de","tag-deutschland","tag-dortmund","tag-freizeit","tag-germany","tag-nordrhein-westfalen","tag-staedtebau"],"share_on_mastodon":{"url":"https:\/\/pubeurope.com\/@de\/117010779890567787","error":""},"_links":{"self":[{"href":"https:\/\/www.europesays.com\/de\/wp-json\/wp\/v2\/posts\/1204163","targetHints":{"allow":["GET"]}}],"collection":[{"href":"https:\/\/www.europesays.com\/de\/wp-json\/wp\/v2\/posts"}],"about":[{"href":"https:\/\/www.europesays.com\/de\/wp-json\/wp\/v2\/types\/post"}],"author":[{"embeddable":true,"href":"https:\/\/www.europesays.com\/de\/wp-json\/wp\/v2\/users\/2"}],"replies":[{"embeddable":true,"href":"https:\/\/www.europesays.com\/de\/wp-json\/wp\/v2\/comments?post=1204163"}],"version-history":[{"count":0,"href":"https:\/\/www.europesays.com\/de\/wp-json\/wp\/v2\/posts\/1204163\/revisions"}],"wp:featuredmedia":[{"embeddable":true,"href":"https:\/\/www.europesays.com\/de\/wp-json\/wp\/v2\/media\/1204164"}],"wp:attachment":[{"href":"https:\/\/www.europesays.com\/de\/wp-json\/wp\/v2\/media?parent=1204163"}],"wp:term":[{"taxonomy":"category","embeddable":true,"href":"https:\/\/www.europesays.com\/de\/wp-json\/wp\/v2\/categories?post=1204163"},{"taxonomy":"post_tag","embeddable":true,"href":"https:\/\/www.europesays.com\/de\/wp-json\/wp\/v2\/tags?post=1204163"}],"curies":[{"name":"wp","href":"https:\/\/api.w.org\/{rel}","templated":true}]}}