{"id":1204174,"date":"2026-07-30T20:25:36","date_gmt":"2026-07-30T20:25:36","guid":{"rendered":"https:\/\/www.europesays.com\/de\/1204174\/"},"modified":"2026-07-30T20:25:36","modified_gmt":"2026-07-30T20:25:36","slug":"stuttgart-kupferkabel-diebe-fluechten-ueber-b14-16-jaehriger-festgenommen-nachrichten-aus-stuttgart","status":"publish","type":"post","link":"https:\/\/www.europesays.com\/de\/1204174\/","title":{"rendered":"Stuttgart: Kupferkabel-Diebe fl\u00fcchten \u00fcber B14 &#8211; 16-J\u00e4hriger festgenommen &#8211; Nachrichten aus Stuttgart"},"content":{"rendered":"<p><strong>Stuttgart.<\/strong> Polizeibeamte haben in der Nacht zum Mittwoch (29.07.) einen 16 Jahre alten Tatverd\u00e4chtigen festgenommen. Laut Polizei steht er im Verdacht, mit weiteren mutma\u00dflichen Komplizen Kupferkabel von einem Werksgel\u00e4nde an der Poststra\u00dfe in Stuttgart gestohlen zu haben.<\/p>\n<p> Die Beamten beobachteten gegen 00.35 Uhr, wie mehrere Tatverd\u00e4chtige das Kabel aus einem Schuppen auf einen Autoanh\u00e4nger luden. Als die Tatverd\u00e4chtigen die Beamten erkannten, fl\u00fcchteten sie mit<\/p>\n","protected":false},"excerpt":{"rendered":"Stuttgart. Polizeibeamte haben in der Nacht zum Mittwoch (29.07.) einen 16 Jahre alten Tatverd\u00e4chtigen festgenommen. Laut Polizei steht&hellip;\n","protected":false},"author":2,"featured_media":1204175,"comment_status":"","ping_status":"","sticky":false,"template":"","format":"standard","meta":{"footnotes":"","_share_on_mastodon":"0"},"categories":[1830],"tags":[13497,1634,3364,29,1686,30,91206,1441,190824],"class_list":["post-1204174","post","type-post","status-publish","format-standard","has-post-thumbnail","category-stuttgart","tag-b14","tag-baden-wuerttemberg","tag-de","tag-deutschland","tag-diebstahl","tag-germany","tag-kappelbergtunnel","tag-stuttgart","tag-un_kein-userneed"],"share_on_mastodon":{"url":"https:\/\/pubeurope.com\/@de\/117010807141059498","error":""},"_links":{"self":[{"href":"https:\/\/www.europesays.com\/de\/wp-json\/wp\/v2\/posts\/1204174","targetHints":{"allow":["GET"]}}],"collection":[{"href":"https:\/\/www.europesays.com\/de\/wp-json\/wp\/v2\/posts"}],"about":[{"href":"https:\/\/www.europesays.com\/de\/wp-json\/wp\/v2\/types\/post"}],"author":[{"embeddable":true,"href":"https:\/\/www.europesays.com\/de\/wp-json\/wp\/v2\/users\/2"}],"replies":[{"embeddable":true,"href":"https:\/\/www.europesays.com\/de\/wp-json\/wp\/v2\/comments?post=1204174"}],"version-history":[{"count":0,"href":"https:\/\/www.europesays.com\/de\/wp-json\/wp\/v2\/posts\/1204174\/revisions"}],"wp:featuredmedia":[{"embeddable":true,"href":"https:\/\/www.europesays.com\/de\/wp-json\/wp\/v2\/media\/1204175"}],"wp:attachment":[{"href":"https:\/\/www.europesays.com\/de\/wp-json\/wp\/v2\/media?parent=1204174"}],"wp:term":[{"taxonomy":"category","embeddable":true,"href":"https:\/\/www.europesays.com\/de\/wp-json\/wp\/v2\/categories?post=1204174"},{"taxonomy":"post_tag","embeddable":true,"href":"https:\/\/www.europesays.com\/de\/wp-json\/wp\/v2\/tags?post=1204174"}],"curies":[{"name":"wp","href":"https:\/\/api.w.org\/{rel}","templated":true}]}}