{"id":1204228,"date":"2026-07-30T20:58:18","date_gmt":"2026-07-30T20:58:18","guid":{"rendered":"https:\/\/www.europesays.com\/de\/1204228\/"},"modified":"2026-07-30T20:58:18","modified_gmt":"2026-07-30T20:58:18","slug":"mitten-in-der-tiefen-cdu-krise-soeder-fuehrt-wieder-einmal-merz-vor","status":"publish","type":"post","link":"https:\/\/www.europesays.com\/de\/1204228\/","title":{"rendered":"Mitten in der tiefen CDU-Krise: S\u00f6der f\u00fchrt wieder einmal Merz vor"},"content":{"rendered":"<p class=\"tspBJlm tspBJln\">Eben erst ist <a href=\"https:\/\/www.tagesspiegel.de\/politik\/es-ist-noch-nicht-alles-abgeraumt-kanzler-merz-entschuldigt-sich-und-will-seine-politik-besser-erklaren-15895607.html?icid=in-text-link_15895972\" class=\"link link--internal\" data-gtm-class=\"article-text-link\" data-gtm-val=\"internal\" rel=\"nofollow noopener\" target=\"_blank\">Friedrich Merz<\/a> ein Stein vom Herzen gefallen, doch ein wenig angespannt wirkt der Kanzler noch immer an diesem Mittwochabend im Berliner Jakob-Kaiser-Haus.<\/p>\n<p class=\"tspBJlm\">Zwei Stunden zuvor war das Ergebnis der Wahl seines Vetrauten Thorsten Frei zum CDU\/CSU-Fraktionschef bekannt geworden. <a href=\"https:\/\/www.tagesspiegel.de\/politik\/frei-fuhrt-unionsfraktion-disziplin-in-der-grossten-krise-der-cdu-15890302.html?icid=in-text-link_15895972\" class=\"link link--internal\" data-gtm-class=\"article-text-link\" data-gtm-val=\"internal\" rel=\"nofollow noopener\" target=\"_blank\">91,9 Prozent, und das trotz der Unruhe in der CDU,<\/a> der vielleicht gr\u00f6\u00dften Krise ihrer Geschichte. Merz d\u00fcrfte ein ganzer Felsbrocken vom Herzen gefallen sein.<\/p>\n<p class=\"tspBJlm\">Und dann steht da w\u00e4hrend dieser Pressekonferenz Markus S\u00f6der neben ihm, gut gelaunt, zu Spott und Spitzen aufgelegt.<\/p>\n<p><img decoding=\"async\" src=\"https:\/\/www.europesays.com\/de\/wp-content\/uploads\/2026\/07\/fraktionssitzung-der-cdu.jpeg\"   alt=\"29.07.2026, Berlin: Markus S\u00f6der (CSU), Ministerpr\u00e4sident von Bayern, spricht bei einer Pressekonferenz nach einer Sondersitzung der CDU\/CSU-Bundestagsfraktion zur Wahl des Fraktionsvorsitzenden. Foto: Michael Kappeler\/dpa +++ dpa-Bildfunk +++\" aria-labelledby=\"caption-15897679\" width=\"440\" height=\"330\" loading=\"lazy\" class=\"tspBMl2\"\/> Selbstbewusster Auftritt mit Spitzen gegen Merz: CSU-Chef Markus S\u00f6der. <\/p>\n<p class=\"tspAWil\"> \u00a9 dpa\/Michael Kappeler <\/p>\n<p class=\"tspBJlm\">Eben erst hat Merz selbstkritische T\u00f6ne anklingen lassen nach jener Fraktionssitzung, in der er erneut Vorw\u00fcrfe der eigenen Leute geh\u00f6rt hatte. Merz versprach eine bessere Kommunikation, es werde \u201emehr erkl\u00e4rt, mehr vermittelt\u201c werden, und gebe f\u00fcr all das \u201emehr Zeit\u201c.<\/p>\n<blockquote class=\"tspCCom\">\n<p>Es reicht noch nicht angesichts der Herausforderungen.<\/p>\n<\/blockquote>\n<p class=\"tspCCon\"><strong>Markus S\u00f6der<\/strong>, CSU-Chef,<strong> <\/strong>\u00fcber die Leistung der Bundesregierung<\/p>\n<p class=\"tspBJlm\">\u201eJa, meine sehr verehrten Damen und Herren, wir melden tats\u00e4chlich Vollzug nach einer turbulenten Woche\u201c, beginnt S\u00f6der. In den kommenden Minuten wird er zwei weitere Male das Wort \u201eturbulent\u201c w\u00e4hlen, um das Chaos infolge des <a href=\"https:\/\/www.tagesspiegel.de\/politik\/cdu-unter-friedrich-merz-abschied-von-der-kanzlerpartei-15887068.html?icid=in-text-link_15895972\" class=\"link link--internal\" data-gtm-class=\"article-text-link\" data-gtm-val=\"internal\" rel=\"nofollow noopener\" target=\"_blank\">R\u00fccktritts von Unionsfraktionschef Jens Spahn vor zwei Wochen<\/a> zu betonen. Auf das vom Kanzler gestartete Personalkarussell, das sich ja noch immer dreht, geht S\u00f6der ebenfalls ein.<\/p>\n<p class=\"tspBJlm\">Am Ende sei es ein guter Tag gewesen, sagt er. Aber: \u201eEs war nicht automatisch zu erwarten, denn solche gro\u00dfen Personalrochaden bedeuten ja immer, dass es viele Hoffnungen, manche Entt\u00e4uschungen gibt. Und der eine oder andere, der sich freut, der freut sich im Stillen, und wer sich vielleicht \u00e4rgert, will da andere teilhaben lassen.\u201c<\/p>\n<p class=\"tspBJlm\">Das \u201egro\u00dfe Ergebnis\u201c f\u00fcr \u201eden Thorsten\u201c ist f\u00fcr S\u00f6der ein \u201eSignal des Zusammenhalts\u201c, das R\u00fcckenwind und Handlungsf\u00e4higkeit zeige. Die CSU sei \u201evon Anfang an klar\u201c gewesen, habe \u201eversucht, Stabilit\u00e4t zu geben\u201c.<\/p>\n<p class=\"tspBJlm\">So hatte sich S\u00f6der schon zuvor bei der Klausur der CSU-Landesgruppe im fr\u00e4nkischen Kloster Banz ge\u00e4u\u00dfert. Hier also, ausgesprochen, der \u201eStabilit\u00e4tsanker CSU\u201c \u2013 dort, unausgesprochen, der Unsicherheitsfaktor CDU.<\/p>\n<blockquote class=\"tspCCom\">\n<p>Das sch\u00f6ne Leben im Kanzleramt ist vorbei. Jetzt beginnt die K\u00e4rrnerarbeit in der Fraktion am Ende einer turbulenten Woche.<\/p>\n<\/blockquote>\n<p class=\"tspCCon\"><strong>Markus S\u00f6der<\/strong>, CSU-Chef, gewandt an den neuen Unionsfraktionschef Thorsten Frei<\/p>\n<p class=\"tspBJlm\">Die Bundesregierung mag S\u00f6der auch noch etwas unter Druck setzen, kurz bevor der Kanzler in die Ferien geht. Alle treibe \u201edie tiefe Sorge\u201c um, wie es im Land weitergehe. \u201eJedem muss klar sein\u201c, sagt S\u00f6der, auch wenn die Bundesregierung schneller handele als viele Regierungen vor ihr: \u201eEs reicht noch nicht angesichts der Herausforderungen\u201c. Der Kanzler kann nicht anders, als diesen Ratschlag, der mehr Schlag als Rat ist, mit einem knappen \u201eJa\u201c zu kommentieren.<\/p>\n<p class=\"tspBJlm\">F\u00fcr Fraktionschef Frei, mit dem er weniger vertraut ist als mit Spahn, hat S\u00f6der auch noch einen s\u00fcffisant-ironischen Hinweis parat: \u201eDas sch\u00f6ne Leben im Kanzleramt ist vorbei. Jetzt beginnt die K\u00e4rrnerarbeit in der Fraktion am Ende einer turbulenten Woche.\u201c Nein, nicht \u201eEnde gut, alles gut\u201c, sagt S\u00f6der noch, \u201edas w\u00e4re v\u00f6llig \u00fcbertrieben.\u201c<\/p>\n<blockquote class=\"tspCCom\">\n<p>Ich glaube, dass der Weg von Jens Spahn noch nicht beendet ist.<\/p>\n<\/blockquote>\n<p class=\"tspCCon\"><strong>Markus S\u00f6der<\/strong>, CSU-Chef<\/p>\n<p class=\"tspBJlm\">Sodann erinnert S\u00f6der an die <a href=\"https:\/\/www.tagesspiegel.de\/politik\/christlich-demokratischer-unmut-uber-den-kanzler-bricht-eine-parteiinterne-wut-welle-herein-15888452.html?icid=in-text-link_15895972\" class=\"link link--internal\" data-gtm-class=\"article-text-link\" data-gtm-val=\"internal\" rel=\"nofollow noopener\" target=\"_blank\">Verletzungen durch das Personalchaos in der CDU<\/a>. An der einen oder anderen Stelle habe es \u201esicher Ver\u00e4rgerung\u201c gegeben, was die letzten Tage \u201edominiert\u201c habe. S\u00f6der lobt das neue CDU-Team als \u201ePers\u00f6nlichkeiten mit anderen Stilen, mit anderen Akzenten\u201c. Das sei, sagt er g\u00f6nnerhaft, ein gutes Team, \u201ezum Teil auch deutlich verst\u00e4rkt\u201c. Zum Teil.<\/p>\n<p class=\"tspBJlm\">Am Ende k\u00fcndigt S\u00f6der \u201enoch einen Satz zu Jens Spahn\u201c an. Er sagt voraus: \u201eIch glaube, dass der Weg von Jens Spahn noch nicht beendet ist. Denn jemand mit solchen Talenten und solcher politischer Kraft wird sicher wieder eine f\u00fchrende Rolle \u00fcbernehmen.\u201c Eine Provokation f\u00fcr Merz, der \u00fcber den R\u00fcckzug Spahns erleichtert ist, wie jeder wei\u00df.<\/p>\n<p class=\"tspBJlm\">Der Kanzler will die Pressekonferenz beenden, ruft ein entschlossenes \u201eGut! So!\u201c Die Sprecherin aber l\u00e4sst noch eine letzte Frage zu. Kommentar S\u00f6der, am\u00fcsiert und grinsend: \u201eIch glaube, er wollte es beenden gerade.\u201c<\/p>\n<p> Auch in der CSU brodelt es <\/p>\n<p class=\"tspBJlm\">S\u00f6der gibt sich strotzend vor Selbstbewusstsein, was indes nicht seiner eigenen Stellung entspricht.<\/p>\n<p class=\"tspBJlm\">In der CSU g\u00e4rt es ebenfalls, wenn auch l\u00e4ngst nicht so stark wie in der CDU. Die bayerischen Kommunalwahlen waren ein Debakel, rechts von der CSU liegen AfD und Freie W\u00e4hler in der j\u00fcngsten Umfrage bei knapp 30 Prozent.<\/p>\n<p>Mehr zur Krise der CDU<a href=\"https:\/\/www.tagesspiegel.de\/politik\/cdu-unter-friedrich-merz-abschied-von-der-kanzlerpartei-15887068.html?icid=topic-list_15895972___\" data-gtm-class=\"article-mzt-link\" data-hydrate-fingerprint=\"09740a54944caac75fd2c0c63fd5c5df\" data-hydrate-props=\"{&amp;escapedquot;element&amp;escapedquot;:{&amp;escapedquot;type&amp;escapedquot;:&amp;escapedquot;relatedContent&amp;escapedquot;,&amp;escapedquot;fieldMap&amp;escapedquot;:{},&amp;escapedquot;relation&amp;escapedquot;:{&amp;escapedquot;fields&amp;escapedquot;:{&amp;escapedquot;isPaid&amp;escapedquot;:null},&amp;escapedquot;href&amp;escapedquot;:&amp;escapedquot;\/politik\/cdu-unter-friedrich-merz-abschied-von-der-kanzlerpartei-15887068.html&amp;escapedquot;,&amp;escapedquot;teaserTitle&amp;escapedquot;:{&amp;escapedquot;kicker&amp;escapedquot;:&amp;escapedquot;CDU unter Merz&amp;escapedquot;,&amp;escapedquot;headline&amp;escapedquot;:&amp;escapedquot;Der schleichende Abschied von der Kanzlerpartei&amp;escapedquot;},&amp;escapedquot;id&amp;escapedquot;:&amp;escapedquot;15887068&amp;escapedquot;,&amp;escapedquot;type&amp;escapedquot;:&amp;escapedquot;story&amp;escapedquot;},&amp;escapedquot;isPartOfList&amp;escapedquot;:true,&amp;escapedquot;topicListType&amp;escapedquot;:&amp;escapedquot;topic-list&amp;escapedquot;},&amp;escapedquot;showArrow&amp;escapedquot;:true}\" data-hydrate-slots=\"{&#039;default&#039;:[]}\" class=\"tspC6q9 tspC5q7\" rel=\"nofollow noopener\" target=\"_blank\">CDU unter Merz Der schleichende Abschied von der Kanzlerpartei <\/a><a href=\"https:\/\/www.tagesspiegel.de\/politik\/sommergipfel-der-unionsfraktion-merz-afd-eingestandnis-soders-spahn-versprechen-und-eine-uberraschend-klare-wahl-15890277.html?icid=topic-list_15895972___\" data-gtm-class=\"article-mzt-link\" data-hydrate-fingerprint=\"09740a54944caac75fd2c0c63fd5c5df\" data-hydrate-props=\"{&amp;escapedquot;element&amp;escapedquot;:{&amp;escapedquot;type&amp;escapedquot;:&amp;escapedquot;relatedContent&amp;escapedquot;,&amp;escapedquot;fieldMap&amp;escapedquot;:{},&amp;escapedquot;relation&amp;escapedquot;:{&amp;escapedquot;fields&amp;escapedquot;:{&amp;escapedquot;isPaid&amp;escapedquot;:true},&amp;escapedquot;href&amp;escapedquot;:&amp;escapedquot;\/politik\/sommergipfel-der-unionsfraktion-merz-afd-eingestandnis-soders-spahn-versprechen-und-eine-uberraschend-klare-wahl-15890277.html&amp;escapedquot;,&amp;escapedquot;teaserTitle&amp;escapedquot;:{&amp;escapedquot;kicker&amp;escapedquot;:&amp;escapedquot;Sommergipfel der Unionsfraktion&amp;escapedquot;,&amp;escapedquot;headline&amp;escapedquot;:&amp;escapedquot;Merz\u2019 AfD-Eingest\u00e4ndnis, S\u00f6ders Spahn-Versprechen und das Problem mit dem Bauchgef\u00fchl&amp;escapedquot;},&amp;escapedquot;id&amp;escapedquot;:&amp;escapedquot;15890277&amp;escapedquot;,&amp;escapedquot;type&amp;escapedquot;:&amp;escapedquot;story&amp;escapedquot;},&amp;escapedquot;isPartOfList&amp;escapedquot;:true,&amp;escapedquot;topicListType&amp;escapedquot;:&amp;escapedquot;topic-list&amp;escapedquot;},&amp;escapedquot;showArrow&amp;escapedquot;:true}\" data-hydrate-slots=\"{&#039;default&#039;:[]}\" class=\"tspC6q9 tspC5q7\" rel=\"nofollow noopener\" target=\"_blank\">Sommergipfel der Unionsfraktion Merz\u2019 AfD-Eingest\u00e4ndnis, S\u00f6ders Spahn-Versprechen und das Problem mit dem Bauchgef\u00fchl <\/a><a href=\"https:\/\/www.tagesspiegel.de\/politik\/christlich-demokratischer-unmut-uber-den-kanzler-bricht-eine-parteiinterne-wut-welle-herein-15888452.html?icid=topic-list_15895972___\" data-gtm-class=\"article-mzt-link\" data-hydrate-fingerprint=\"09740a54944caac75fd2c0c63fd5c5df\" data-hydrate-props=\"{&amp;escapedquot;element&amp;escapedquot;:{&amp;escapedquot;type&amp;escapedquot;:&amp;escapedquot;relatedContent&amp;escapedquot;,&amp;escapedquot;fieldMap&amp;escapedquot;:{},&amp;escapedquot;relation&amp;escapedquot;:{&amp;escapedquot;fields&amp;escapedquot;:{&amp;escapedquot;isPaid&amp;escapedquot;:true},&amp;escapedquot;href&amp;escapedquot;:&amp;escapedquot;\/politik\/christlich-demokratischer-unmut-uber-den-kanzler-bricht-eine-parteiinterne-wut-welle-herein-15888452.html&amp;escapedquot;,&amp;escapedquot;teaserTitle&amp;escapedquot;:{&amp;escapedquot;kicker&amp;escapedquot;:&amp;escapedquot;Christlich Demokratischer Unmut&amp;escapedquot;,&amp;escapedquot;headline&amp;escapedquot;:&amp;escapedquot;\u00dcber den Kanzler bricht eine parteiinterne Wutwelle herein&amp;escapedquot;},&amp;escapedquot;id&amp;escapedquot;:&amp;escapedquot;15888452&amp;escapedquot;,&amp;escapedquot;type&amp;escapedquot;:&amp;escapedquot;story&amp;escapedquot;},&amp;escapedquot;isPartOfList&amp;escapedquot;:true,&amp;escapedquot;topicListType&amp;escapedquot;:&amp;escapedquot;topic-list&amp;escapedquot;},&amp;escapedquot;showArrow&amp;escapedquot;:true}\" data-hydrate-slots=\"{&#039;default&#039;:[]}\" class=\"tspC6q9 tspC5q7\" rel=\"nofollow noopener\" target=\"_blank\">Christlich Demokratischer Unmut \u00dcber den Kanzler bricht eine parteiinterne Wutwelle herein <\/a><\/p>\n<p class=\"tspBJlm\">In seinem \u201ePfingstbrief\u201c griff EVP-Fraktionschef Manfred Weber S\u00f6der an. Er w\u00fcrde wohl S\u00f6der gern als Ministerpr\u00e4sident beerben; ihm fehlen aber Truppen.<\/p>\n<p class=\"tspBJlm\">S\u00f6ders Vorteil: Niemand mit Siegeschancen s\u00e4gt an seinem Stuhl. Mehrfach schon hat er <a href=\"https:\/\/www.tagesspiegel.de\/politik\/erfahren-nahbar-volkstumlich-ilse-aigner-ware-eine-gute-bundesprasidentin-15517761.html?icid=in-text-link_15895972\" class=\"link link--internal\" data-gtm-class=\"article-text-link\" data-gtm-val=\"internal\" rel=\"nofollow noopener\" target=\"_blank\">die beliebte Landtagspr\u00e4sidentin Ilse Aigner, die einzige echte Konkurrenz,<\/a> als Bundespr\u00e4sidentin empfohlen. Auch damit setzt er Merz unter Zugzwang.<\/p>\n","protected":false},"excerpt":{"rendered":"Eben erst ist Friedrich Merz ein Stein vom Herzen gefallen, doch ein wenig angespannt wirkt der Kanzler noch&hellip;\n","protected":false},"author":2,"featured_media":1204229,"comment_status":"","ping_status":"","sticky":false,"template":"","format":"standard","meta":{"footnotes":"","_share_on_mastodon":"0"},"categories":[2],"tags":[1173,31,774,29,775,30,137414,13,15785,771,14,15,12,1533,10,8,9,11],"class_list":["post-1204228","post","type-post","status-publish","format-standard","has-post-thumbnail","category-deutschland","tag-bundesregierung","tag-cdu","tag-csu","tag-deutschland","tag-friedrich-merz","tag-germany","tag-hauptstadtbuero","tag-headlines","tag-jens-spahn","tag-markus-soeder","tag-nachrichten","tag-news","tag-schlagzeilen","tag-thorsten-frei","tag-top-news","tag-top-meldungen","tag-topmeldungen","tag-topnews"],"share_on_mastodon":{"url":"https:\/\/pubeurope.com\/@de\/117010937212443611","error":""},"_links":{"self":[{"href":"https:\/\/www.europesays.com\/de\/wp-json\/wp\/v2\/posts\/1204228","targetHints":{"allow":["GET"]}}],"collection":[{"href":"https:\/\/www.europesays.com\/de\/wp-json\/wp\/v2\/posts"}],"about":[{"href":"https:\/\/www.europesays.com\/de\/wp-json\/wp\/v2\/types\/post"}],"author":[{"embeddable":true,"href":"https:\/\/www.europesays.com\/de\/wp-json\/wp\/v2\/users\/2"}],"replies":[{"embeddable":true,"href":"https:\/\/www.europesays.com\/de\/wp-json\/wp\/v2\/comments?post=1204228"}],"version-history":[{"count":0,"href":"https:\/\/www.europesays.com\/de\/wp-json\/wp\/v2\/posts\/1204228\/revisions"}],"wp:featuredmedia":[{"embeddable":true,"href":"https:\/\/www.europesays.com\/de\/wp-json\/wp\/v2\/media\/1204229"}],"wp:attachment":[{"href":"https:\/\/www.europesays.com\/de\/wp-json\/wp\/v2\/media?parent=1204228"}],"wp:term":[{"taxonomy":"category","embeddable":true,"href":"https:\/\/www.europesays.com\/de\/wp-json\/wp\/v2\/categories?post=1204228"},{"taxonomy":"post_tag","embeddable":true,"href":"https:\/\/www.europesays.com\/de\/wp-json\/wp\/v2\/tags?post=1204228"}],"curies":[{"name":"wp","href":"https:\/\/api.w.org\/{rel}","templated":true}]}}