{"id":1204272,"date":"2026-07-30T21:24:29","date_gmt":"2026-07-30T21:24:29","guid":{"rendered":"https:\/\/www.europesays.com\/de\/1204272\/"},"modified":"2026-07-30T21:24:29","modified_gmt":"2026-07-30T21:24:29","slug":"ukraine-news-mutmasslich-russischer-marschflugkoerper-in-polens-luftraum-alarmiert-nato","status":"publish","type":"post","link":"https:\/\/www.europesays.com\/de\/1204272\/","title":{"rendered":"Ukraine-News: Mutma\u00dflich russischer Marschflugk\u00f6rper in Polens Luftraum alarmiert Nato"},"content":{"rendered":"<p>\n                <strong>Video:<\/strong><br \/>\n                Mutma\u00dflich russischer Marschflugk\u00f6rper im polnischen Luftraum gesichtet (1 Min)\n            <\/p>\n<p class=\"topline\">Ukraine-News<\/p>\n<p class=\"author\">von MDR AKTUELL<\/p>\n<p>\n                Stand: 30.07.2026 22:38 Uhr<\/p>\n<p>\n        22:08 Uhr\n    <\/p>\n<p>    Blockade ukrainischer H\u00e4fen stoppt Eisenerz-Exporte<\/p>\n<p class=\"\">Wichtige Eisenerz-Exporteure der Ukraine m\u00fcssen wegen der Blockade der Schwarzmeerh\u00e4fen den Betrieb einschr\u00e4nken. Der Chef des Bergbaukombinats Poltawa k\u00fcndigte im Parlament einen F\u00f6rderstopp von 10 bis 20 Tagen an. Drei von vier Schiffen mit Eisenerzkonzentrat k\u00f6nnten nicht auslaufen. Eins der Schiffe sei von einer russischen Drohne besch\u00e4digt worden. Auch das Bergbaukombinat von Krywyj Rih hat die Eisenerzf\u00f6rderung eingeschr\u00e4nkt. Derzeit wagen ausl\u00e4ndische Schiffe es nicht, Odessa und andere Schwarzmee-H\u00e4fen anzulaufen. Russland hatte seine Angriffe auf die ukrainischen Schwarzmee-H\u00e4fen verst\u00e4rkt, nachdem die Ukraine den russischen Schiffsverkehr im Asowschen Meer angegriffen hatte. (Quelle: dpa)<\/p>\n<p>\n        21:47 Uhr\n    <\/p>\n<p>    Moskauer Mayo-Milliard\u00e4r soll beim Drohnen-Bau betrogen haben<\/p>\n<p class=\"\">Wegen Betrugsverdachts beim Drohnenbau hat die russische Justiz Medienberichten zufolge den Milliard\u00e4r Jewgeni Kustow sowie den Generaldirektor seines Lebensmittelkonzerns Efko in Gewahrsam genommen worden, berichtete das Internetportal RBK. Die Vorw\u00fcrfe drehen sich laut dem Portal &#8222;Agentstwo&#8220; um einen Staatsauftrag zum Bau der schweren Transportdrohne C-80, mit der das russische Milit\u00e4r Front-Soldaten versorgt. An der Drohne gibt es scharfe Kritik der Armee. Verteidigungsminister Andrej Beloussow sagte gegen\u00fcber Pr\u00e4sident Wladimir Putin, die Drohne m\u00fcsse \u00fcberarbeitet werden. Mehrere hohe Beamte sitzen bereits in Untersuchungshaft. Kustow verf\u00fcgt laut &#8222;Forbes&#8220; \u00fcber ein Verm\u00f6gen von umgerechnet etwa einer Milliarde Euro. Sein Kapital hat er mit dem Lebensmittelkonzern Efko gemacht, der in Russland vor allem f\u00fcr seine Mayonnaise bekannt ist. (Quelle: dpa)<\/p>\n<p>\n        18:42 Uhr\n    <\/p>\n<p>    Merz wirft Russland wegen Einschlag in Polen &#8222;Eskalationsbereitschaft&#8220; vor<\/p>\n<p class=\"\">Bundeskanzler Friedrich Merz hat wegen des wahrscheinlichen Einschlags eines russischen Marschflugk\u00f6rpers in Polen im Zuge massiver Luftangriffe auf die Ukraine Russland Eskalationsbereitschaft vorgeworfen. Der CDU-Chef schrieb auf X: &#8222;Der Einschlag in Polen zeugt auch von russischer R\u00fccksichtslosigkeit und Eskalationsbereitschaft.&#8220; Der Kanzler versicherte, dass Deutschland &#8222;unverbr\u00fcchlich&#8220; an der Seite seiner Partner stehe. Bei neuen russischen Angriffen auf die Ukraine war im benachbarten Polen ein Objekt eingeschlagen, bei dem es sich nach Angaben von Polens Ministerpr\u00e4sident Donald Tusk wahrscheinlich um einen russischen Marschflugk\u00f6rper handelte. (Quelle: AFP)<\/p>\n<p>\n        17:13 Uhr\n    <\/p>\n<p>    Mutma\u00dflich russischer Marschflugk\u00f6rper in Polens Luftraum alarmiert Nato<\/p>\n<p class=\"\">Das Eindringen eines wahrscheinlichen russischen Marschflugk\u00f6rpers in den polnischen Luftraum hat auch die Nato alarmiert. Generalsekret\u00e4r Mark Rutte teilte nach einem Gespr\u00e4ch mit dem polnischen Ministerpr\u00e4sidenten Donald Tusk mit, das B\u00fcndnis stehe in Solidarit\u00e4t mit Polen und werde die Verteidigungsbereitschaft weiter st\u00e4rken. Der Vorfall sei ein weiterer r\u00fccksichtsloser Akt Russlands und eine gef\u00e4hrliche Folge des Krieges gegen die Ukraine. Nach Angaben eines Nato-Sprechers hatten Polen und die Nato als Reaktion auf das Eindringen des Marschflugk\u00f6rpers Luft- und Bodenverteidigungsf\u00e4higkeiten aktiviert. So seien zwei polnische F-16, ein Nato-Tankflugzeug und ein polnisches Saab-340-Fr\u00fchwarnflugzeug eingesetzt worden. (Quelle: dpa)<\/p>\n<p>\n        16:31 Uhr\n    <\/p>\n<p>    EU erschwert ukrainischen M\u00e4nnern Flucht vor dem Krieg<\/p>\n<p class=\"\">Die EU erschwert ukrainischen M\u00e4nnern die Flucht vor dem Krieg. Wie ein EU-Sprecher nach dem Beschluss der Mitgliedstaaten sagte, werden wehrf\u00e4hige Ukrainer in der EU k\u00fcnftig nicht mehr von vereinfachten Aufnahmeregeln profitieren. Demnach sollen diese nur noch f\u00fcr ukrainische M\u00e4nner gelten, die ihren Wehrdienst geleistet haben oder freigestellt sind. Die neuen Regeln sollen nur bei M\u00e4nnern Anwendung finden, die neu in die EU kommen. Wer bereits einen Schutzstatus besitzt, verliert diesen nicht.<\/p>\n<p class=\"\">Die Ukraine mobilisiert nach eigenen Angaben monatlich 34.000 Soldaten. Die hohen Verluste durch Desertion, Tod oder Verwundung kann sie damit aber nicht ausgleichen. Laut Kiewer Verteidigungsministerium wird nach mehr als zwei Millionen Wehrpflichtigen gefahndet. (Quelle: dpa)<\/p>\n<p>\n        14:15 Uhr\n    <\/p>\n<p>    T\u00fcrkei stationiert f\u00fcnf F-16-Kampfjets in Estland<\/p>\n<p class=\"\">Die T\u00fcrkei hat im Rahmen einer Nato-Mission f\u00fcnf Kampfjets vom Typ F-16 in Estland stationiert. Die t\u00fcrkischen Jets sollen bis Ende November auf dem Luftwaffenst\u00fctzpunkt Amari in dem baltischen Staat bleiben, wie das Verteidigungsministerium in Ankara am Donnerstag mitteilte. Die T\u00fcrkei \u00fcbernimmt die Mission demnach zum 1. August von Portugal. Das Ministerium erkl\u00e4rte, &#8222;unsere Einheiten werden w\u00e4hrend dieser Mission zur Sicherheit des baltischen Luftraums beitragen, im Rahmen der gemeinsamen Aktivit\u00e4ten der Luftverteidigung der Nato&#8220;.<\/p>\n<p class=\"\">In den baltischen Staaten Estland, Lettland und Litauen dringen seit Beginn des russischen Angriffskriegs gegen die Ukraine immer wieder Drohnen in den Luftraum ein. Die Nato hat im Zuge des Krieges ihre Pr\u00e4senz an der Grenze zu Russland verst\u00e4rkt. (Quelle: AFP)<\/p>\n<p>\n        13:54 Uhr\n    <\/p>\n<p>    Ukraine: Terminal f\u00fcr Sonnenblumen\u00f6l in Taman beschossen<\/p>\n<p class=\"\">Die Ukraine hat Insidern zufolge auch das Export-Terminal f\u00fcr Sonnenblumen\u00f6l im Hafen Taman angegriffen. Das verlautet aus Agrarmarkt-Kreisen. Die Anlage geh\u00f6rt Efko, einem der f\u00fchrenden russischen Agrar- und Lebensmittelverarbeitungskonzerne. Einem der insgesamt drei Insider zufolge ist der Schaden nicht gro\u00df. Efko lehnt eine Stellungnahme ab. Zuvor gab es Informationen \u00fcber einen Angriff auf das Getreide-Terminal in Taman, bei dem es einem Insider zufolge zu erheblichen Sch\u00e4den kam. Die russische Staatsanwaltschaft teilt mit, dass das ukrainische Milit\u00e4r mit Drohnen den Hafen Taman angegriffen hat. Er liegt an der Stra\u00dfe von Kertsch zwischen dem Schwarzen und dem Asowschen Meer. (Quelle: Reuters)<\/p>\n<p>\n        13:30 Uhr\n    <\/p>\n<p>    Update: Flugobjekt war wohl russische Rakete<\/p>\n<p class=\"\">Bei dem im Osten Polens niedergegangenen Flugobjekt handelt sich dem polnischen Ministerpr\u00e4sidenten Donald Tusk zufolge offenbar um eine russische Rakete. &#8222;Alles deutet darauf hin, dass es sich um eine russische ballistische Rakete vom Typ CH-101 handelte&#8220;, sagt Tusk. &#8222;Aber wir wollen hundertprozentig sicher sein, um welchen Raketentyp es sich handelt und wer sie abgefeuert hat.&#8220; Tusk betonte: &#8222;Wir waren bereit, sie abzuschie\u00dfen, h\u00e4tte sie ihren Flug fortgesetzt.&#8220;<\/p>\n<p class=\"\">Der polnische General Ireneusz Nowak sagte, bereits vor Mitternacht habe die polnische Luftwaffe Anzeichen f\u00fcr einen bevorstehenden russischen Angriff auf die Ukraine bemerkt. Das polnische Fernsehen zeigte Bilder von einem riesigen Krater in einem Feld, Anwohner berichteten von einem lauten Knall. Verletzt wurde niemand. In dem EU- und Nato-Staat Polen sind bereits fr\u00fcher Drohnen niedergegangen. Eine Stellungnahme aus Russland lag zun\u00e4chst nicht vor. (Quelle: dpa)<\/p>\n<p>\n            <strong>Video:<\/strong><br \/>\n            Unbekanntes Flugobjekt st\u00fcrzt nahe Lublin ab (1 Min)\n        <\/p>\n<p>\n        11:49 Uhr\n    <\/p>\n<p>    Ukraine: Vier russische Tanker angegriffen<\/p>\n<p class=\"\">Das ukrainische Milit\u00e4r hat nach eigenen Angaben vier russische Tanker im Schwarzen und im Asowschen Meer angegriffen. Die Tanker seien getroffen worden, teilt der Kommandeur der Drohnen-Einheiten, Robert Browdi, auf Telegram mit. In den vergangenen drei Wochen seien insgesamt 205 Tanker getroffen wurden \u2013 130 im Asowschen und 75 im Schwarzen Meer. Das Asowsche Meer ist ein Seitenmeer des Schwarzen Meeres und mit diesem \u00fcber die Stra\u00dfe von Kertsch verbunden. (Quelle: Reuters)<\/p>\n<p>\n        10:15 Uhr\n    <\/p>\n<p>    Update: Flugobjekt in Polen abgest\u00fcrzt \u2013 Tusk an Absturzstelle<\/p>\n<p class=\"\">Nach der Sichtung und dem Absturz eines Flugobjektes in Polen teilte das Oberkommando der polnischen Streitkr\u00e4fte mit, dass der mutma\u00dfliche Einschlagsort auf unbewohntem Gebiet befand. Polens Regierungschef Donald Tusk begab sich auf den Weg zur Absturzstelle. Nach Angaben des Oberkommandos war das Objekt gegen 3:40 im Luftraum entdeckt worden. Ein F-16 Kampjet war daraufhin aufgestiegen, das Flugobjekt sei danach vom Radar verschwunden. In der Stadt Tarnawa-Kolonia im Osten des Landes wurde in den fr\u00fchen Morgenstunden Luftalarm ausgel\u00f6st.<\/p>\n<p class=\"\">Die F\u00fchrung in Kiew sah die Verantwortung f\u00fcr den Vorfall bei Russland. &#8222;\u00dcber Nacht ist w\u00e4hrend eines massiven russischen Angriffs auf die Ukraine ein russischer Marschflugk\u00f6rper vom Typ CH-101 in Polen eingedrungen und hat den Luftraum der Nato verletzt&#8220;, schrieb der ukrainische Au\u00dfenminister Andrij Sybiha auf X. Dies sei ein weiterer Beweis daf\u00fcr, dass die Luftabwehr der Ukraine dringend gest\u00e4rkt werden m\u00fcsse, auch um die Nato-L\u00e4nder zu sch\u00fctzen. (Quelle: dpa)<\/p>\n<p>\n        09:45 Uhr\n    <\/p>\n<p>    Betrieb nach Drohnenangriff im russischen Krasnodar in Brand<\/p>\n<p class=\"\">In der s\u00fcdrussischen Oblast Krasnodar ist nach Angaben der dortigen Beh\u00f6rden ein Unternehmen nach einem Drohnenangriff in Brand geraten. Tr\u00fcmmerteile einer ukrainischen Drohne seien auf den Betrieb im Dorf Wolna herabgest\u00fcrzt. Um welches Unternehmen es sich handelt, lassen die Beh\u00f6rden offen. (Quelle: Reuters)<\/p>\n<p>\n        07:49 Uhr\n    <\/p>\n<p>    Polen: Flugobjekt im polnischen Luftraum gesichtet<\/p>\n<p class=\"\">Im polnischen Luftraum ist nach Armeeangaben in der Nacht ein unbekanntes Objekt entdeckt worden, das Richtung Westen geflogen ist. Das operative Kommando der polnischen Streitkr\u00e4fte teilte auf der Online-Plattform X mit, sp\u00e4ter sei die mutma\u00dfliche Absturzstelle des Objekts in der N\u00e4he des Dorfes Tarnawa-Kolonia in der Woiwodschaft Lublin gefunden worden. Zuvor hatte Polen wegen massiver russischer Angriffe auf die Ukraine Kampfflugzeuge aufsteigen lassen. Polen ist Mitglied der Nato sowie der Europ\u00e4ischen Gemeinschaft und grenzt an den Westen der Ukraine. (Quelle: Reuters)<\/p>\n<p>\n        07:30 Uhr\n    <\/p>\n<p>    Russland best\u00e4tigt Angriffe auf Ukraine und wehrt ukrainische Drohnen ab<\/p>\n<p class=\"\">Das russische Verteidigungsministerium hat die n\u00e4chtlichen Luftangriffe auf Ziele in der gesamten Ukraine best\u00e4tigt. Das Ministerium teilte mit, es seien etwa die St\u00e4dte Kiew, Lwiw und Dnipropetrowsk attackiert worden. Ziel seien milit\u00e4rische Einrichtungen gewesen. Auch drei Frachtschiffe seien in der N\u00e4he der Hafenstadt Odessa beschossen worden, die Waffen und milit\u00e4rische Ausr\u00fcstung transportiert h\u00e4tten.<\/p>\n<p class=\"\">Umgekehrt nimmt das ukrainische Milit\u00e4r auch Ziele in Russland ins Visier, um den Krieg weiter in das Land des Angreifers zu tragen. Das russische Verteidigungsministerium meldete am Morgen den Abschuss von 258 ukrainischen Drohnen; die Flugabwehr sei in der Nacht in zahlreichen Regionen des Landes im Einsatz gewesen seien. (Quelle: dpa, Reuters)<\/p>\n<p>\n            <strong>Video:<\/strong><br \/>\n            Tote und Verletzte in der Ukraine (1 Min)\n        <\/p>\n<p>\n        06:07 Uhr\n    <\/p>\n<p>    Update: Mindestens acht Tote bei massivem russischem Luftangriff auf Ukraine<\/p>\n<p class=\"\">Russland hat die Ukraine in der Nacht mit einer massiven Welle aus Raketen, Marschflugk\u00f6rpern und Drohnen angegriffen. Nach ukrainischen Angaben wurden mindestens acht Menschen get\u00f6tet und mehr als ein Dutzend weitere verletzt. Besonders schwer getroffen wurde Krywyj Rih, wo nach Beh\u00f6rdenangaben sechs Menschen, darunter zwei Kinder, ums Leben kamen.<\/p>\n<p>                    <a href=\"https:\/\/www.europesays.com\/de\/wp-content\/uploads\/2026\/07\/ukraine-kiew-178.webp\" class=\"zoomimage\" title=\"Bild vergr\u00f6\u00dfern\"><\/p>\n<p>        <img decoding=\"async\" src=\"https:\/\/www.europesays.com\/de\/wp-content\/uploads\/2026\/07\/ukraine-kiew-178.webp\" alt=\"Archiv: W\u00e4hrend eines russischen Angriffs auf Kiew ist die Explosion einer russischen Drohne am Himmel zu sehen.\" title=\"Archiv: W\u00e4hrend eines russischen Angriffs auf Kiew ist die Explosion einer russischen Drohne am Himmel zu sehen. | picture alliance\/dpa\/AP | Evgeniy Maloletka\" class=\"responsive\" loading=\"lazy\"\/><\/p>\n<p>                    <\/a><\/p>\n<p class=\"\">Auch Kiew, Lwiw und weitere St\u00e4dte wurden angegriffen. In Kiew und dem Gebiet Poltawa starb jeweils ein Mensch. Pr\u00e4sident Wolodymyr Selenskyj hatte bereits am Vorabend vor einem unmittelbar bevorstehenden Gro\u00dfangriff gewarnt und die westlichen Verb\u00fcndeten erneut zur Lieferung von Patriot-Abfangraketen aufgefordert. (Quellen: AFP, Reuters, dpa)<\/p>\n<p>\n        05:24 Uhr\n    <\/p>\n<p>    Ukraine greift erneut Wildberries-Logistikzentrum in Russland an<\/p>\n<p class=\"\">Die Ukraine hat nach russischen Angaben erneut ein Logistikzentrum des Online-H\u00e4ndlers Wildberries angegriffen. Durch einen Drohnenangriff geriet ein gro\u00dfes Lager in der Region Pensa in Brand. Nach Beh\u00f6rdenangaben wurde mindestens ein Mensch verletzt, rund 200 Mitarbeiter wurden evakuiert.<\/p>\n<p class=\"\">Kiew greift seit mehreren Wochen Logistikzentren des gr\u00f6\u00dften russischen Online-H\u00e4ndlers an. Die ukrainische F\u00fchrung wirft Wildberries vor, Material f\u00fcr den russischen Angriffskrieg gegen die Ukraine zu transportieren. Russland weist die Vorw\u00fcrfe zur\u00fcck. (Quelle: dpa)<\/p>\n<p>\n        03:12 Uhr\n    <\/p>\n<p>    Selenskyj und Tusk beraten \u00fcber Verteidigung und Sicherheit<\/p>\n<p class=\"\">Der ukrainische Pr\u00e4sident Wolodymyr Selenskyj hat bei einem Treffen mit dem polnischen Ministerpr\u00e4sidenten Donald Tusk in Lublin \u00fcber die weitere Unterst\u00fctzung der Ukraine und die Sicherheitslage beraten. Im Mittelpunkt standen die St\u00e4rkung der Luftverteidigung, insbesondere der Schutz vor ballistischen Raketen, sowie die Verteidigungszusammenarbeit beider L\u00e4nder. Zudem sprachen beide \u00fcber die bilateralen Beziehungen, den historischen Dialog zwischen Polen und der Ukraine sowie die Lage ukrainischer Fl\u00fcchtlinge in Polen. (Quelle: EBU)<\/p>\n<p>\n        29.07.2026 00:05 Uhr\n    <\/p>\n<p>    Die Ereignisse gestern \u2013 29. Juli 2026<\/p>\n<p class=\"\">Die Ukraine hat nach Angaben von Pr\u00e4sident Wolodymyr Selenskyj mehrere Ziele in Russland angegriffen. Getroffen worden seien ein Logistikzentrum in Rjasan, eine \u00d6lraffinerie in der Region Perm sowie ein Exportterminal und ein Milit\u00e4rbetrieb in der Region Rostow. Selenskyj berichtete zudem von einem Angriff auf einen St\u00fctzpunkt der russischen Schwarzmeerflotte auf der besetzten Halbinsel Krim. Dort seien Schnellboote stationiert. Unabh\u00e4ngige Best\u00e4tigungen lagen zun\u00e4chst nicht vor.<\/p>\n<p class=\"\">Bei der Verteidigung des ukrainischen Luftraums st\u00fcrzte ein F-16-Kampfflugzeug ab. Nach Angaben der Luftwaffe geriet die Maschine beim Abfangen feindlicher Flugobjekte in eine Notlage. Der Pilot rettete sich mit dem Schleudersitz und blieb unverletzt. Am Boden gab es demnach weder Opfer noch Sch\u00e4den. Die genaue Ursache wird untersucht.<\/p>\n<p class=\"\">Das Nationale Olympische Komitee der Ukraine legte zudem beim Internationalen Sportgerichtshof CAS Berufung gegen die Aufhebung von Beschr\u00e4nkungen f\u00fcr russische Sportler ein. Das Internationale Olympische Komitee hatte die Suspendierung des russischen Komitees am 7. Juli aufgehoben. Dieses war 2023 wegen der Aufnahme von Sportorganisationen aus annektierten ukrainischen Gebieten suspendiert worden. Nach der IOC-Entscheidung k\u00f6nnen sich russische Athleten auch in Mannschaftssportarten f\u00fcr die Olympischen Spiele 2028 in Los Angeles qualifizieren.<\/p>\n<p class=\"\">Der russische Inlandsgeheimdienst FSB schrieb unterdessen Telegram-Gr\u00fcnder Pawel Durow international zur Fahndung aus. Gegen den in Frankreich lebenden Unternehmer wurde nach Angaben russischer Nachrichtenagenturen Haftbefehl erlassen. Russland wirft ihm &#8222;Beihilfe zum Terrorismus&#8220; vor. Telegram soll einen Dating-Bot nicht gel\u00f6scht haben, der nach russischer Darstellung vom ukrainischen Geheimdienst genutzt wird. Durow weist auch \u00e4hnliche Vorw\u00fcrfe franz\u00f6sischer Beh\u00f6rden gegen seine Plattform zur\u00fcck.<\/p>\n<p>\n        29.07.2026 00:00 Uhr\n    <\/p>\n<p>    Ukraine-News am Donnerstag, 30. Juli 2026<\/p>\n<p class=\"\">Guten Tag! In unseren Ukraine-News halten wir Sie weiterhin \u00fcber die Entwicklungen im Krieg gegen die Ukraine auf dem aktuellen Stand. Alle wichtigen Nachrichten dazu erscheinen hier im Lauf des Tages.<\/p>\n<p class=\"\">Die Berichterstattung \u00fcber den Russland-Ukraine-Krieg ist komplex. Angaben zu Kriegsverlauf, Beschuss und Opfern durch offizielle Stellen der russischen und der ukrainischen Konfliktparteien k\u00f6nnen in der aktuellen Lage nicht unmittelbar von unabh\u00e4ngiger Stelle \u00fcberpr\u00fcft werden. Es gibt eine Vielzahl von Medienvertretern vor Ort, darunter auch unabh\u00e4ngige Journalisten aus verschiedenen L\u00e4ndern. Bei der Bewertung von Informationen sind verschiedene Quellen und eine kritische Haltung unerl\u00e4sslich, um ein m\u00f6glichst umfassendes Bild zu erhalten. Alles das ber\u00fccksichtigt der MDR in seinen Berichten \u00fcber den Russland-Ukraine-Krieg.<\/p>\n<p>        <img decoding=\"async\" src=\"https:\/\/www.europesays.com\/de\/wp-content\/uploads\/2026\/06\/ukraine-276.webp\" alt=\"Rettungskr\u00e4fte beseitigen Tr\u00fcmmer und suchen nach Menschen in einem Wohnblock, der von einer Rakete getroffen wurde.\" title=\"Rettungskr\u00e4fte beseitigen Tr\u00fcmmer und suchen nach Menschen in einem Wohnblock, der von einer Rakete getroffen wurde. | picture alliance\/dpa\/Ukrinform | -\" class=\"responsive\" loading=\"lazy\"\/><\/p>\n<p>Hintergr\u00fcnde<\/p>\n<p>Am 24. Februar 2022 hat Russland die Ukraine \u00fcberfallen. Doch die ukrainische Armee kann sich halten und konnte Gebiete zur\u00fcckerobern, der Westen unterst\u00fctzt sie. Aktuelle Nachrichten und Hintergr\u00fcnde.<\/p>\n<p>        <img decoding=\"async\" src=\"https:\/\/www.europesays.com\/de\/wp-content\/uploads\/2026\/06\/podcast-cover-was-tun-herr-general-100.webp\" alt=\"Der fr\u00fchere NATO-General und Generalleutnant a.D. Erhard B\u00fchler\" title=\"Der fr\u00fchere NATO-General und Generalleutnant a.D. Erhard B\u00fchler | MDR \/ Erhard B\u00fchler \" class=\"responsive\" loading=\"lazy\"\/><\/p>\n<p>Audio | MDR AKTUELL<\/p>\n<p>Krieg in Europa. Welche Strategie verfolgt die russische Armee, wie stehen die Chancen der ukrainischen Verteidiger? Einsch\u00e4tzungen der milit\u00e4rischen Lage und der Kriegsfolgen vom fr\u00fcheren NATO-General Erhard B\u00fchler.<\/p>\n<p>        <img decoding=\"async\" src=\"https:\/\/www.europesays.com\/de\/wp-content\/uploads\/2026\/06\/podcast-putins-krieg-100.webp\" alt=\"Podcast Putins Krieg\" title=\"Podcast Putins Krieg | dpa\/MDR\" class=\"responsive\" loading=\"lazy\"\/><\/p>\n<p>Podcast-Reihe<\/p>\n<p>Russland f\u00fchrt Krieg gegen die Ukraine &#8211; Zerst\u00f6rung, Leid und Flucht. In diesem Podcast b\u00fcndeln wir Interviews und Berichte rund um den Krieg, seine Folgen f\u00fcr die Welt, Europa und in Deutschland.<\/p>\n","protected":false},"excerpt":{"rendered":"Video: Mutma\u00dflich russischer Marschflugk\u00f6rper im polnischen Luftraum gesichtet (1 Min) Ukraine-News von MDR AKTUELL Stand: 30.07.2026 22:38 Uhr&hellip;\n","protected":false},"author":2,"featured_media":1204273,"comment_status":"","ping_status":"","sticky":false,"template":"","format":"standard","meta":{"footnotes":"","_share_on_mastodon":"0"},"categories":[4012],"tags":[52058,331,332,244457,13,15333,5793,4046,4962,85316,14,15,7851,3917,14795,8047,307,12,116,39623,317],"class_list":["post-1204272","post","type-post","status-publish","format-standard","has-post-thumbnail","category-ukraine","tag-lublin","tag-aktuelle-nachrichten","tag-aktuelle-news","tag-ballistische","tag-headlines","tag-kampfjets","tag-kiew","tag-krieg","tag-luftangriff","tag-luftverteidigung","tag-nachrichten","tag-news","tag-patriot","tag-polen","tag-raketen","tag-raketenangriff","tag-russland","tag-schlagzeilen","tag-selenskyj","tag-tusk","tag-ukraine"],"share_on_mastodon":{"url":"https:\/\/pubeurope.com\/@de\/117011041751805137","error":""},"_links":{"self":[{"href":"https:\/\/www.europesays.com\/de\/wp-json\/wp\/v2\/posts\/1204272","targetHints":{"allow":["GET"]}}],"collection":[{"href":"https:\/\/www.europesays.com\/de\/wp-json\/wp\/v2\/posts"}],"about":[{"href":"https:\/\/www.europesays.com\/de\/wp-json\/wp\/v2\/types\/post"}],"author":[{"embeddable":true,"href":"https:\/\/www.europesays.com\/de\/wp-json\/wp\/v2\/users\/2"}],"replies":[{"embeddable":true,"href":"https:\/\/www.europesays.com\/de\/wp-json\/wp\/v2\/comments?post=1204272"}],"version-history":[{"count":0,"href":"https:\/\/www.europesays.com\/de\/wp-json\/wp\/v2\/posts\/1204272\/revisions"}],"wp:featuredmedia":[{"embeddable":true,"href":"https:\/\/www.europesays.com\/de\/wp-json\/wp\/v2\/media\/1204273"}],"wp:attachment":[{"href":"https:\/\/www.europesays.com\/de\/wp-json\/wp\/v2\/media?parent=1204272"}],"wp:term":[{"taxonomy":"category","embeddable":true,"href":"https:\/\/www.europesays.com\/de\/wp-json\/wp\/v2\/categories?post=1204272"},{"taxonomy":"post_tag","embeddable":true,"href":"https:\/\/www.europesays.com\/de\/wp-json\/wp\/v2\/tags?post=1204272"}],"curies":[{"name":"wp","href":"https:\/\/api.w.org\/{rel}","templated":true}]}}