{"id":1204355,"date":"2026-07-30T22:15:16","date_gmt":"2026-07-30T22:15:16","guid":{"rendered":"https:\/\/www.europesays.com\/de\/1204355\/"},"modified":"2026-07-30T22:15:16","modified_gmt":"2026-07-30T22:15:16","slug":"sebastian-fitzek-tickets-fuer-die-jubilaeumsshow-in-berlin-gewinnen-sonstiges","status":"publish","type":"post","link":"https:\/\/www.europesays.com\/de\/1204355\/","title":{"rendered":"Sebastian Fitzek: Tickets f\u00fcr die Jubil\u00e4umsshow in Berlin gewinnen | Sonstiges"},"content":{"rendered":"<p><b>\u00dcber 160.000 Fans feierten ihn auf seiner letzten Tour, jetzt plant Sebastian Fitzek das n\u00e4chste Highlight: eine einmalige Jubil\u00e4umsshow in der Waldb\u00fchne Berlin mit zus\u00e4tzlichem Termin wegen des riesigen Andrangs. BILDplus-Leser k\u00f6nnen jeweils 10 \u00d7 2 Tickets gewinnen, ein Gewinner erlebt sogar eine exklusive Backstage-F\u00fchrung.<\/b><\/p>\n<p>Was Sie bei \u201e20 Jahre Fitzek\u201c genau erwartet, wie Sie an der Verlosung teilnehmen und welche Bedingungen gelten, lesen Sie mit BILDplus \u2013 jetzt informieren und Gewinnchance sichern!<\/p>\n<p><b>So einfach geht es:<\/b><br \/>\n\u2013 Einloggen als BILDplus-Kunde oder g\u00fcnstig BILDplus-Kunde werden<br \/>\n\u2013 Formular ausf\u00fcllen<br \/>\n\u2013 Daumen dr\u00fccken!<\/p>\n","protected":false},"excerpt":{"rendered":"\u00dcber 160.000 Fans feierten ihn auf seiner letzten Tour, jetzt plant Sebastian Fitzek das n\u00e4chste Highlight: eine einmalige&hellip;\n","protected":false},"author":2,"featured_media":1204356,"comment_status":"","ping_status":"","sticky":false,"template":"","format":"standard","meta":{"footnotes":"","_share_on_mastodon":"0"},"categories":[1825],"tags":[296,1785,29,213958,30,30294,174848,93,28781],"class_list":["post-1204355","post","type-post","status-publish","format-standard","has-post-thumbnail","category-berlin","tag-berlin","tag-buecher","tag-deutschland","tag-fitzek-sebastian","tag-germany","tag-gewinnspiele","tag-gewinnspiele-vorteilswelt","tag-literatur","tag-schriftsteller-personen"],"share_on_mastodon":{"url":"","error":""},"_links":{"self":[{"href":"https:\/\/www.europesays.com\/de\/wp-json\/wp\/v2\/posts\/1204355","targetHints":{"allow":["GET"]}}],"collection":[{"href":"https:\/\/www.europesays.com\/de\/wp-json\/wp\/v2\/posts"}],"about":[{"href":"https:\/\/www.europesays.com\/de\/wp-json\/wp\/v2\/types\/post"}],"author":[{"embeddable":true,"href":"https:\/\/www.europesays.com\/de\/wp-json\/wp\/v2\/users\/2"}],"replies":[{"embeddable":true,"href":"https:\/\/www.europesays.com\/de\/wp-json\/wp\/v2\/comments?post=1204355"}],"version-history":[{"count":0,"href":"https:\/\/www.europesays.com\/de\/wp-json\/wp\/v2\/posts\/1204355\/revisions"}],"wp:featuredmedia":[{"embeddable":true,"href":"https:\/\/www.europesays.com\/de\/wp-json\/wp\/v2\/media\/1204356"}],"wp:attachment":[{"href":"https:\/\/www.europesays.com\/de\/wp-json\/wp\/v2\/media?parent=1204355"}],"wp:term":[{"taxonomy":"category","embeddable":true,"href":"https:\/\/www.europesays.com\/de\/wp-json\/wp\/v2\/categories?post=1204355"},{"taxonomy":"post_tag","embeddable":true,"href":"https:\/\/www.europesays.com\/de\/wp-json\/wp\/v2\/tags?post=1204355"}],"curies":[{"name":"wp","href":"https:\/\/api.w.org\/{rel}","templated":true}]}}