{"id":1204556,"date":"2026-07-31T00:17:23","date_gmt":"2026-07-31T00:17:23","guid":{"rendered":"https:\/\/www.europesays.com\/de\/1204556\/"},"modified":"2026-07-31T00:17:23","modified_gmt":"2026-07-31T00:17:23","slug":"wochenendtipps-fuer-bielefeld-sommerkonzert-freiluftkino-und-kaspers-schweinerei","status":"publish","type":"post","link":"https:\/\/www.europesays.com\/de\/1204556\/","title":{"rendered":"Wochenendtipps f\u00fcr Bielefeld: Sommerkonzert, Freiluftkino und Kaspers Schweinerei"},"content":{"rendered":"<p id=\"absatz1\" class=\"em_text\">Bielefeld. Noch nichts vor am Wochenende? In Bielefeld ist von Freitag, 31. Juli, bis Sonntag, 2. August, wieder so einiges los: Die Wikinger sind los, das Finale des Tanzfestivals und Reggae-Rhythmen auf dem Kesselbrink.<\/p>\n<p>Veranstaltungen in Bielefeld am Freitag, 31. Juli 2026<br \/>\nJazz-Harmonien, Blues-Feeling und souliger Gesang<\/p>\n<p>        <a href=\"https:\/\/www.nw.de\/_em_daten\/_cache\/image\/1xRGhGeERyOFB2dzdUbkVXZ0k0Y2JPZzVUQit4R3NDdXFlU2VuY0g3WWpRWjQ5K0o2aUIySVNnUW9ldnNaNmk5cDN2YzFnZmFsQ2hBTElqRXJ1ZU5ZV2c9PQ\/260730-1138-917855464.jpg\" class=\"nw-article-image\" title=\"Sharon und Philippe spielen in Gadderbaum\" data-glightbox=\"type: image; description: Sharon und Philippe spielen in Gadderbaum  | \u00a9 PR \" rel=\"nofollow noopener\" target=\"_blank\"><br \/>\n            <img decoding=\"async\" src=\"https:\/\/www.europesays.com\/de\/wp-content\/uploads\/2026\/07\/260730-1138-917855464.jpg\" class=\"nw-img-fluid nw-w-full nw-lazy nw-rounded-t-md\" alt=\"Sharon und Philippe spielen in Gadderbaum - \u00a9 PR\" data-format=\"16:9\"\/><br \/>\n        <\/a><\/p>\n<p>                Sharon und Philippe spielen in Gadderbaum<br \/>\n                                    | \u00a9 PR<\/p>\n<p class=\"em_text\">Sharon &amp; Philippe spielen akustischen Fingerstyle mit Jazz-Harmonien, Blues-Feeling und souligem Gesang. Mal sanfte Melodien, mal herbe T\u00f6ne oder groovige Beats \u2013 rhythmische Gitarrenkl\u00e4nge und Gesang mit viel Gef\u00fchl. Sie lieben Songs mit Charakter, lassen Akkorde atmen und geben eigenen Arrangements sowie Klassikern eine eigene Note. Virtuosit\u00e4t, die direkt ins Herz geht. Sharon bringt mit ihrem Gesang Soul und Tiefe ins Spiel. Sie erz\u00e4hlt Geschichten \u00fcber das Leben und l\u00e4sst einen Dialog zwischen Stimme und Gitarre entstehen, der Raum f\u00fcr Improvisation und Harmonien l\u00e4sst. Philippe kreiert mit seinen zehn Fingern und einem unb\u00e4ndigen Willen zur Freude am Gitarre spielen einen Klangteppich aus Bass, Rhythmus, Melodie und Perkussion.<\/p>\n<p id=\"absatz4\">\ud83d\udcc5<b class=\"bold\">Uhrzeit:<\/b> Freitag, 31. Juli, ab 19 Uhr<\/p>\n<p>\n        \u00d7\n    <\/p>\n<p>\n            Sie erhalten in wenigen Minuten eine E-Mail zur Best\u00e4tigung Ihrer Anmeldung.\n        <\/p>\n<p>Erst danach ist diese abgeschlossen.<\/p>\n<p>Bitte pr\u00fcfen Sie auch den Spam-Ordner.<\/p>\n<p>\n        \u00d7\n    <\/p>\n<p>\n            Sie haben bisher Ihre E-Mail-Adresse noch nicht best\u00e4tigt.\n        <\/p>\n<p>Erst danach ist diese abgeschlossen.<\/p>\n<p>Bitte pr\u00fcfen Sie auch den Spam-Ordner.<\/p>\n<p>\n        \u00d7\n    <\/p>\n<p>\n            Es ist einen Fehler aufgetreten\n        <\/p>\n<p>Bei Fragen hilft unser Newsletter-Support<\/p>\n<p> Newsletter<\/p>\n<p> Update zum Abend<\/p>\n<p>Informiert bleiben mit t\u00e4glichen News aus Bielefeld, OWL und der Welt.<\/p>\n<p>                Jetzt anmelden<\/p>\n<p id=\"absatz5\">\ud83d\udccd<b class=\"bold\">Adresse: <\/b>Neue Schmiede, Handwerkerstra\u00dfe 7, 33617 Bielefeld<\/p>\n<p id=\"absatz6\">\ud83c\udfab<b class=\"fMYBhe bold\">Eintritt: <\/b>frei (bei schlechtem Wetter im Lokal)<\/p>\n<p>Therapie f\u00fcr Wikinger im Freiluftkino<\/p>\n<p id=\"absatz7\" class=\"em_text\">Nach f\u00fcnfzehn Jahren hinter Gittern kehrt ein Mann zu seinem Bruder zur\u00fcck, der als einziger wei\u00df, wo die Beute aus einem Raub\u00fcberfall versteckt ist. Doch der Bruder ist psychisch stark gehandicapt und kann sich nur noch bruchst\u00fcckhaft erinnern. Um seinem Ged\u00e4chtnis auf die Spr\u00fcnge zu helfen, suchen sie nahe ihrem Elternhaus im Wald nach dem Schatz, wo sie es auch mit einer Reihe anderer gest\u00f6rter Pers\u00f6nlichkeiten zu tun bekommen. Der zwischen Tragik und Situationskomik in vielen Nuancen schillernde Film geizt nicht mit expliziter Gewalt, l\u00e4sst hinter dem Wahnwitz der Figuren aber immer wieder deren emotionale Traumatisierungen in der Kindheit aufscheinen. Allen blutigen Knalleffekten zum Trotz geht es um eine ernste Auseinandersetzung mit Themen wie Identit\u00e4t und Anderssein.<\/p>\n<p id=\"absatz8\">\ud83d\udcc5<b class=\"bold\">Uhrzeit:<\/b> Freitag, 31. Juli, ab 20.45 Uhr (bei Einbruch der Dunkelheit)<\/p>\n<p id=\"absatz9\">\ud83d\udccd<b class=\"bold\">Adresse: <\/b>Lunakino, Ravensberger Park, 33607 Bielefeld<\/p>\n<p id=\"absatz10\">\ud83c\udfab<b class=\"fMYBhe bold\">Eintritt:<\/b> 12 Euro nur <a href=\"https:\/\/lunakino.de\/filme\/therapie-fuer-wikinger\/\" rel=\"noopener nofollow\" target=\"_blank\">online<\/a> (Mit der NW-Karte erhalten Besucher*innen eine Erm\u00e4\u00dfigung f\u00fcr max. zwei Personen von jeweils 1 Euro auf den Normaleintrittspreis. Die NW-Karte ist am Einlass vorzuweisen.)<\/p>\n<p>Veranstaltungen in Bielefeld am Samstag, 1. August 2026<br \/>\nTanzfestival-Finale in der Rudolf-Oetker-Halle<\/p>\n<p>        <a href=\"https:\/\/www.nw.de\/_em_daten\/_cache\/image\/1xRDhlVms3Mk03Y3o2VzVYUUVVNzVjVkdXdWUrMFpLczc4WVByYXl6YWZ6czlzNkNPWkR1QzF5UFQ5TTJHU2FNSSt6VFpTam1vdG5vWEJzalF5cTdNS0VIVTI3dTQycWpzNU9ENWt3Q2MyMkE9\/260730-1138-917857695.jpg\" class=\"nw-article-image\" title=\"Beim Finale des Tanzfestival in der Rudolf-Oetker-Halle in Bielefeld wurde auch im letzten Jahr f\u00fcr \u00dcberraschungen gesorgt.\" data-glightbox=\"type: image; description: Beim Finale des Tanzfestival in der Rudolf-Oetker-Halle in Bielefeld wurde auch im letzten Jahr f\u00fcr \u00dcberraschungen gesorgt.  | \u00a9 Stefan Gerold \" rel=\"nofollow noopener\" target=\"_blank\"><br \/>\n            <img decoding=\"async\" src=\"https:\/\/www.europesays.com\/de\/wp-content\/uploads\/2026\/07\/260730-1138-917857695.jpg\" class=\"nw-img-fluid nw-w-full nw-lazy nw-rounded-t-md\" alt=\"Beim Finale des Tanzfestival in der Rudolf-Oetker-Halle in Bielefeld wurde auch im letzten Jahr f\u00fcr \u00dcberraschungen gesorgt. - \u00a9 Stefan Gerold\" data-format=\"16:9\"\/><br \/>\n        <\/a><\/p>\n<p>                Beim Finale des Tanzfestival in der Rudolf-Oetker-Halle in Bielefeld wurde auch im letzten Jahr f\u00fcr \u00dcberraschungen gesorgt.<br \/>\n                                    | \u00a9 Stefan Gerold<\/p>\n<p id=\"absatz12\" class=\"em_text\">Teilnehmende, die zwei Wochen lang die S\u00e4le der Rudolf-Oetker-Halle belebt haben, zeigen unter der Leitung ihrer Dozentinnen und beeindruckende Performances \u2013 von Klassischem Ballett bis Hip-Hop. Zum furiosen Finale des Tanzfestivals pr\u00e4sentieren die Kursteilnehmer Choreografien, die sie in den Workshops erlernt haben. Schon zu Beginn des Abends wird den J\u00fcngsten, sei es in den Hip-Hop oder in den Modern Jazz-Kursen, jubelnder Applaus sicher sein. Wenn dann die Eleganz des Tap Dance, die k\u00f6rperbetonte Sprache des Modern Dance oder die erdverbundenen Rhythmen des Flamencos mit der Energie des zeitgen\u00f6ssischen Tanzes verschmelzen, erreicht die Stimmung ihren H\u00f6hepunkt. Spannende Einblicke in die Welt des Tanzes, von Dancehall, Hip-Hop, New Style \u00fcber Klassisches Ballett und Jazz Dance bis hin zu Mixed-Abled, Contemporary und Afro Contemporary sind zu erwarten.<\/p>\n<p id=\"absatz13\"><b class=\"bold\">\ud83d\udcc5Uhrzeit:<\/b> Samstag, 1. August, ab 20.30 Uhr<\/p>\n<p id=\"absatz14\">\ud83d\udccd<b class=\"bold\">Adresse: <\/b>Rudolf-Oetker-Halle, Lampingstra\u00dfe 16, 33615 Bielefeld<\/p>\n<p id=\"absatz15\">\ud83c\udfab<b class=\"fMYBhe bold\">Eintritt: <\/b>17,25 Euro <a href=\"https:\/\/www.bielefeld.jetzt\/node\/1591669\" rel=\"noopener nofollow\" target=\"_blank\">online<\/a><\/p>\n<p>Viel Bass, Reggae und Dub auf dem Kesselbrink<\/p>\n<p id=\"absatz16\" class=\"em_text\">Die Soundsysteme Teutopian Hi-Fi und Blakka Dread laden zu einem besonderen Open-Air-Erlebnis auf dem Kesselbrink ein. Mit viel Bass und einer Auswahl an Reggae, Dub und UK-Stepper sorgen die beiden Kollektive f\u00fcr einen musikalischen Br\u00fcckenschlag im Viertel. Teutopian Hi-Fi bringt nat\u00fcrliche Roots-Vibes und \u201eConscious Livity\u201c mit. T-Manfyah, S\u00e4nger, Produzent und Tontechniker aus Detmold, hat seit 2004 Erfahrung in der Reggae-Szene und betreibt seit 2019 ein eigenes Soundsystem. Blakka Dread, das Soundsystem aus Harsewinkel, gegr\u00fcndet von Se\u00f1or Dread, liefert rohe 1990er-Jahre-Dubkl\u00e4nge und energetische UK-Stepper-Auswahlen. Auch die Hot-Wire Hi-Fi-Crew und G\u00e4ste sind Teil des Events. F\u00fcr das leibliche Wohl gibt es westafrikanische Speisen sowie verschiedene Cocktails und Drinks. Der Eintritt ist kostenfrei, Spenden sind willkommen.<\/p>\n<p id=\"absatz17\"><b class=\"bold\">\ud83d\udcc5Uhrzeit:<\/b> Samstag, 1. August, von 16 bis 23 Uhr<\/p>\n<p id=\"absatz18\">\ud83d\udccd<b class=\"bold\">Adresse: <\/b>Kesselbrink, 33602 Bielefeld<\/p>\n<p id=\"absatz19\">\ud83c\udfab<b class=\"fMYBhe bold\">Eintritt: <\/b>frei, Spenden sind willkommen.<\/p>\n<p>Veranstaltungen in Bielefeld am Sonntag, 2. August 2026<\/p>\n<p id=\"absatz20\" class=\"veranstaltung-untertitel post-text-intro Zwischenzeile\" data-semantic=\"p\">\u201eSchweinerei in Kaspers Garten\u201c<\/p>\n<p>        <a href=\"https:\/\/www.nw.de\/_em_daten\/_cache\/image\/1xandaVGo0cDF6K2ZDWXFHdVExVmNWZWE0RXJ4aGJtY2d3M1UxUFZjRVNHcXRSQTZlMzY3bzFud242VmdraGlualhKckoxaEhsc3I4cjR2d3BISVIzWnNsdHJveEpDMVd4M1BNcDlwWG56Y1E9\/260730-1137-917858032.jpg\" class=\"nw-article-image\" title=\"Hat das Schweinchen Omas Garten umgepf\u00fcgt? Kasper wird es rausfinden.\" data-glightbox=\"type: image; description: Hat das Schweinchen Omas Garten umgepf\u00fcgt? Kasper wird es rausfinden.  | \u00a9 Dagmar Selje \" rel=\"nofollow noopener\" target=\"_blank\"><br \/>\n            <img decoding=\"async\" src=\"https:\/\/www.europesays.com\/de\/wp-content\/uploads\/2026\/07\/260730-1137-917858032.jpg\" class=\"nw-img-fluid nw-w-full nw-lazy nw-rounded-t-md\" alt=\"Hat das Schweinchen Omas Garten umgepf\u00fcgt? Kasper wird es rausfinden. - \u00a9 Dagmar Selje\" data-format=\"16:9\"\/><br \/>\n        <\/a><\/p>\n<p>                Hat das Schweinchen Omas Garten umgepf\u00fcgt? Kasper wird es rausfinden.<br \/>\n                                    | \u00a9 Dagmar Selje<\/p>\n<p id=\"absatz21\" class=\"em_text\">Das Puppenspiel \u201eSchweinerei in Kaspers Garten\u201c erz\u00e4hlt von Kasper, der w\u00e4hrend Omas Urlaub deren Garten h\u00fctet und dabei allerlei Turbulenzen erlebt. Nachdem der Garten verw\u00fcstet ist, vermutet Kasper zun\u00e4chst seinen Hund Bobby als \u00dcbelt\u00e4ter, doch schnell entwickelt sich eine rasante Verfolgungsjagd. Die lustige Kaspergeschichte eignet sich f\u00fcr Kinder ab drei Jahren und dauert etwa 40 Minuten. Die Auff\u00fchrung findet auf dem Jodukus-Kirchplatz statt.<\/p>\n<p id=\"absatz22\">\ud83d\udcc5<b class=\"bold\">Uhrzeit: <\/b>Sonntag, 2. August, ab 15 Uhr<\/p>\n<p id=\"absatz23\">\ud83d\udccd<b class=\"bold\">Adresse:<\/b> Jodukus-Kirchplatz, Obernstra\u00dfe vor der Sparkassenfiliale, 33602 Bielefeld<\/p>\n<p id=\"absatz24\">\ud83c\udfab<b class=\"fMYBhe bold\">Eintritt: <\/b>frei (Bei unsicherem Wetter gibt es Informationen ab 13 Uhr unter Tel. (0521) 179605.<\/p>\n<p>Sommerkonzert mit dem Rondo Vocale Quartett<\/p>\n<p id=\"absatz25\" class=\"em_text\">Das Rondo Vocale Quartett musiziert im Ernst Barlach-Haus. Sommerlieder &#8211; dem Titel folgend &#8211; und Triosonaten er\u00f6ffnen das Programm. Des Weiteren folgen Werke von Georg Vierling aus Schmalkalden, einem Enkelsch\u00fcler von Johann Sebastian Bach, die f\u00fcr ein Konzert im August in der Stadtkirche St. Georg in Schmalkalden vorbereitet wurden. Darunter die Arie \u201eChristen singt dem Gott\u201c, gesungen von Florian Hokamp und ein Klavierquartett. Die Gesamtleitung hat Rainer Timmermann.<\/p>\n<p id=\"absatz26\">\ud83d\udcc5<b class=\"bold\">Uhrzeit: <\/b>Sonntag, 2. August, 16 Uhr<\/p>\n<p id=\"absatz27\">\ud83d\udccd<b class=\"bold\">Adresse:<\/b> Ernst Barlach-Haus, Rheinallee 45a, 33689 Bielefeld<\/p>\n<p id=\"absatz28\">\ud83c\udfab<b class=\"fMYBhe bold\">Eintritt: <\/b>frei<\/p>\n<p>Immer ge\u00f6ffnet: Tierpark Olderdissen<\/p>\n<p id=\"absatz29\" class=\"em_text\">Ein Highlight, das in Bielefeld das ganze Jahr \u00fcber Besucher anlockt, ist der Tierpark Olderdissen. Verschiedene Tierarten, etwa F\u00fcchse, Waschb\u00e4ren und Otter, aber auch ein vielf\u00e4ltiges kulinarisches Angebot bieten optimale Bedingungen f\u00fcr einen Ausflug an der frischen Luft. Der Tierpark Olderdissen an der Dornberger Stra\u00dfe 151 ist t\u00e4glich von 6 Uhr bis 22 Uhr ge\u00f6ffnet. Aktuelle Informationen und Artikel gibt es auf unserer <a href=\"https:\/\/www.nw.de\/themen\/lokal\/bielefeld\/gadderbaum\/tierpark-olderdissen\" rel=\"nofollow noopener\" target=\"_blank\">Themenseite zum Tierpark <\/a><a href=\"https:\/\/www.nw.de\/themen\/lokal\/bielefeld\/gadderbaum\/tierpark-olderdissen\" rel=\"nofollow noopener\" target=\"_blank\">Olderdissen<\/a>.<\/p>\n<p>        <a href=\"https:\/\/www.nw.de\/_em_daten\/_cache\/image\/1xWE85UllYcU9pZUdIOGpReklhbjlJZ0hWSmFxRkNncExBOTNHWHRld0h4a2VPVlR6dldCNnVwZ29DK1ZEbjgyS3d1NVVXSkl2bFRlSS95RzNRR1ZHd3dzWUtuSjdydFEyVlc5Y1JRWng3QzA9\/231027-1155-440468473.jpg\" class=\"nw-article-image\" title=\"Die Mufflons sind im Tierpark Olderdissen ein echtes Highlight.\" data-glightbox=\"type: image; description: Die Mufflons sind im Tierpark Olderdissen ein echtes Highlight.  | \u00a9 Sarah Jonek \" rel=\"nofollow noopener\" target=\"_blank\"><br \/>\n            <img decoding=\"async\" src=\"https:\/\/www.europesays.com\/de\/wp-content\/uploads\/2025\/04\/231027-1155-440468473.jpg\" class=\"nw-img-fluid nw-w-full nw-lazy nw-rounded-t-md\" alt=\"Die Mufflons sind im Tierpark Olderdissen ein echtes Highlight. - \u00a9 Sarah Jonek\" data-format=\"16:9\"\/><br \/>\n        <\/a><\/p>\n<p>                Die Mufflons sind im Tierpark Olderdissen ein echtes Highlight.<br \/>\n                                    | \u00a9 Sarah Jonek<\/p>\n<p><b class=\"bold\">Historie und Panoramablick: Die Bielefelder Sparrenburg <\/b><\/p>\n<p class=\"em_text\">Die Sparrenburg gilt als Wahrzeichen Bielefelds und ist ein spannendes Ausflugsziel f\u00fcr die ganze Familie. Der Panoramablick \u00fcber Bielefeld ist ein besonderes Highlight und ein beliebtes Fotomotiv. F\u00fcr Entdecker gibt es verschiedene Touren durch die Mauern der Sparrenburg, speziell f\u00fcr Kinder wird eine Rallye angeboten. Die Sparrenburg befindet sich am Sparrenberg 40 in Bielefeld und kann rund um die Uhr besucht werden. Alle Zeiten und Preise der gef\u00fchrten Touren sowie ein Buchungssystem sind online auf der <a href=\"https:\/\/www.bielefeld.jetzt\/sparrenburg#toc-veranstaltungstermine-\" rel=\"nofollow noopener\" target=\"_blank\">Bielefeld-Marketing-Webseite<\/a> zu finden.<\/p>\n<p><b class=\"bold\">Seen und Schwimmb\u00e4der in Bielefeld <\/b><\/p>\n<p id=\"absatz31\">F\u00fcr einen ausgiebigen Spaziergang an der frischen Luft lohnt sich ein Besuch am <b class=\"bold\">Bielefelder Obersee<\/b>. Der See an der Talbr\u00fcckenstra\u00dfe ist mit einer Gr\u00f6\u00dfe von 15 Hektar die gr\u00f6\u00dfte Wasserfl\u00e4che der Stadt Bielefeld. Neben langen Spazier- und Radwegen gibt es am Obersee auch abenteuerliche Spielpl\u00e4tze und einen Minigolfplatz.<\/p>\n<p id=\"absatz32\" class=\"em_text\">Rund um Bielefeld gibt es viele weitere Seen, die sich f\u00fcr einen Tagesausflug eignen. Eine Liste sch\u00f6ner <a href=\"https:\/\/www.nw.de\/multimedia\/reportagen\/20787923_Passend-zum-Wetter-Diese-Badeseen-verstecken-sich-rund-um-Bielefeld.html\" rel=\"nofollow noopener\" target=\"_blank\">Seen rund um Bielefeld <\/a>haben wir in einer \u00dcbersicht zusammengestellt.<\/p>\n<p><b class=\"bold\">F\u00fcr Wasserratten und Sportler gibt es einige Schwimmb\u00e4der in Bielefeld. Eine Liste:<\/b><\/p>\n<p id=\"absatz33\" class=\"em_text\"><a href=\"https:\/\/www.bielefelderbaeder.de\/baeder-saunen-eisbahn\/bade-saunawelt-ishara.html\" rel=\"nofollow noopener\" target=\"_blank\">Bade- und Saunawelt <\/a><a href=\"https:\/\/www.bielefelderbaeder.de\/baeder-saunen-eisbahn\/bade-saunawelt-ishara.html\" rel=\"nofollow noopener\" target=\"_blank\">Ishara<\/a>, Europaplatz 1, 33613 Bielefeld<\/p>\n<p id=\"absatz34\" class=\"em_text\"><a href=\"https:\/\/www.bielefelderbaeder.de\/baeder-saunen-eisbahn\/sportbad-sauna-aquawede.html\" rel=\"nofollow noopener\" target=\"_blank\">Sportbad und Saunawelt <\/a>Aquawede, Duisburger Stra\u00dfe 4, 33647 Bielefeld<\/p>\n<p id=\"absatz35\" class=\"em_text\"><a href=\"https:\/\/www.bielefelderbaeder.de\/baeder-saunen-eisbahn\/familienbad-sauna-heepen.html\" rel=\"nofollow noopener\" target=\"_blank\">Familienbad und Sauna <\/a><a href=\"https:\/\/www.bielefelderbaeder.de\/baeder-saunen-eisbahn\/familienbad-sauna-heepen.html\" rel=\"nofollow noopener\" target=\"_blank\">Heepen<\/a>, Schlauden 26, 33719 Bielefeld-Heepen<\/p>\n<p id=\"absatz36\" class=\"em_text\"><a href=\"https:\/\/www.bielefelderbaeder.de\/baeder-saunen-eisbahn\/sportbad-sennestadt.html\" rel=\"nofollow noopener\" target=\"_blank\">Sportbad Sennestadt<\/a>, Travestra\u00dfe 28, 33689 Bielefeld<\/p>\n<p><b class=\"bold\">Kletterparks und Kletterw\u00e4lder in Bielefeld<\/b><\/p>\n<p id=\"absatz37\">Wer am Wochenende Lust auf ein Abenteuer an der Luft hat, kommt im <b class=\"bold\">Kletterpark am Johannisberg <\/b>auf seine Kosten. Mehr als 90 Kletter- und Balancestationen in verschiedenen Schwierigkeitsstufen bieten sowohl<b class=\"bold\"> <\/b>Nervenkitzel als auch Spa\u00df f\u00fcr die ganze Familie. Aktuelle Preise und Angebote sind auf der <a href=\"https:\/\/www.interakteam.de\/kletterpark-bielefeld\/\" rel=\"noopener nofollow\" target=\"_blank\">Internetseite des Kletterparks<\/a> zu finden.<\/p>\n<p><b class=\"bold\">Wandern in Bielefeld: Beliebte Routen und Geheimtipps<\/b><\/p>\n<p id=\"absatz38\" class=\"em_text\">Ein absoluter Klassiker f\u00fcr Wanderer ist <a href=\"https:\/\/www.nw.de\/nachrichten\/zwischen_weser_und_rhein\/22991508_Eine-Wanderung-auf-dem-Hermannsweg-von-Halle-nach-Bielefeld.html\" rel=\"nofollow noopener\" target=\"_blank\">der ber\u00fchmte <\/a><a href=\"https:\/\/www.nw.de\/nachrichten\/zwischen_weser_und_rhein\/22991508_Eine-Wanderung-auf-dem-Hermannsweg-von-Halle-nach-Bielefeld.html\" rel=\"nofollow noopener\" target=\"_blank\">Hermannsweg<\/a> mit 17,5 Kilometern. Zur kalten Jahreszeit besonders beliebt ist auch der <a href=\"https:\/\/www.nw.de\/lokal\/bielefeld\/mitte\/23157534_Dieser-Bielefelder-Wanderweg-ist-ein-Geheimtipp-im-Winter.html\" rel=\"nofollow noopener\" target=\"_blank\">Sennest\u00e4dter Rundwanderweg<\/a> mit 25 Kilometern Wanderweg.<\/p>\n<p id=\"absatz39\" class=\"em_text\">Lust auf einen Geheimtipp? Jetzt unsere <a href=\"https:\/\/www.nw.de\/lokal\/bielefeld\/mitte\/22438153_Geheimtipps-Diese-10-Orte-muss-man-in-Bielefeld-gesehen-haben.html\" rel=\"nofollow noopener\" target=\"_blank\">Liste der Orte entdecken, die jeder in Bielefeld gesehen haben muss<\/a>.<\/p>\n<p id=\"absatz40\" class=\"em_text\">Wer bei Wanderungen und Radfahrtouren viel Wert auf Ruhe legt und auch au\u00dferhalb von Bielefeld unterwegs sein m\u00f6chte, wird bei unseren <a href=\"https:\/\/www.nw.de\/nachrichten\/zwischen_weser_und_rhein\/23000643_Ihre-Empfehlungen-Fuenf-weniger-bekannte-Rad-und-Wanderwege-in-OWL.html\" rel=\"nofollow noopener\" target=\"_blank\">Tipps zu weniger bekannten Touren in <\/a><a href=\"https:\/\/www.nw.de\/nachrichten\/zwischen_weser_und_rhein\/23000643_Ihre-Empfehlungen-Fuenf-weniger-bekannte-Rad-und-Wanderwege-in-OWL.html\" rel=\"nofollow noopener\" target=\"_blank\">OWL<\/a> f\u00fcndig.<\/p>\n<p><b class=\"bold\">Essen gehen in Bielefeld: Restaurants und Bars<\/b><\/p>\n<p id=\"absatz41\" class=\"em_text\">Das Wochenende einzul\u00e4uten mit einem ausgiebigen Fr\u00fchst\u00fcck ist f\u00fcr viele Menschen ein festes Ritual. Ob Brunch oder Buffet: In unserem <a href=\"https:\/\/www.nw.de\/lokal\/bielefeld\/mitte\/21887783_Fruehstuecken-in-Bielefeld-Die-10-beliebtesten-Restaurants.html\" rel=\"nofollow noopener\" target=\"_blank\">Artikel zu Fr\u00fchst\u00fccksm\u00f6glichkeiten in Bielefeld<\/a> haben wir eine Auswahl zusammengetragen.<\/p>\n<p id=\"absatz42\" class=\"em_text\">F\u00fcr einen kurzen Mittagssnack oder ein ausgiebiges Abendessen gibt es in Bielefeld eine gro\u00dfe Auswahl an Restaurants. Von internationalen Speisen \u00fcber Bielefelder Eigenkreationen bis zu veganen und vegetarischen Spezialit\u00e4ten bietet die Bielefelder Gastronomie die ganze Bandbreite an Kulinarik. Die <a href=\"https:\/\/www.nw.de\/lokal\/bielefeld\/mitte\/21845059_Das-sind-die-15-beliebtesten-Restaurants-in-Bielefeld.html\" rel=\"nofollow noopener\" target=\"_blank\">Top 15 Restaurants in Bielefeld<\/a> haben wir in einem Artikel zusammengestellt.<\/p>\n<p id=\"absatz43\" class=\"em_text\">Wer am Wochenende selbst spontan den Grill anschmei\u00dfen m\u00f6chte, findet auf unserer interaktiven Grafik einen <a href=\"https:\/\/www.nw.de\/nachrichten\/zwischen_weser_und_rhein\/21830173_Grillwurst-to-go-Hier-finden-Sie-in-OWL-Fleischautomaten.html\" rel=\"nofollow noopener\" target=\"_blank\">Grillfleischautomaten in der N\u00e4he<\/a>.<\/p>\n<p><b class=\"bold\">Tickets buchen f\u00fcr Veranstaltungen in Bielefeld<\/b><\/p>\n<p id=\"absatz44\" class=\"em_text\">\u00dcber Konzerte und Comedy bis zu Theaterst\u00fccken und Kunstausstellungen: Das <a href=\"https:\/\/www.nw.de\/events?intl=erwin\" rel=\"nofollow noopener\" target=\"_blank\">Eventportal &#8222;nw.de\/<\/a><a href=\"https:\/\/www.nw.de\/events?intl=erwin\" rel=\"nofollow noopener\" target=\"_blank\">events<\/a><a href=\"https:\/\/www.nw.de\/events?intl=erwin\" rel=\"nofollow noopener\" target=\"_blank\">&#8222;<\/a> bietet eine \u00dcbersicht zu vielen Veranstaltungen in der Region. <\/p>\n","protected":false},"excerpt":{"rendered":"Bielefeld. Noch nichts vor am Wochenende? In Bielefeld ist von Freitag, 31. Juli, bis Sonntag, 2. August, wieder&hellip;\n","protected":false},"author":2,"featured_media":1204557,"comment_status":"","ping_status":"","sticky":false,"template":"","format":"standard","meta":{"footnotes":"","_share_on_mastodon":"0"},"categories":[1841],"tags":[1605,102404,3364,29,20767,251119,553,46457,30,4062,25556,731,16464,16465,1611,1609,9308,9310,9309,198270,736,164252,9312,16467,124602,1209,32881,251118,75542,16455],"class_list":["post-1204556","post","type-post","status-publish","format-standard","has-post-thumbnail","category-bielefeld","tag-bielefeld","tag-cnt_top-artikel","tag-de","tag-deutschland","tag-eintritt","tag-ernst-barlach-haus","tag-familie","tag-freiluftkino","tag-germany","tag-halle","tag-kesselbrink","tag-label_cm-ok","tag-label_everticker","tag-label_hilf-mir","tag-label_informiere-mich","tag-label_plus-ok","tag-label_republish","tag-label_social","tag-label_zeitboost","tag-meta_artikelklasse_evergreen","tag-meta_copyrights_nw","tag-meta_eo_zusammenfassung","tag-meta_themen_familie_bildung_freizeit","tag-meta_userneeds_hilfmir","tag-neue-westfaelische","tag-nordrhein-westfalen","tag-ravensberger-park","tag-schweinerei","tag-sommerkonzert","tag-wochenendtipp"],"share_on_mastodon":{"url":"","error":"Validation failed: Text character limit of 500 exceeded"},"_links":{"self":[{"href":"https:\/\/www.europesays.com\/de\/wp-json\/wp\/v2\/posts\/1204556","targetHints":{"allow":["GET"]}}],"collection":[{"href":"https:\/\/www.europesays.com\/de\/wp-json\/wp\/v2\/posts"}],"about":[{"href":"https:\/\/www.europesays.com\/de\/wp-json\/wp\/v2\/types\/post"}],"author":[{"embeddable":true,"href":"https:\/\/www.europesays.com\/de\/wp-json\/wp\/v2\/users\/2"}],"replies":[{"embeddable":true,"href":"https:\/\/www.europesays.com\/de\/wp-json\/wp\/v2\/comments?post=1204556"}],"version-history":[{"count":0,"href":"https:\/\/www.europesays.com\/de\/wp-json\/wp\/v2\/posts\/1204556\/revisions"}],"wp:featuredmedia":[{"embeddable":true,"href":"https:\/\/www.europesays.com\/de\/wp-json\/wp\/v2\/media\/1204557"}],"wp:attachment":[{"href":"https:\/\/www.europesays.com\/de\/wp-json\/wp\/v2\/media?parent=1204556"}],"wp:term":[{"taxonomy":"category","embeddable":true,"href":"https:\/\/www.europesays.com\/de\/wp-json\/wp\/v2\/categories?post=1204556"},{"taxonomy":"post_tag","embeddable":true,"href":"https:\/\/www.europesays.com\/de\/wp-json\/wp\/v2\/tags?post=1204556"}],"curies":[{"name":"wp","href":"https:\/\/api.w.org\/{rel}","templated":true}]}}