{"id":1204594,"date":"2026-07-31T00:39:37","date_gmt":"2026-07-31T00:39:37","guid":{"rendered":"https:\/\/www.europesays.com\/de\/1204594\/"},"modified":"2026-07-31T00:39:37","modified_gmt":"2026-07-31T00:39:37","slug":"landgericht-nuernberg-frau-vergewaltigt-und-stiefkind-missbraucht-2","status":"publish","type":"post","link":"https:\/\/www.europesays.com\/de\/1204594\/","title":{"rendered":"Landgericht N\u00fcrnberg: Frau vergewaltigt und Stiefkind missbraucht"},"content":{"rendered":"<p class=\"mb-6 text-xs-varying md:text-m lg:text-l font-serif group-[.font-sans]:font-sans \">\n    Ein 59-J\u00e4hriger hat seine Frau auf einem Parkplatz mit anderen M\u00e4nnern vergewaltigt und seine Stieftochter \u00fcber Jahre missbraucht. Das Landgericht <a href=\"https:\/\/www.mainpost.de\/orte\/mp-nuernberg\" target=\"_self\" class=\"underline \" rel=\"nofollow noopener\">N\u00fcrnberg<\/a> verurteilte den Mann deshalb zu einer Haftstrafe von neuneinhalb Jahren, wie eine Gerichtssprecherin mitteilte. Das Urteil ist noch nicht rechtskr\u00e4ftig.\n  <\/p>\n<p class=\"mb-6 text-xs-varying md:text-m lg:text-l font-serif group-[.font-sans]:font-sans \">\n    Die Kammer sah es demnach als erwiesen an, dass er das M\u00e4dchen von 2004 bis 2011 in mehr als 100 F\u00e4llen im Kinderzimmer und in einem Hinterraum seiner Werkstatt schwer sexuell missbraucht hatte. Die Richter waren auch \u00fcberzeugt, dass der Mann aus dem Landkreis Erlangen-H\u00f6chstadt seine Frau auf einem Rastplatz an der A73 zusammen mit drei unbekannten M\u00e4nnern vergewaltigt hatte.\n  <\/p>\n<p>            Freispruch bei weiteren Anklagepunkten<\/p>\n<p class=\"mb-6 text-xs-varying md:text-m lg:text-l font-serif group-[.font-sans]:font-sans \">\n    Die Staatsanwaltschaft hatte ihm au\u00dferdem Vergewaltigung in 80 weiteren F\u00e4llen vorgeworfen. \u00dcber das Internet soll er den Vorw\u00fcrfen zufolge Kontakt zu fremden M\u00e4nnern aufgenommen und diese zum Sex mit sich und seiner Frau nach Hause eingeladen haben, was diese nur aus Angst \u00fcber sich ergehen lassen haben soll.\n  <\/p>\n<p class=\"mb-6 text-xs-varying md:text-m lg:text-l font-serif group-[.font-sans]:font-sans \">\n    Das Landgericht war laut der Gerichtssprecherin aber nicht davon \u00fcberzeugt, dass es sich dabei tats\u00e4chlich um Vergewaltigungen gehandelt hat &#8211; und sprach ihn bez\u00fcglich dieser Vorw\u00fcrfe frei.\n  <\/p>\n","protected":false},"excerpt":{"rendered":"Ein 59-J\u00e4hriger hat seine Frau auf einem Parkplatz mit anderen M\u00e4nnern vergewaltigt und seine Stieftochter \u00fcber Jahre missbraucht.&hellip;\n","protected":false},"author":2,"featured_media":1165792,"comment_status":"","ping_status":"","sticky":false,"template":"","format":"standard","meta":{"footnotes":"","_share_on_mastodon":"0"},"categories":[1837],"tags":[150841,772,3364,29,2690,30,5537,477,1920,3783,42048,1998,1997,1921],"class_list":["post-1204594","post","type-post","status-publish","format-standard","has-post-thumbnail","category-nuernberg","tag-a73","tag-bayern","tag-de","tag-deutschland","tag-gericht","tag-germany","tag-haftstrafe","tag-kinderzimmer","tag-missbrauch","tag-nuernberg","tag-rastplatz","tag-richter","tag-staatsanwaltschaft","tag-vergewaltigung"],"share_on_mastodon":{"url":"https:\/\/pubeurope.com\/@de\/117011805924032488","error":""},"_links":{"self":[{"href":"https:\/\/www.europesays.com\/de\/wp-json\/wp\/v2\/posts\/1204594","targetHints":{"allow":["GET"]}}],"collection":[{"href":"https:\/\/www.europesays.com\/de\/wp-json\/wp\/v2\/posts"}],"about":[{"href":"https:\/\/www.europesays.com\/de\/wp-json\/wp\/v2\/types\/post"}],"author":[{"embeddable":true,"href":"https:\/\/www.europesays.com\/de\/wp-json\/wp\/v2\/users\/2"}],"replies":[{"embeddable":true,"href":"https:\/\/www.europesays.com\/de\/wp-json\/wp\/v2\/comments?post=1204594"}],"version-history":[{"count":0,"href":"https:\/\/www.europesays.com\/de\/wp-json\/wp\/v2\/posts\/1204594\/revisions"}],"wp:featuredmedia":[{"embeddable":true,"href":"https:\/\/www.europesays.com\/de\/wp-json\/wp\/v2\/media\/1165792"}],"wp:attachment":[{"href":"https:\/\/www.europesays.com\/de\/wp-json\/wp\/v2\/media?parent=1204594"}],"wp:term":[{"taxonomy":"category","embeddable":true,"href":"https:\/\/www.europesays.com\/de\/wp-json\/wp\/v2\/categories?post=1204594"},{"taxonomy":"post_tag","embeddable":true,"href":"https:\/\/www.europesays.com\/de\/wp-json\/wp\/v2\/tags?post=1204594"}],"curies":[{"name":"wp","href":"https:\/\/api.w.org\/{rel}","templated":true}]}}