{"id":1204664,"date":"2026-07-31T01:29:18","date_gmt":"2026-07-31T01:29:18","guid":{"rendered":"https:\/\/www.europesays.com\/de\/1204664\/"},"modified":"2026-07-31T01:29:18","modified_gmt":"2026-07-31T01:29:18","slug":"recht-auf-reparatur-neue-pflichten-fuer-haendler-und-verkaeufer","status":"publish","type":"post","link":"https:\/\/www.europesays.com\/de\/1204664\/","title":{"rendered":"Recht auf Reparatur: Neue Pflichten f\u00fcr H\u00e4ndler und Verk\u00e4ufer"},"content":{"rendered":"<p>            <img loading=\"lazy\" decoding=\"async\" class=\"ts-image\" src=\"https:\/\/www.europesays.com\/de\/wp-content\/uploads\/2026\/07\/smartphone-reparatur-110.jpg\" alt=\"An einem ge\u00f6ffneten Smartphone wird eine Reparatur vorgenommen.\" title=\"An einem ge\u00f6ffneten Smartphone wird eine Reparatur vorgenommen. | picture alliance \/ globallookpre\"\/><\/p>\n<p class=\"metatextline\">Stand: 31.07.2026 \u2022 00:02 Uhr<\/p>\n<p class=\"article-head__shorttext\">\n        <strong>Das neue Recht auf Reparatur tritt heute in Kraft. Hersteller m\u00fcssen Elektroger\u00e4te reparaturfreundlicher machen und Ersatzteile bereitstellen. Doch die neuen Regeln gelten nicht f\u00fcr alle Ger\u00e4te. <\/strong>\n    <\/p>\n<p class=\"textabsatz m-ten m-offset-one l-eight l-offset-two columns twelve\">Mit der neuen Verordnung m\u00fcssen Verbraucher ab dem 31. Juli bei einer R\u00fcckgabe von einem defekten Ger\u00e4t innerhalb der gesetzlich vorgeschriebenen Gew\u00e4hrleistungszeit auf das Recht hingewiesen werden, dass sie alternativ zu einem Ger\u00e4teaustausch ein defektes Elektroger\u00e4t auch reparieren lassen k\u00f6nnen, sofern die Kosten f\u00fcr die Reparatur nicht die Kosten f\u00fcr einen Austausch \u00fcbersteigen.<\/p>\n<p>    Regeln gelten \u00fcberwiegend f\u00fcr gro\u00dfe Haushaltsger\u00e4te<\/p>\n<p class=\"textabsatz m-ten m-offset-one l-eight l-offset-two columns twelve\">Neu ist: Verk\u00e4ufer m\u00fcssen ein Reparaturangebot durch den Hersteller nun auch nach Ablauf der Gew\u00e4hrleistung anbieten. Bei Ger\u00e4ten, die innerhalb der Gew\u00e4hrleistungszeit instand gesetzt werden, verl\u00e4ngert sich diese um ein Jahr. Auch m\u00fcssen Hersteller Ersatzteile, Werkzeuge oder die n\u00f6tigen Anleitungen f\u00fcr eine Reparatur zur Verf\u00fcgung stellen. Dar\u00fcber hinaus d\u00fcrfen weder bauliche noch rechtliche Beschr\u00e4nkungen die Reparaturarbeiten behindern, ebenso wie die in den Ger\u00e4ten verwendete Software.<\/p>\n<p class=\"textabsatz m-ten m-offset-one l-eight l-offset-two columns twelve\">Die Regelung gilt derzeit f\u00fcr vor allem f\u00fcr gr\u00f6\u00dfere Haushaltsger\u00e4te wie Geschirrsp\u00fcler und Trockner, K\u00fchlger\u00e4te oder kabelgebundene Staubsauger, ebenso f\u00fcr E-Bikes und E-Scooter.<br \/>Auch Ger\u00e4te mit elektronischen Displays wie Fernseher, Tablets oder Smartphones fallen unter das neue Recht, Laptops hingegen noch nicht.<\/p>\n<p class=\"textabsatz m-ten m-offset-one l-eight l-offset-two columns twelve\">Kleinere Haushaltsger\u00e4te wie Kaffeeautomaten, B\u00fcgeleisen oder Digitalkameras sind derzeit ebenfalls nicht durch die neue Regelung abgedeckt. Allerdings soll die Richtlinie nach und nach um weitere Produkte erg\u00e4nzt werden.<\/p>\n<p>    Recht auf Reparatur soll auch f\u00fcr \u00e4ltere Ger\u00e4te gelten<\/p>\n<p class=\"textabsatz m-ten m-offset-one l-eight l-offset-two columns twelve\">Verbraucher sollen das Recht auf Reparatur viele Jahre lang geltend machen k\u00f6nnen, auch wenn die betroffenen Ger\u00e4te nicht mehr hergestellt werden. So m\u00fcssen beispielsweise Ersatzteile bei Waschmaschinen noch zehn Jahre nach Einstellung der Produktion erh\u00e4ltlich sein, bei Smartphones sieben Jahre.<\/p>\n<p class=\"textabsatz m-ten m-offset-one l-eight l-offset-two columns twelve\">In einem zweiten Schritt, der im Februar 2027 umgesetzt werden soll, werden Hersteller von batteriebetrieben Ger\u00e4ten dazu verpflichtet, ausschlie\u00dflich austauschbare Akkus in ihren Ger\u00e4ten zu verbauen.<\/p>\n<p>    Durchbruch f\u00fcr Umwelt- und Verbrauchersch\u00fctzer<\/p>\n<p class=\"textabsatz m-ten m-offset-one l-eight l-offset-two columns twelve\">Unterst\u00fctzer einer nachhaltigeren Wirtschaft begr\u00fc\u00dfen die neue Gesetzgebung. Darunter auch der Sachbuchautor und ehemalige Direktor des Deutschen Museums Wolfgang Heckl: &#8222;Denken wir nur an den Elektroschrott, (&#8230;) wo die Kinder in Afrika die M\u00fcllhalden unter prek\u00e4ren Bedingungen durchsuchen m\u00fcssen.&#8220; Auch vergr\u00f6\u00dfere man die Abh\u00e4ngigkeit von chinesischen Rohstoffen, &#8222;wenn wir die Elektroger\u00e4te einfach wegwerfen, anstatt sie zu reparieren&#8220;.<\/p>\n<p class=\"textabsatz m-ten m-offset-one l-eight l-offset-two columns twelve\">Tats\u00e4chlich werden nach EU-Angaben durch das vorzeitige Entsorgen von Konsumg\u00fctern in Europa j\u00e4hrlich 30 Millionen Tonnen Ressourcen unn\u00f6tig verbraucht und 35 Millionen Tonnen Abfall verursacht. Zudem entstehen Verbrauchern pro Jahr Verluste in H\u00f6he von etwa zw\u00f6lf Milliarden Euro durch unn\u00f6tige Neuanschaffungen.<\/p>\n<p>    Industrie- und Handelskammer sieht neue Richtlinien kritisch<\/p>\n<p class=\"textabsatz m-ten m-offset-one l-eight l-offset-two columns twelve\">Der Deutschen Industrie- und Handelskammer (DIHK) gehen diese Ma\u00dfnahmen zu weit. Zwar begr\u00fc\u00dfe man grunds\u00e4tzlich Nachhaltigkeit bei der Produktion. Allerdings k\u00e4me mit der neuen Gesetzgebung auch ein f\u00fcr Hersteller und H\u00e4ndler kaum zu bew\u00e4ltigender Mehraufwand zu.<\/p>\n<p class=\"textabsatz m-ten m-offset-one l-eight l-offset-two columns twelve\">Auch f\u00fcrchte man beispielsweise eine Wettbewerbsverzerrung durch den Direktimport von Waren etwa aus China. W\u00e4hrend deutsche Importeure das Recht auf Reparatur auch f\u00fcr Ger\u00e4te wie Smartphones gew\u00e4hren m\u00fcssen, die nicht in der EU produziert werden, k\u00f6nnen \u00fcber den Direktimport auch minderwertige, schwer oder gar nicht zu reparierende Ger\u00e4te zu deutlich geringeren Preisen auf den deutschen Markt gelangen.<\/p>\n<p>    EU hofft auf Wiederankurbelung des Reparaturmarktes<\/p>\n<p class=\"textabsatz m-ten m-offset-one l-eight l-offset-two columns twelve\">&#8222;Es wird Wettbewerbsnachteile mit sich bringen, sofern wir uns in Deutschland und Europa an das geltende Recht halten, und andere aus Drittl\u00e4ndern dieses Recht nicht einhalten&#8220;, erkl\u00e4rt Dirk Binding von der DIHK.<\/p>\n<p class=\"textabsatz m-ten m-offset-one l-eight l-offset-two columns twelve\">Neben Abfallvermeidung und dem Einsparen von Rohstoffen hofft die EU auch auf einen Aufschwung bei kleineren Reparaturwerkst\u00e4tten und anderen Anbietern. Laut der Verordnung m\u00fcssen Reparaturen nicht zwingend durch den Hersteller erfolgen. Produzenten sind sogar verpflichtet, daf\u00fcr zu sorgen, dass auch Ersatzteile anderer Hersteller oder sogar selbstgebaute Teile f\u00fcr die Reparatur verwendet werden k\u00f6nnen.<\/p>\n","protected":false},"excerpt":{"rendered":"Stand: 31.07.2026 \u2022 00:02 Uhr Das neue Recht auf Reparatur tritt heute in Kraft. Hersteller m\u00fcssen Elektroger\u00e4te reparaturfreundlicher&hellip;\n","protected":false},"author":2,"featured_media":1204665,"comment_status":"","ping_status":"","sticky":false,"template":"","format":"standard","meta":{"footnotes":"","_share_on_mastodon":"0"},"categories":[134],"tags":[175,170,169,29,38878,30,171,174,27339,5087,173,172,625],"class_list":["post-1204664","post","type-post","status-publish","format-standard","has-post-thumbnail","category-unternehmen-maerkte","tag-business","tag-companies","tag-companies-markets","tag-deutschland","tag-elektrogeraete","tag-germany","tag-markets","tag-maerkte","tag-rechte","tag-reparatur","tag-unternehmen","tag-unternehmen-maerkte","tag-verbraucher"],"share_on_mastodon":{"url":"","error":""},"_links":{"self":[{"href":"https:\/\/www.europesays.com\/de\/wp-json\/wp\/v2\/posts\/1204664","targetHints":{"allow":["GET"]}}],"collection":[{"href":"https:\/\/www.europesays.com\/de\/wp-json\/wp\/v2\/posts"}],"about":[{"href":"https:\/\/www.europesays.com\/de\/wp-json\/wp\/v2\/types\/post"}],"author":[{"embeddable":true,"href":"https:\/\/www.europesays.com\/de\/wp-json\/wp\/v2\/users\/2"}],"replies":[{"embeddable":true,"href":"https:\/\/www.europesays.com\/de\/wp-json\/wp\/v2\/comments?post=1204664"}],"version-history":[{"count":0,"href":"https:\/\/www.europesays.com\/de\/wp-json\/wp\/v2\/posts\/1204664\/revisions"}],"wp:featuredmedia":[{"embeddable":true,"href":"https:\/\/www.europesays.com\/de\/wp-json\/wp\/v2\/media\/1204665"}],"wp:attachment":[{"href":"https:\/\/www.europesays.com\/de\/wp-json\/wp\/v2\/media?parent=1204664"}],"wp:term":[{"taxonomy":"category","embeddable":true,"href":"https:\/\/www.europesays.com\/de\/wp-json\/wp\/v2\/categories?post=1204664"},{"taxonomy":"post_tag","embeddable":true,"href":"https:\/\/www.europesays.com\/de\/wp-json\/wp\/v2\/tags?post=1204664"}],"curies":[{"name":"wp","href":"https:\/\/api.w.org\/{rel}","templated":true}]}}