{"id":1204735,"date":"2026-07-31T02:19:25","date_gmt":"2026-07-31T02:19:25","guid":{"rendered":"https:\/\/www.europesays.com\/de\/1204735\/"},"modified":"2026-07-31T02:19:25","modified_gmt":"2026-07-31T02:19:25","slug":"landgericht-nuernberg-frau-vergewaltigt-und-stiefkind-missbraucht-haftstrafe","status":"publish","type":"post","link":"https:\/\/www.europesays.com\/de\/1204735\/","title":{"rendered":"Landgericht N\u00fcrnberg: Frau vergewaltigt und Stiefkind missbraucht &#8211; Haftstrafe"},"content":{"rendered":"<p class=\"paragraph article__item\">Ein 59-J\u00e4hriger hat seine Frau auf einem Parkplatz mit anderen M\u00e4nnern vergewaltigt und seine Stieftochter \u00fcber Jahre missbraucht. Das Landgericht <a class=\"rtr-entity\" href=\"https:\/\/www.zeit.de\/thema\/nuernberg\" rel=\"nofollow noopener\" target=\"_blank\">N\u00fcrnberg<\/a> verurteilte den Mann deshalb zu einer Haftstrafe von neuneinhalb Jahren, wie eine Gerichtssprecherin mitteilte. Das Urteil ist noch nicht rechtskr\u00e4ftig.\u00a0\n<\/p>\n<p>Aktuelles<\/p>\n<p>                <a href=\"https:\/\/www.zeit.de\/gesellschaft\/zeitgeschehen\/2026-07\/vergewaltigung-berlin-elektriker-online-dating-schlafmittel-gxe\" data-ct-label=\"Sexuelle Gewalt: Mann aus Berlin soll zahlreiche Frauen sediert und vergewaltigt haben\" data-uuid=\"772bc73c-cf7e-4f6e-81a5-c3aa92acbac8\" rel=\"nofollow noopener\" target=\"_blank\"><\/p>\n<p>                        Sexuelle Gewalt:<br \/>\n                        Mann aus Berlin soll zahlreiche Frauen sediert und vergewaltigt haben<\/p>\n<p>                <\/a><\/p>\n<p>                <a href=\"https:\/\/www.zeit.de\/sport\/2026-07\/sexualisierte-gewalt-vergewaltigungsvorwuerfe-weltmeisterschaft-fussball-gruenflaeche\" data-ct-label=\"Sexualisierte Gewalt im Fu\u00dfball : Wie kann ich mir das als Frau nur geben?\" data-uuid=\"f31adb24-ecc7-4090-8b1c-597be43f88a8\" rel=\"nofollow noopener\" target=\"_blank\"><\/p>\n<p>        Z+ (abopflichtiger Inhalt);<\/p>\n<p>    Sexualisierte Gewalt im Fu\u00dfball :<br \/>\n                        Wie kann ich mir das als Frau nur geben?<\/p>\n<p>                <\/a><\/p>\n<p>                <a href=\"https:\/\/www.zeit.de\/politik\/deutschland\/2026-07\/olg-muenchen-is-mitgliedschaft-voelkermord-jesiden-irak-gxe\" data-ct-label=\"OLG M\u00fcnchen: Lebenslang f\u00fcr Versklavung jesidischer M\u00e4dchen und IS-Mitgliedschaft\" data-uuid=\"b15314db-73ca-4154-bb48-b3ddda004e41\" rel=\"nofollow noopener\" target=\"_blank\"><\/p>\n<p>                        OLG M\u00fcnchen:<br \/>\n                        Lebenslang f\u00fcr Versklavung jesidischer M\u00e4dchen und IS-Mitgliedschaft<\/p>\n<p>                <\/a><\/p>\n<p class=\"paragraph article__item\">Die Kammer sah es demnach als erwiesen an, dass er das M\u00e4dchen von 2004 bis 2011 in mehr als 100 F\u00e4llen im Kinderzimmer und in einem Hinterraum seiner Werkstatt schwer sexuell missbraucht hatte. Die Richter waren auch \u00fcberzeugt, dass der Mann aus dem Landkreis Erlangen-H\u00f6chstadt seine Frau auf einem Rastplatz an der A73 zusammen mit drei unbekannten M\u00e4nnern vergewaltigt hatte.\n<\/p>\n<p>                        Freispruch bei weiteren Anklagepunkten            <\/p>\n<p class=\"paragraph article__item\">Die Staatsanwaltschaft hatte ihm au\u00dferdem Vergewaltigung in 80 weiteren F\u00e4llen vorgeworfen. \u00dcber das Internet soll er den Vorw\u00fcrfen zufolge Kontakt zu fremden M\u00e4nnern aufgenommen und diese zum Sex mit sich und seiner Frau nach Hause eingeladen haben, was diese nur aus Angst \u00fcber sich ergehen lassen haben soll.\u00a0\n<\/p>\n<p class=\"paragraph article__item\">Das <a class=\"rtr-entity\" href=\"https:\/\/www.zeit.de\/thema\/landgericht\" rel=\"nofollow noopener\" target=\"_blank\">Landgericht<\/a> war laut der Gerichtssprecherin aber nicht davon \u00fcberzeugt, dass es sich dabei tats\u00e4chlich um Vergewaltigungen gehandelt hat &#8211; und sprach ihn bez\u00fcglich dieser Vorw\u00fcrfe frei.\n<\/p>\n<p class=\"paragraph article__item\">\u00a9 dpa-infocom, dpa:260730-930-462518\/1<\/p>\n","protected":false},"excerpt":{"rendered":"Ein 59-J\u00e4hriger hat seine Frau auf einem Parkplatz mit anderen M\u00e4nnern vergewaltigt und seine Stieftochter \u00fcber Jahre missbraucht.&hellip;\n","protected":false},"author":2,"featured_media":1204736,"comment_status":"","ping_status":"","sticky":false,"template":"","format":"standard","meta":{"footnotes":"","_share_on_mastodon":"0"},"categories":[1837],"tags":[772,3364,29,30,5537,4933,69442,1980,15,3783],"class_list":["post-1204735","post","type-post","status-publish","format-standard","has-post-thumbnail","category-nuernberg","tag-bayern","tag-de","tag-deutschland","tag-germany","tag-haftstrafe","tag-landgericht","tag-landgericht-nuernberg","tag-mann","tag-news","tag-nuernberg"],"share_on_mastodon":{"url":"https:\/\/pubeurope.com\/@de\/117012199268092064","error":""},"_links":{"self":[{"href":"https:\/\/www.europesays.com\/de\/wp-json\/wp\/v2\/posts\/1204735","targetHints":{"allow":["GET"]}}],"collection":[{"href":"https:\/\/www.europesays.com\/de\/wp-json\/wp\/v2\/posts"}],"about":[{"href":"https:\/\/www.europesays.com\/de\/wp-json\/wp\/v2\/types\/post"}],"author":[{"embeddable":true,"href":"https:\/\/www.europesays.com\/de\/wp-json\/wp\/v2\/users\/2"}],"replies":[{"embeddable":true,"href":"https:\/\/www.europesays.com\/de\/wp-json\/wp\/v2\/comments?post=1204735"}],"version-history":[{"count":0,"href":"https:\/\/www.europesays.com\/de\/wp-json\/wp\/v2\/posts\/1204735\/revisions"}],"wp:featuredmedia":[{"embeddable":true,"href":"https:\/\/www.europesays.com\/de\/wp-json\/wp\/v2\/media\/1204736"}],"wp:attachment":[{"href":"https:\/\/www.europesays.com\/de\/wp-json\/wp\/v2\/media?parent=1204735"}],"wp:term":[{"taxonomy":"category","embeddable":true,"href":"https:\/\/www.europesays.com\/de\/wp-json\/wp\/v2\/categories?post=1204735"},{"taxonomy":"post_tag","embeddable":true,"href":"https:\/\/www.europesays.com\/de\/wp-json\/wp\/v2\/tags?post=1204735"}],"curies":[{"name":"wp","href":"https:\/\/api.w.org\/{rel}","templated":true}]}}