{"id":1204755,"date":"2026-07-31T02:33:13","date_gmt":"2026-07-31T02:33:13","guid":{"rendered":"https:\/\/www.europesays.com\/de\/1204755\/"},"modified":"2026-07-31T02:33:13","modified_gmt":"2026-07-31T02:33:13","slug":"informationsfahrten-durch-taucha-mit-dem-buergermeister-%c2%b7-leipziger-zeitung","status":"publish","type":"post","link":"https:\/\/www.europesays.com\/de\/1204755\/","title":{"rendered":"Informationsfahrten durch Taucha mit dem B\u00fcrgermeister \u00b7 Leipziger Zeitung"},"content":{"rendered":"<p class=\"wp-block-paragraph\">B\u00fcrgermeister Tobias Meier l\u00e4dt auch in diesem Jahr zu Informationsfahrten mit dem Fahrrad oder mit dem Bus ein.<\/p>\n<p>Eine Fahrradtour am 19. September 2026<\/p>\n<p class=\"wp-block-paragraph\">Unser B\u00fcrgermeister Tobias Meier l\u00e4dt auch in diesem Jahr alle B\u00fcrgerinnen und B\u00fcrger zu einer gemeinsamen Fahrradtour durch Taucha und seine Ortsteile ein. Alle Interessierten sind herzlich willkommen! Start ist um 09:00 Uhr auf dem Hof des Rittergutsschlosses. <\/p>\n<p class=\"wp-block-paragraph\">Die Fahrt f\u00fchrt an verschiedene Haltepunkte, an denen der B\u00fcrgermeister zur Stadtentwicklung informiert und die M\u00f6glichkeit gibt, in geselliger Runde miteinander ins Gespr\u00e4ch zu kommen. Bitte achten Sie auf die eigene Verkehrssicherheit und das Tragen witterungsgerechter Kleidung.<\/p>\n<p class=\"wp-block-paragraph\"><strong>Hinweis<\/strong>: Da die begehrte Fahrradtour erfahrungsgem\u00e4\u00df schnell ausgebucht ist, empfiehlt sich eine zeitnahe telefonische Anmeldung oder Buchung \u00fcber das Beteiligungsportal. Eine Warteliste wird eingerichtet, sodass bei Stornierungen Chancen f\u00fcr Nachr\u00fccker bestehen.<\/p>\n<p class=\"wp-block-paragraph\"><strong>Informationsfahrt mit dem B\u00fcrgermeister (Fahrrad-Tour)<\/strong><br \/><strong>Wann? <\/strong>19. September 2026, 09:00 Uhr (bis ca. 13:00 Uhr)<br \/><strong>Wo? <\/strong>Treffpunkt: Hof des Rittergutsschlosses<br \/><strong>Anmeldelink<\/strong>: <a href=\"https:\/\/mitdenken.sachsen.de\/1064692\" target=\"_blank\" rel=\"noreferrer noopener nofollow\">https:\/\/mitdenken.sachsen.de\/1064692<\/a><\/p>\n<p>Zwei Bustouren am 26. September 2026<\/p>\n<p class=\"wp-block-paragraph\">Unser B\u00fcrgermeister Tobias Meier bietet auch in diesem Jahr besonders den \u00e4lteren B\u00fcrgerinnen und B\u00fcrgern und jenen, welche nicht so gut zu Fu\u00df sind, zwei Informationsfahrten mit dem Bus durch Taucha und seine Ortsteile an. Abfahrt der ersten Bustour ist um 9:00 Uhr vom Busbahnhof Taucha, die zweite Tour beginnt um 11:00 Uhr. <\/p>\n<p class=\"wp-block-paragraph\">An den einzelnen Stationen informiert der B\u00fcrgermeister zur aktuellen Stadtentwicklung und erl\u00e4utert derzeitige oder geplante Vorhaben. Au\u00dferdem gibt es die M\u00f6glichkeit, in geselliger Runde miteinander ins Gespr\u00e4ch zu kommen.<\/p>\n<p class=\"wp-block-paragraph\">Hinweis: Da die beliebte Bustour erfahrungsgem\u00e4\u00df schnell ausgebucht ist, empfiehlt sich eine zeitnahe telefonische Anmeldung bzw. eine Buchung \u00fcber das Beteiligungsportal. Eine Warteliste wird eingerichtet, sodass bei Absagen Chancen f\u00fcr Nachr\u00fccker bestehen.<\/p>\n<p class=\"wp-block-paragraph\"><strong>Informationsfahrt mit dem B\u00fcrgermeister (Bus-Tour Nr. 1)<\/strong><br \/><strong>Wann<\/strong>? 26. September 2026, 09:00 Uhr (Ende ca. 10:30 Uhr)<br \/><strong>Wo<\/strong>? Treffpunkt ist Busbahnhof in Taucha, Bahnhofstra\u00dfe\/Weststra\u00dfe<br \/><strong>Anmeldelink<\/strong>: <a href=\"https:\/\/mitdenken.sachsen.de\/1066464\" target=\"_blank\" rel=\"noreferrer noopener nofollow\">https:\/\/mitdenken.sachsen.de\/1066464<\/a><\/p>\n<p class=\"wp-block-paragraph\"><strong>Informationsfahrt mit dem B\u00fcrgermeister (Bus-Tour Nr. 2)<\/strong><br \/><strong>Wann<\/strong>? 26. September 2026, 11:00 Uhr (Ende ca. 12:30 Uhr)<br \/><strong>Wo<\/strong>? Treffpunkt ist Busbahnhof in Taucha, Bahnhofstra\u00dfe\/Weststra\u00dfe<br \/><strong>Anmeldelink<\/strong>: <a href=\"https:\/\/mitdenken.sachsen.de\/1066466\" target=\"_blank\" rel=\"noreferrer noopener nofollow\">https:\/\/mitdenken.sachsen.de\/1066466<\/a><\/p>\n<p class=\"wp-block-paragraph\">Wir freuen uns \u00fcber Ihre Anmeldung zu den Touren, vorzugsweise \u00fcber den Link. Gerne nehmen wir aber Ihre Anmeldung zu den Touren zu den \u00d6ffnungszeiten des Rathauses auch telefonisch unter <strong>034298 70168<\/strong> oder <strong>70106<\/strong> entgegen.<\/p>\n","protected":false},"excerpt":{"rendered":"B\u00fcrgermeister Tobias Meier l\u00e4dt auch in diesem Jahr zu Informationsfahrten mit dem Fahrrad oder mit dem Bus ein.&hellip;\n","protected":false},"author":2,"featured_media":1204756,"comment_status":"","ping_status":"","sticky":false,"template":"","format":"standard","meta":{"footnotes":"","_share_on_mastodon":"0"},"categories":[1832],"tags":[8389,3364,29,30,71,859,30532],"class_list":["post-1204755","post","type-post","status-publish","format-standard","has-post-thumbnail","category-leipzig","tag-buergermeister","tag-de","tag-deutschland","tag-germany","tag-leipzig","tag-sachsen","tag-taucha"],"share_on_mastodon":{"url":"https:\/\/pubeurope.com\/@de\/117012254531032304","error":""},"_links":{"self":[{"href":"https:\/\/www.europesays.com\/de\/wp-json\/wp\/v2\/posts\/1204755","targetHints":{"allow":["GET"]}}],"collection":[{"href":"https:\/\/www.europesays.com\/de\/wp-json\/wp\/v2\/posts"}],"about":[{"href":"https:\/\/www.europesays.com\/de\/wp-json\/wp\/v2\/types\/post"}],"author":[{"embeddable":true,"href":"https:\/\/www.europesays.com\/de\/wp-json\/wp\/v2\/users\/2"}],"replies":[{"embeddable":true,"href":"https:\/\/www.europesays.com\/de\/wp-json\/wp\/v2\/comments?post=1204755"}],"version-history":[{"count":0,"href":"https:\/\/www.europesays.com\/de\/wp-json\/wp\/v2\/posts\/1204755\/revisions"}],"wp:featuredmedia":[{"embeddable":true,"href":"https:\/\/www.europesays.com\/de\/wp-json\/wp\/v2\/media\/1204756"}],"wp:attachment":[{"href":"https:\/\/www.europesays.com\/de\/wp-json\/wp\/v2\/media?parent=1204755"}],"wp:term":[{"taxonomy":"category","embeddable":true,"href":"https:\/\/www.europesays.com\/de\/wp-json\/wp\/v2\/categories?post=1204755"},{"taxonomy":"post_tag","embeddable":true,"href":"https:\/\/www.europesays.com\/de\/wp-json\/wp\/v2\/tags?post=1204755"}],"curies":[{"name":"wp","href":"https:\/\/api.w.org\/{rel}","templated":true}]}}