{"id":1204839,"date":"2026-07-31T03:24:26","date_gmt":"2026-07-31T03:24:26","guid":{"rendered":"https:\/\/www.europesays.com\/de\/1204839\/"},"modified":"2026-07-31T03:24:26","modified_gmt":"2026-07-31T03:24:26","slug":"bebauungsplaene-koennten-projekte-in-verl-verzoegern","status":"publish","type":"post","link":"https:\/\/www.europesays.com\/de\/1204839\/","title":{"rendered":"Bebauungspl\u00e4ne k\u00f6nnten Projekte in Verl\u00a0 verz\u00f6gern"},"content":{"rendered":"<p>\u00c4rzteh\u00e4user an der G\u00fctersloher Stra\u00dfe und Paderborner Stra\u00dfe. Vor dem Bau werden jedoch die Bebauungspl\u00e4ne ge\u00e4ndert. Das wirft Fragen auf.<\/p>\n<p>Verl (gl) &#8211; Wie schnell kann es mit den geplanten \u00c4rzteh\u00e4usern in Verl an der G\u00fctersloher Stra\u00dfe 87 und der Paderborner Stra\u00dfe\/Ecke Lindenstra\u00dfe nun vorangehen? Wenn es nach Investor Kevin Kreyer (G\u00fctersloher Stra\u00dfe) geht, am liebsten sofort. An der Paderborner Stra\u00dfe k\u00f6nnte sich die Sache\u2026<\/p>\n<p>            <img decoding=\"async\" src=\"https:\/\/www.die-glocke.de\/typo3conf\/ext\/bo_dieglocke_template\/Resources\/Public\/Images\/logo\/glocke_plus_icon.svg\" class=\"pwTopImage\" alt=\"Glocke Plus\"\/><\/p>\n<p>                Jetzt weiterlesen mit G+<\/p>\n<p class=\"card-text equal-height text-center\" data-equalheightgroup=\"1\">\n                0,99 \u20ac im 1. Monat \u2013 monatlich k\u00fcndbar\n            <\/p>\n<tr>\n<tr>\n<td class=\"w-25px p-1\">\n<\/td>\n<td class=\"p-1\">\n<p>                                            aktuelle Nachrichten rund um die Uhr<\/p>\n<\/td>\n<\/tr>\n<tr>\n<td class=\"w-25px p-1\">\n<\/td>\n<td class=\"p-1\">\n<p>                                            nur 79 \u20ac (ab dem 13. Monat 7,90 \u20ac monatlich)<\/p>\n<\/td>\n<\/tr>\n<tr>\n<td class=\"w-25px p-1\">\n<\/td>\n<td class=\"p-1\">\n<p>                                            nach 12 Monaten Mindestlaufzeit monatlich k\u00fcndbar<\/p>\n<\/td>\n<\/tr>\n<tr>\n<td class=\"w-25px p-1\">\n<\/td>\n<td class=\"p-1\">\n<p>                                            sparen Sie 15,80 \u20ac gegen\u00fcber dem Monatsabo<\/p>\n<\/td>\n<\/tr>\n<\/tr>\n<p>\n                        79 \u20ac f\u00fcr 12 Monate\n                    <\/p>\n<p>                    <a data-upscore-conversion=\"1\" class=\"btn link-primary border rounded border-2 border-primary d-block w-100 mb-4\" href=\"https:\/\/shop.die-glocke.de\/bestellen\/g-jahresabo-bc91?type=paypal&amp;upscore_object_id=c66f5267-07bf-4e04-8715-38ba7411aac7-Portal&amp;upscore_offer_id=&amp;upscore_click_id=&amp;upscore_object_url=https%3A%2F%2Fwww.die-glocke.de%2Fkreis-guetersloh%2Fverl%2Fartikel%2Fbebauungsplaene-koennten-projekte-in-verl-verzoegern-1785420005&amp;target=https%3A%2F%2Fwww.die-glocke.de%2Fkreis-guetersloh%2Fverl%2Fartikel%2Fbebauungsplaene-koennten-projekte-in-verl-verzoegern-1785420005\" rel=\"nofollow noopener\" target=\"_blank\"><br \/>\n                        <strong>Jahresabo bestellen mit <\/strong><br \/>\n                        <img loading=\"lazy\" decoding=\"async\" class=\"me-2 icon-paypal\" src=\"https:\/\/www.die-glocke.de\/fileadmin\/images\/demo\/paypal.svg\" width=\"65\" height=\"15\" alt=\"Paypal\"\/><br \/>\n                    <\/a><\/p>\n<p>                    <a data-upscore-conversion=\"1\" class=\"paywall_order_btn-668975\" href=\"https:\/\/shop.die-glocke.de\/gplus-jahresabo?upscore_object_id=c66f5267-07bf-4e04-8715-38ba7411aac7-Portal&amp;upscore_offer_id=&amp;upscore_click_id=&amp;upscore_object_url=https%3A%2F%2Fwww.die-glocke.de%2Fkreis-guetersloh%2Fverl%2Fartikel%2Fbebauungsplaene-koennten-projekte-in-verl-verzoegern-1785420005&amp;target=https%3A%2F%2Fwww.die-glocke.de%2Fkreis-guetersloh%2Fverl%2Fartikel%2Fbebauungsplaene-koennten-projekte-in-verl-verzoegern-1785420005\" rel=\"nofollow noopener\" target=\"_blank\"><br \/>\n                        Jahresabo bestellen<br \/>\n                    <\/a><\/p>\n<p>Texte und Fotos von die-glocke.de sind urheberrechtlich gesch\u00fctzt.<br \/>\n            Weiterverwendung nur mit Genehmigung der Chefredaktion.<\/p>\n","protected":false},"excerpt":{"rendered":"\u00c4rzteh\u00e4user an der G\u00fctersloher Stra\u00dfe und Paderborner Stra\u00dfe. Vor dem Bau werden jedoch die Bebauungspl\u00e4ne ge\u00e4ndert. Das wirft&hellip;\n","protected":false},"author":2,"featured_media":1204840,"comment_status":"","ping_status":"","sticky":false,"template":"","format":"standard","meta":{"footnotes":"","_share_on_mastodon":"0"},"categories":[1841],"tags":[49645,14314,1605,3364,29,30,243076,251191,1209,251190,243075],"class_list":["post-1204839","post","type-post","status-publish","format-standard","has-post-thumbnail","category-bielefeld","tag-aerztehaus","tag-bebauungsplan","tag-bielefeld","tag-de","tag-deutschland","tag-germany","tag-guetersloher-strasse-verl","tag-medizinisches-versorgungszentrum","tag-nordrhein-westfalen","tag-ortsdurchfahrt-ost-verl","tag-paderborner-strasse-verl"],"share_on_mastodon":{"url":"https:\/\/pubeurope.com\/@de\/117012454983855129","error":""},"_links":{"self":[{"href":"https:\/\/www.europesays.com\/de\/wp-json\/wp\/v2\/posts\/1204839","targetHints":{"allow":["GET"]}}],"collection":[{"href":"https:\/\/www.europesays.com\/de\/wp-json\/wp\/v2\/posts"}],"about":[{"href":"https:\/\/www.europesays.com\/de\/wp-json\/wp\/v2\/types\/post"}],"author":[{"embeddable":true,"href":"https:\/\/www.europesays.com\/de\/wp-json\/wp\/v2\/users\/2"}],"replies":[{"embeddable":true,"href":"https:\/\/www.europesays.com\/de\/wp-json\/wp\/v2\/comments?post=1204839"}],"version-history":[{"count":0,"href":"https:\/\/www.europesays.com\/de\/wp-json\/wp\/v2\/posts\/1204839\/revisions"}],"wp:featuredmedia":[{"embeddable":true,"href":"https:\/\/www.europesays.com\/de\/wp-json\/wp\/v2\/media\/1204840"}],"wp:attachment":[{"href":"https:\/\/www.europesays.com\/de\/wp-json\/wp\/v2\/media?parent=1204839"}],"wp:term":[{"taxonomy":"category","embeddable":true,"href":"https:\/\/www.europesays.com\/de\/wp-json\/wp\/v2\/categories?post=1204839"},{"taxonomy":"post_tag","embeddable":true,"href":"https:\/\/www.europesays.com\/de\/wp-json\/wp\/v2\/tags?post=1204839"}],"curies":[{"name":"wp","href":"https:\/\/api.w.org\/{rel}","templated":true}]}}