{"id":1204847,"date":"2026-07-31T03:28:19","date_gmt":"2026-07-31T03:28:19","guid":{"rendered":"https:\/\/www.europesays.com\/de\/1204847\/"},"modified":"2026-07-31T03:28:19","modified_gmt":"2026-07-31T03:28:19","slug":"baustellen-frust-in-castrop-rauxel-poeppinghausen-anwohner-kritisieren-euv","status":"publish","type":"post","link":"https:\/\/www.europesays.com\/de\/1204847\/","title":{"rendered":"Baustellen-Frust in Castrop-Rauxel-P\u00f6ppinghausen: Anwohner kritisieren EUV"},"content":{"rendered":"<p>\t\tFast zehn Monate Baustellen-Frust in P\u00f6ppinghausen<br \/>\n\t\t\t\t\tAndr\u00e9 Kranich: \u201eWir sind immer die Dummen\u201c<\/p>\n<p>\t\t<img alt=\"\" src=\"https:\/\/www.europesays.com\/de\/wp-content\/uploads\/2026\/05\/0036-1311018.High_.jpg\"  class=\"avatar avatar-36 photo avatar-default\" height=\"36\" width=\"36\" loading=\"eager\" decoding=\"async\"\/>\t\t<a class=\"article-author__name\" href=\"https:\/\/www.ruhrnachrichten.de\/author\/johannes-wenzel\/\" rel=\"author nofollow noopener\" target=\"_blank\">Johannes Wenzel<\/a><br \/>\n\t\tRedakteur<\/p>\n<p>    <a href=\"https:\/\/www.ruhrnachrichten.de\/wp-content\/uploads\/2026\/07\/30\/15\/630_0900_6608479_-1648x824.jpg\" rel=\"nofollow noopener\" target=\"_blank\"><\/p>\n<p>            <img loading=\"lazy\" decoding=\"async\" src=\"https:\/\/www.europesays.com\/de\/wp-content\/uploads\/2026\/07\/630_0900_6608477_-640x428.jpg\" width=\"640\" height=\"428\"  alt=\"Andr\u00e9 Kranich steht vor der Baustelle am Lohweg\/Krummer Weg in Castrop-Rauxel-P\u00f6ppinghausen mit verschr\u00e4nkten Armen.\"\/><\/p>\n<p>    <\/a><br \/>\n    Andr\u00e9 Kranich hat den Kaffee auf &#8211; wie so viele in seiner Nachbarschaft. \u201eUns geht\u2019s so langsam aber sicher auf den Nerv\u201c, fasst der P\u00f6ppinghausener die Stimmung in der Siedlung am Lohweg\/Krummer Weg zusammen. \u00a9 Johannes Wenzel<\/p>\n<p class=\"article__teaser-text\">Mehrfach wurden Bauarbeiten in P\u00f6ppinghausen unterbrochen. Laut Andr\u00e9 Kranich w\u00e4chst bei den Menschen im Dorf das Gef\u00fchl, nur zweite Geige zu spielen.<\/p>\n<p>3 Min Lesezeit<\/p>\n<p>Baustelle stand mehrfach still\u201eLeute hier machen alles mit\u201cEUV erkl\u00e4rt Verz\u00f6gerungenKein Enddatum in Sicht<\/p>\n","protected":false},"excerpt":{"rendered":"Fast zehn Monate Baustellen-Frust in P\u00f6ppinghausen Andr\u00e9 Kranich: \u201eWir sind immer die Dummen\u201c Johannes Wenzel Redakteur Andr\u00e9 Kranich&hellip;\n","protected":false},"author":2,"featured_media":1204848,"comment_status":"","ping_status":"","sticky":false,"template":"","format":"standard","meta":{"footnotes":"","_share_on_mastodon":"0"},"categories":[1839],"tags":[7507,3364,29,238853,30,1209,3587],"class_list":["post-1204847","post","type-post","status-publish","format-standard","has-post-thumbnail","category-bochum","tag-bochum","tag-de","tag-deutschland","tag-euv","tag-germany","tag-nordrhein-westfalen","tag-verkehr-mobilitaet"],"share_on_mastodon":{"url":"https:\/\/pubeurope.com\/@de\/117012472608674464","error":""},"_links":{"self":[{"href":"https:\/\/www.europesays.com\/de\/wp-json\/wp\/v2\/posts\/1204847","targetHints":{"allow":["GET"]}}],"collection":[{"href":"https:\/\/www.europesays.com\/de\/wp-json\/wp\/v2\/posts"}],"about":[{"href":"https:\/\/www.europesays.com\/de\/wp-json\/wp\/v2\/types\/post"}],"author":[{"embeddable":true,"href":"https:\/\/www.europesays.com\/de\/wp-json\/wp\/v2\/users\/2"}],"replies":[{"embeddable":true,"href":"https:\/\/www.europesays.com\/de\/wp-json\/wp\/v2\/comments?post=1204847"}],"version-history":[{"count":0,"href":"https:\/\/www.europesays.com\/de\/wp-json\/wp\/v2\/posts\/1204847\/revisions"}],"wp:featuredmedia":[{"embeddable":true,"href":"https:\/\/www.europesays.com\/de\/wp-json\/wp\/v2\/media\/1204848"}],"wp:attachment":[{"href":"https:\/\/www.europesays.com\/de\/wp-json\/wp\/v2\/media?parent=1204847"}],"wp:term":[{"taxonomy":"category","embeddable":true,"href":"https:\/\/www.europesays.com\/de\/wp-json\/wp\/v2\/categories?post=1204847"},{"taxonomy":"post_tag","embeddable":true,"href":"https:\/\/www.europesays.com\/de\/wp-json\/wp\/v2\/tags?post=1204847"}],"curies":[{"name":"wp","href":"https:\/\/api.w.org\/{rel}","templated":true}]}}